{"id":96124,"date":"2014-02-12T17:00:08","date_gmt":"2014-02-12T19:00:08","guid":{"rendered":"http:\/\/www.agrund.com\/?p=96124"},"modified":"2014-02-12T14:43:08","modified_gmt":"2014-02-12T16:43:08","slug":"livro-reune-inspiracoes-de-oscar-de-la-renta","status":"publish","type":"post","link":"https:\/\/agrund.com\/index.php\/livro-reune-inspiracoes-de-oscar-de-la-renta\/","title":{"rendered":"Livro re\u00fane inspira\u00e7\u00f5es de Oscar de la Renta"},"content":{"rendered":"<p>Engana-se quem acha que h\u00e1 apenas lugar para a moda na vida de Oscar de la Renta. O designer acaba de anunciar que lan\u00e7ar\u00e1 um livro com suas mais diversas refer\u00eancias para cria\u00e7\u00e3o. Quer saber quais s\u00e3o?<br \/>\nO &#8220;The Style, Inspiration, and Life of Oscar de la Renta&#8221;, re\u00fanem mais de 100 imagens de jardins e decora\u00e7\u00f5es de casas de amigos do designer estilista como Sarah Jessica Parker, Hillary Clinton e Oprah Winfrey, al\u00e9m de editoriais antigos.<br \/>\nA publica\u00e7\u00e3o j\u00e1 est\u00e1 em pr\u00e9-venda atrav\u00e9s do oscardelarenta.com.<\/p>\n<div id=\"attachment_96125\" style=\"width: 618px\" class=\"wp-caption aligncenter\"><a href=\"https:\/\/i0.wp.com\/www.agrund.com\/wp-content\/uploads\/sites\/6\/2014\/02\/livro-reune-inspiracoes-de-oscar-de-la-renta.jpg\"><img aria-describedby=\"caption-attachment-96125\" data-attachment-id=\"96125\" data-permalink=\"https:\/\/agrund.com\/index.php\/livro-reune-inspiracoes-de-oscar-de-la-renta\/livro-reune-inspiracoes-de-oscar-de-la-renta\/\" data-orig-file=\"https:\/\/i0.wp.com\/agrund.com\/wp-content\/uploads\/sites\/6\/2014\/02\/livro-reune-inspiracoes-de-oscar-de-la-renta.jpg?fit=608%2C800&amp;ssl=1\" data-orig-size=\"608,800\" data-comments-opened=\"1\" data-image-meta=\"{&quot;aperture&quot;:&quot;0&quot;,&quot;credit&quot;:&quot;&quot;,&quot;camera&quot;:&quot;&quot;,&quot;caption&quot;:&quot;&quot;,&quot;created_timestamp&quot;:&quot;0&quot;,&quot;copyright&quot;:&quot;&quot;,&quot;focal_length&quot;:&quot;0&quot;,&quot;iso&quot;:&quot;0&quot;,&quot;shutter_speed&quot;:&quot;0&quot;,&quot;title&quot;:&quot;&quot;,&quot;orientation&quot;:&quot;0&quot;}\" data-image-title=\"livro-reune-inspiracoes-de-oscar-de-la-renta\" data-image-description=\"\" data-image-caption=\"&lt;p&gt;Livro re\u00fane inspira\u00e7\u00f5es de Oscar de la Renta &lt;\/p&gt;\n\" data-medium-file=\"https:\/\/i0.wp.com\/agrund.com\/wp-content\/uploads\/sites\/6\/2014\/02\/livro-reune-inspiracoes-de-oscar-de-la-renta.jpg?fit=228%2C300&amp;ssl=1\" data-large-file=\"https:\/\/i0.wp.com\/agrund.com\/wp-content\/uploads\/sites\/6\/2014\/02\/livro-reune-inspiracoes-de-oscar-de-la-renta.jpg?fit=608%2C800&amp;ssl=1\" decoding=\"async\" loading=\"lazy\" class=\"size-large wp-image-96125\" alt=\"Livro re\u00fane inspira\u00e7\u00f5es de Oscar de la Renta \" src=\"https:\/\/i0.wp.com\/www.agrund.com\/wp-content\/uploads\/sites\/6\/cache\/2014\/02\/livro-reune-inspiracoes-de-oscar-de-la-renta\/332868392.jpg?resize=608%2C800\" width=\"608\" height=\"800\" data-recalc-dims=\"1\" \/><\/a><p id=\"caption-attachment-96125\" class=\"wp-caption-text\">Livro re\u00fane inspira\u00e7\u00f5es de Oscar de la Renta<\/p><\/div>\n<p>Imagem: Reprodu\u00e7\u00e3o.<\/p>\n","protected":false},"excerpt":{"rendered":"<p>Engana-se quem acha que h\u00e1 apenas lugar para a moda na vida de Oscar de la Renta. O designer acaba de anunciar que lan\u00e7ar\u00e1 um livro com suas mais diversas refer\u00eancias para cria\u00e7\u00e3o. Quer saber quais s\u00e3o? O &#8220;The Style, Inspiration, and Life of Oscar de la Renta&#8221;, re\u00fanem mais de 100 imagens de jardins [&hellip;]<\/p>\n","protected":false},"author":1,"featured_media":96126,"comment_status":"open","ping_status":"open","sticky":false,"template":"","format":"standard","meta":{"jetpack_post_was_ever_published":false,"_jetpack_newsletter_access":"","jetpack_publicize_message":"","jetpack_is_tweetstorm":false,"jetpack_publicize_feature_enabled":true,"jetpack_social_post_already_shared":true,"jetpack_social_options":{"image_generator_settings":{"template":"highway","enabled":false}}},"categories":[2],"tags":[],"jetpack_publicize_connections":[],"jetpack_featured_media_url":"https:\/\/i0.wp.com\/agrund.com\/wp-content\/uploads\/sites\/6\/2014\/02\/slide79.jpg?fit=960%2C300&ssl=1","jetpack_sharing_enabled":true,"jetpack_shortlink":"https:\/\/wp.me\/p3Hz0n-p0o","jetpack_likes_enabled":true,"_links":{"self":[{"href":"https:\/\/agrund.com\/index.php\/wp-json\/wp\/v2\/posts\/96124"}],"collection":[{"href":"https:\/\/agrund.com\/index.php\/wp-json\/wp\/v2\/posts"}],"about":[{"href":"https:\/\/agrund.com\/index.php\/wp-json\/wp\/v2\/types\/post"}],"author":[{"embeddable":true,"href":"https:\/\/agrund.com\/index.php\/wp-json\/wp\/v2\/users\/1"}],"replies":[{"embeddable":true,"href":"https:\/\/agrund.com\/index.php\/wp-json\/wp\/v2\/comments?post=96124"}],"version-history":[{"count":0,"href":"https:\/\/agrund.com\/index.php\/wp-json\/wp\/v2\/posts\/96124\/revisions"}],"wp:featuredmedia":[{"embeddable":true,"href":"https:\/\/agrund.com\/index.php\/wp-json\/wp\/v2\/media\/96126"}],"wp:attachment":[{"href":"https:\/\/agrund.com\/index.php\/wp-json\/wp\/v2\/media?parent=96124"}],"wp:term":[{"taxonomy":"category","embeddable":true,"href":"https:\/\/agrund.com\/index.php\/wp-json\/wp\/v2\/categories?post=96124"},{"taxonomy":"post_tag","embeddable":true,"href":"https:\/\/agrund.com\/index.php\/wp-json\/wp\/v2\/tags?post=96124"}],"curies":[{"name":"wp","href":"https:\/\/api.w.org\/{rel}","templated":true}]}}