{"id":96042,"date":"2014-02-12T15:00:45","date_gmt":"2014-02-12T17:00:45","guid":{"rendered":"http:\/\/www.agrund.com\/?p=96042"},"modified":"2014-02-12T09:51:01","modified_gmt":"2014-02-12T11:51:01","slug":"simultaneamente-hugo-frasa-e-adam-nankervis-na-galeria-emma-thomas","status":"publish","type":"post","link":"https:\/\/agrund.com\/index.php\/simultaneamente-hugo-frasa-e-adam-nankervis-na-galeria-emma-thomas\/","title":{"rendered":"Simultaneamente :: Hugo Frasa e  Adam Nankervis na Galeria Emma Thomas"},"content":{"rendered":"<p>No pr\u00f3ximo s\u00e1bado (15) a galeria Emma Thomas inaugura simultaneamente as exposi\u00e7\u014des \u201cN.A.A.T.\u201d, do paulistano Hugo Frasa, e \u201cUpon a painted ocean&#8230;\u201d, do australiano Adam Nankervis. &#8220;N.A.A.T.&#8221;, a primeira exposi\u00e7\u00e3o individual de Hugo Frasa, ocupa a sala principal da galeria. O artista tra\u00e7a um panorama de sua produ\u00e7\u00e3o, tendo como ponto de partida a s\u00e9rie de pinturas in\u00e9ditas, produzidas entre 2013 e 2014 com spray de tinta, numa forma de observa\u00e7\u00e3o ir\u00f4nica \u00e0 difus\u00e3o contempor\u00e2nea do concretismo brasileiro. Hugo evidencia seu processo de cria\u00e7\u00e3o apresentando uma constela\u00e7\u00e3o de obras composta por pinturas, fotos, objetos, m\u00fasica, v\u00eddeo e uma instala\u00e7\u00e3o. O projeto expogr\u00e1fico e curadoria s\u00e3o do arquiteto Fernando Falcon.<\/p>\n<p>As amostras estar\u00e3o na galeria at\u00e9 o dia 22 de mar\u00e7o. Fica a dica!<\/p>\n<p>Servi\u00e7o:<br \/>\n\u201cN.A.A.T.\u201d, por Hugo Frasa, e \u201cUpon a painted Ocean&#8230;\u201d, por Adam Nankervis @ Galeria Emma Thomas<br \/>\nAbertura: 15 de fevereiro, s\u00e1bado, das 12h \u00e0s 18h<br \/>\nPer\u00edodo expositivo: 15 de fevereiro a 22 de mar\u00e7o<br \/>\nRua Estados Unidos, 2205, Jardins \u2013 S\u00e3o Paulo<\/p>\n<div id=\"attachment_96046\" style=\"width: 560px\" class=\"wp-caption aligncenter\"><a href=\"https:\/\/i0.wp.com\/www.agrund.com\/wp-content\/uploads\/sites\/6\/2014\/02\/AdamNankervis1.jpg\"><img aria-describedby=\"caption-attachment-96046\" data-attachment-id=\"96046\" data-permalink=\"https:\/\/agrund.com\/index.php\/simultaneamente-hugo-frasa-e-adam-nankervis-na-galeria-emma-thomas\/adamnankervis1\/\" data-orig-file=\"https:\/\/i0.wp.com\/agrund.com\/wp-content\/uploads\/sites\/6\/2014\/02\/AdamNankervis1.jpg?fit=550%2C730&amp;ssl=1\" data-orig-size=\"550,730\" data-comments-opened=\"1\" data-image-meta=\"{&quot;aperture&quot;:&quot;0&quot;,&quot;credit&quot;:&quot;&quot;,&quot;camera&quot;:&quot;&quot;,&quot;caption&quot;:&quot;&quot;,&quot;created_timestamp&quot;:&quot;0&quot;,&quot;copyright&quot;:&quot;&quot;,&quot;focal_length&quot;:&quot;0&quot;,&quot;iso&quot;:&quot;0&quot;,&quot;shutter_speed&quot;:&quot;0&quot;,&quot;title&quot;:&quot;&quot;,&quot;orientation&quot;:&quot;0&quot;}\" data-image-title=\"AdamNankervis1\" data-image-description=\"\" data-image-caption=\"&lt;p&gt;Adam Nankervis&lt;\/p&gt;\n\" data-medium-file=\"https:\/\/i0.wp.com\/agrund.com\/wp-content\/uploads\/sites\/6\/2014\/02\/AdamNankervis1.jpg?fit=226%2C300&amp;ssl=1\" data-large-file=\"https:\/\/i0.wp.com\/agrund.com\/wp-content\/uploads\/sites\/6\/2014\/02\/AdamNankervis1.jpg?fit=550%2C730&amp;ssl=1\" decoding=\"async\" loading=\"lazy\" class=\"size-large wp-image-96046\" alt=\"Adam Nankervis\" src=\"https:\/\/i0.wp.com\/www.agrund.com\/wp-content\/uploads\/sites\/6\/cache\/2014\/02\/AdamNankervis1\/2015523793.jpg?resize=550%2C730\" width=\"550\" height=\"730\" data-recalc-dims=\"1\" \/><\/a><p id=\"caption-attachment-96046\" class=\"wp-caption-text\">Adam Nankervis<\/p><\/div>\n<div id=\"attachment_96043\" style=\"width: 560px\" class=\"wp-caption aligncenter\"><a href=\"https:\/\/i0.wp.com\/www.agrund.com\/wp-content\/uploads\/sites\/6\/2014\/02\/AdamNankervis3.jpg\"><img aria-describedby=\"caption-attachment-96043\" data-attachment-id=\"96043\" data-permalink=\"https:\/\/agrund.com\/index.php\/simultaneamente-hugo-frasa-e-adam-nankervis-na-galeria-emma-thomas\/adamnankervis3\/\" data-orig-file=\"https:\/\/i0.wp.com\/agrund.com\/wp-content\/uploads\/sites\/6\/2014\/02\/AdamNankervis3.jpg?fit=550%2C733&amp;ssl=1\" data-orig-size=\"550,733\" data-comments-opened=\"1\" data-image-meta=\"{&quot;aperture&quot;:&quot;0&quot;,&quot;credit&quot;:&quot;&quot;,&quot;camera&quot;:&quot;&quot;,&quot;caption&quot;:&quot;&quot;,&quot;created_timestamp&quot;:&quot;0&quot;,&quot;copyright&quot;:&quot;&quot;,&quot;focal_length&quot;:&quot;0&quot;,&quot;iso&quot;:&quot;0&quot;,&quot;shutter_speed&quot;:&quot;0&quot;,&quot;title&quot;:&quot;&quot;,&quot;orientation&quot;:&quot;0&quot;}\" data-image-title=\"AdamNankervis3\" data-image-description=\"\" data-image-caption=\"&lt;p&gt;Adam Nankervis&lt;\/p&gt;\n\" data-medium-file=\"https:\/\/i0.wp.com\/agrund.com\/wp-content\/uploads\/sites\/6\/2014\/02\/AdamNankervis3.jpg?fit=225%2C300&amp;ssl=1\" data-large-file=\"https:\/\/i0.wp.com\/agrund.com\/wp-content\/uploads\/sites\/6\/2014\/02\/AdamNankervis3.jpg?fit=550%2C733&amp;ssl=1\" decoding=\"async\" loading=\"lazy\" class=\"size-large wp-image-96043\" alt=\"Adam Nankervis\" src=\"https:\/\/i0.wp.com\/www.agrund.com\/wp-content\/uploads\/sites\/6\/cache\/2014\/02\/AdamNankervis3\/973567148.jpg?resize=550%2C733\" width=\"550\" height=\"733\" data-recalc-dims=\"1\" \/><\/a><p id=\"caption-attachment-96043\" class=\"wp-caption-text\">Adam Nankervis<\/p><\/div>\n<div id=\"attachment_96044\" style=\"width: 560px\" class=\"wp-caption aligncenter\"><a href=\"https:\/\/i0.wp.com\/www.agrund.com\/wp-content\/uploads\/sites\/6\/2014\/02\/HugoFrasa6.jpg\"><img aria-describedby=\"caption-attachment-96044\" data-attachment-id=\"96044\" data-permalink=\"https:\/\/agrund.com\/index.php\/simultaneamente-hugo-frasa-e-adam-nankervis-na-galeria-emma-thomas\/hugofrasa6\/\" data-orig-file=\"https:\/\/i0.wp.com\/agrund.com\/wp-content\/uploads\/sites\/6\/2014\/02\/HugoFrasa6.jpg?fit=550%2C550&amp;ssl=1\" data-orig-size=\"550,550\" data-comments-opened=\"1\" data-image-meta=\"{&quot;aperture&quot;:&quot;0&quot;,&quot;credit&quot;:&quot;&quot;,&quot;camera&quot;:&quot;&quot;,&quot;caption&quot;:&quot;&quot;,&quot;created_timestamp&quot;:&quot;0&quot;,&quot;copyright&quot;:&quot;&quot;,&quot;focal_length&quot;:&quot;0&quot;,&quot;iso&quot;:&quot;0&quot;,&quot;shutter_speed&quot;:&quot;0&quot;,&quot;title&quot;:&quot;&quot;,&quot;orientation&quot;:&quot;0&quot;}\" data-image-title=\"HugoFrasa6\" data-image-description=\"\" data-image-caption=\"&lt;p&gt;Hugo Frasa&lt;\/p&gt;\n\" data-medium-file=\"https:\/\/i0.wp.com\/agrund.com\/wp-content\/uploads\/sites\/6\/2014\/02\/HugoFrasa6.jpg?fit=300%2C300&amp;ssl=1\" data-large-file=\"https:\/\/i0.wp.com\/agrund.com\/wp-content\/uploads\/sites\/6\/2014\/02\/HugoFrasa6.jpg?fit=550%2C550&amp;ssl=1\" decoding=\"async\" loading=\"lazy\" class=\"size-large wp-image-96044\" alt=\"Hugo Frasa\" src=\"https:\/\/i0.wp.com\/www.agrund.com\/wp-content\/uploads\/sites\/6\/cache\/2014\/02\/HugoFrasa6\/1299133831.jpg?resize=550%2C550\" width=\"550\" height=\"550\" data-recalc-dims=\"1\" \/><\/a><p id=\"caption-attachment-96044\" class=\"wp-caption-text\">Hugo Frasa<\/p><\/div>\n<div id=\"attachment_96045\" style=\"width: 560px\" class=\"wp-caption aligncenter\"><a href=\"https:\/\/i0.wp.com\/www.agrund.com\/wp-content\/uploads\/sites\/6\/2014\/02\/HugoFrasa7.jpg\"><img aria-describedby=\"caption-attachment-96045\" data-attachment-id=\"96045\" data-permalink=\"https:\/\/agrund.com\/index.php\/simultaneamente-hugo-frasa-e-adam-nankervis-na-galeria-emma-thomas\/hugofrasa7\/\" data-orig-file=\"https:\/\/i0.wp.com\/agrund.com\/wp-content\/uploads\/sites\/6\/2014\/02\/HugoFrasa7.jpg?fit=550%2C550&amp;ssl=1\" data-orig-size=\"550,550\" data-comments-opened=\"1\" data-image-meta=\"{&quot;aperture&quot;:&quot;0&quot;,&quot;credit&quot;:&quot;&quot;,&quot;camera&quot;:&quot;&quot;,&quot;caption&quot;:&quot;&quot;,&quot;created_timestamp&quot;:&quot;0&quot;,&quot;copyright&quot;:&quot;&quot;,&quot;focal_length&quot;:&quot;0&quot;,&quot;iso&quot;:&quot;0&quot;,&quot;shutter_speed&quot;:&quot;0&quot;,&quot;title&quot;:&quot;&quot;,&quot;orientation&quot;:&quot;0&quot;}\" data-image-title=\"HugoFrasa7\" data-image-description=\"\" data-image-caption=\"&lt;p&gt;Hugo Frasa&lt;\/p&gt;\n\" data-medium-file=\"https:\/\/i0.wp.com\/agrund.com\/wp-content\/uploads\/sites\/6\/2014\/02\/HugoFrasa7.jpg?fit=300%2C300&amp;ssl=1\" data-large-file=\"https:\/\/i0.wp.com\/agrund.com\/wp-content\/uploads\/sites\/6\/2014\/02\/HugoFrasa7.jpg?fit=550%2C550&amp;ssl=1\" decoding=\"async\" loading=\"lazy\" class=\"size-large wp-image-96045\" alt=\"Hugo Frasa\" src=\"https:\/\/i0.wp.com\/www.agrund.com\/wp-content\/uploads\/sites\/6\/cache\/2014\/02\/HugoFrasa7\/2177185049.jpg?resize=550%2C550\" width=\"550\" height=\"550\" data-recalc-dims=\"1\" \/><\/a><p id=\"caption-attachment-96045\" class=\"wp-caption-text\">Hugo Frasa<\/p><\/div>\n<p>Imagens: Divulga\u00e7\u00e3o.<\/p>\n","protected":false},"excerpt":{"rendered":"<p>No pr\u00f3ximo s\u00e1bado (15) a galeria Emma Thomas inaugura simultaneamente as exposi\u00e7\u014des \u201cN.A.A.T.\u201d, do paulistano Hugo Frasa, e \u201cUpon a painted ocean&#8230;\u201d, do australiano Adam Nankervis. &#8220;N.A.A.T.&#8221;, a primeira exposi\u00e7\u00e3o individual de Hugo Frasa, ocupa a sala principal da galeria. O artista tra\u00e7a um panorama de sua produ\u00e7\u00e3o, tendo como ponto de partida a s\u00e9rie [&hellip;]<\/p>\n","protected":false},"author":1,"featured_media":96047,"comment_status":"open","ping_status":"open","sticky":false,"template":"","format":"standard","meta":{"jetpack_post_was_ever_published":false,"_jetpack_newsletter_access":"","jetpack_publicize_message":"","jetpack_is_tweetstorm":false,"jetpack_publicize_feature_enabled":true,"jetpack_social_post_already_shared":true,"jetpack_social_options":{"image_generator_settings":{"template":"highway","enabled":false}}},"categories":[2],"tags":[],"jetpack_publicize_connections":[],"jetpack_featured_media_url":"https:\/\/i0.wp.com\/agrund.com\/wp-content\/uploads\/sites\/6\/2014\/02\/slide74.jpg?fit=960%2C300&ssl=1","jetpack_sharing_enabled":true,"jetpack_shortlink":"https:\/\/wp.me\/p3Hz0n-oZ4","jetpack_likes_enabled":true,"_links":{"self":[{"href":"https:\/\/agrund.com\/index.php\/wp-json\/wp\/v2\/posts\/96042"}],"collection":[{"href":"https:\/\/agrund.com\/index.php\/wp-json\/wp\/v2\/posts"}],"about":[{"href":"https:\/\/agrund.com\/index.php\/wp-json\/wp\/v2\/types\/post"}],"author":[{"embeddable":true,"href":"https:\/\/agrund.com\/index.php\/wp-json\/wp\/v2\/users\/1"}],"replies":[{"embeddable":true,"href":"https:\/\/agrund.com\/index.php\/wp-json\/wp\/v2\/comments?post=96042"}],"version-history":[{"count":0,"href":"https:\/\/agrund.com\/index.php\/wp-json\/wp\/v2\/posts\/96042\/revisions"}],"wp:featuredmedia":[{"embeddable":true,"href":"https:\/\/agrund.com\/index.php\/wp-json\/wp\/v2\/media\/96047"}],"wp:attachment":[{"href":"https:\/\/agrund.com\/index.php\/wp-json\/wp\/v2\/media?parent=96042"}],"wp:term":[{"taxonomy":"category","embeddable":true,"href":"https:\/\/agrund.com\/index.php\/wp-json\/wp\/v2\/categories?post=96042"},{"taxonomy":"post_tag","embeddable":true,"href":"https:\/\/agrund.com\/index.php\/wp-json\/wp\/v2\/tags?post=96042"}],"curies":[{"name":"wp","href":"https:\/\/api.w.org\/{rel}","templated":true}]}}