{"id":96021,"date":"2014-02-12T12:00:57","date_gmt":"2014-02-12T14:00:57","guid":{"rendered":"http:\/\/www.agrund.com\/?p=96021"},"modified":"2014-02-12T09:34:02","modified_gmt":"2014-02-12T11:34:02","slug":"looks-por-ju-ali-19","status":"publish","type":"post","link":"https:\/\/agrund.com\/index.php\/looks-por-ju-ali-19\/","title":{"rendered":"Looks por Ju Ali"},"content":{"rendered":"<p><strong>Coco Rocha:<\/strong> Achei bel\u00edssima. Talvez tiraria uma das cores do vestido&#8230; Ficou um pouco mai\u00f4 de nata\u00e7\u00e3o demais, sabe? Mas o corte e desenho da pe\u00e7a s\u00e3o incr\u00edveis. Make tamb\u00e9m est\u00e1 excepcional. Cabelo, nem tanto.<\/p>\n<div>\n<div id=\"attachment_96022\" style=\"width: 560px\" class=\"wp-caption aligncenter\"><a href=\"https:\/\/i0.wp.com\/www.agrund.com\/wp-content\/uploads\/sites\/6\/2014\/02\/coco-rocha.jpg\"><img aria-describedby=\"caption-attachment-96022\" data-attachment-id=\"96022\" data-permalink=\"https:\/\/agrund.com\/index.php\/looks-por-ju-ali-19\/coco-rocha-2\/\" data-orig-file=\"https:\/\/i0.wp.com\/agrund.com\/wp-content\/uploads\/sites\/6\/2014\/02\/coco-rocha.jpg?fit=550%2C826&amp;ssl=1\" data-orig-size=\"550,826\" data-comments-opened=\"1\" data-image-meta=\"{&quot;aperture&quot;:&quot;0&quot;,&quot;credit&quot;:&quot;&quot;,&quot;camera&quot;:&quot;&quot;,&quot;caption&quot;:&quot;&quot;,&quot;created_timestamp&quot;:&quot;0&quot;,&quot;copyright&quot;:&quot;&quot;,&quot;focal_length&quot;:&quot;0&quot;,&quot;iso&quot;:&quot;0&quot;,&quot;shutter_speed&quot;:&quot;0&quot;,&quot;title&quot;:&quot;&quot;,&quot;orientation&quot;:&quot;0&quot;}\" data-image-title=\"coco-rocha\" data-image-description=\"\" data-image-caption=\"&lt;p&gt;Coco Rocha&lt;\/p&gt;\n\" data-medium-file=\"https:\/\/i0.wp.com\/agrund.com\/wp-content\/uploads\/sites\/6\/2014\/02\/coco-rocha.jpg?fit=200%2C300&amp;ssl=1\" data-large-file=\"https:\/\/i0.wp.com\/agrund.com\/wp-content\/uploads\/sites\/6\/2014\/02\/coco-rocha.jpg?fit=550%2C826&amp;ssl=1\" decoding=\"async\" loading=\"lazy\" class=\"size-large wp-image-96022\" alt=\"Coco Rocha\" src=\"https:\/\/i0.wp.com\/www.agrund.com\/wp-content\/uploads\/sites\/6\/cache\/2014\/02\/coco-rocha\/554463521.jpg?resize=550%2C826\" width=\"550\" height=\"826\" data-recalc-dims=\"1\" \/><\/a><p id=\"caption-attachment-96022\" class=\"wp-caption-text\">Coco Rocha<\/p><\/div>\n<\/div>\n<div><strong>Diane Kruger:<\/strong> Linda com um look t\u00edpico de Peter Pilotto. Amei a clutch com a estrela da cal\u00e7ada da Fama!!!! Agora, esse cabelinho preso b\u00e1sico j\u00e1 enjoou, n\u00e9? Diane s\u00f3 sai assim&#8230; Vamos variar?<\/div>\n<div>\n<div id=\"attachment_96023\" style=\"width: 560px\" class=\"wp-caption aligncenter\"><a href=\"https:\/\/i0.wp.com\/www.agrund.com\/wp-content\/uploads\/sites\/6\/2014\/02\/Diane-Kruger.jpg\"><img aria-describedby=\"caption-attachment-96023\" data-attachment-id=\"96023\" data-permalink=\"https:\/\/agrund.com\/index.php\/looks-por-ju-ali-19\/diane-kruger-6\/\" data-orig-file=\"https:\/\/i0.wp.com\/agrund.com\/wp-content\/uploads\/sites\/6\/2014\/02\/Diane-Kruger.jpg?fit=550%2C834&amp;ssl=1\" data-orig-size=\"550,834\" data-comments-opened=\"1\" data-image-meta=\"{&quot;aperture&quot;:&quot;0&quot;,&quot;credit&quot;:&quot;&quot;,&quot;camera&quot;:&quot;&quot;,&quot;caption&quot;:&quot;&quot;,&quot;created_timestamp&quot;:&quot;0&quot;,&quot;copyright&quot;:&quot;&quot;,&quot;focal_length&quot;:&quot;0&quot;,&quot;iso&quot;:&quot;0&quot;,&quot;shutter_speed&quot;:&quot;0&quot;,&quot;title&quot;:&quot;&quot;,&quot;orientation&quot;:&quot;0&quot;}\" data-image-title=\"Diane-Kruger\" data-image-description=\"\" data-image-caption=\"&lt;p&gt;Diane Kruger&lt;\/p&gt;\n\" data-medium-file=\"https:\/\/i0.wp.com\/agrund.com\/wp-content\/uploads\/sites\/6\/2014\/02\/Diane-Kruger.jpg?fit=198%2C300&amp;ssl=1\" data-large-file=\"https:\/\/i0.wp.com\/agrund.com\/wp-content\/uploads\/sites\/6\/2014\/02\/Diane-Kruger.jpg?fit=550%2C834&amp;ssl=1\" decoding=\"async\" loading=\"lazy\" class=\"size-large wp-image-96023\" alt=\"Diane Kruger\" src=\"https:\/\/i0.wp.com\/www.agrund.com\/wp-content\/uploads\/sites\/6\/cache\/2014\/02\/Diane-Kruger\/825871258.jpg?resize=550%2C834\" width=\"550\" height=\"834\" data-recalc-dims=\"1\" \/><\/a><p id=\"caption-attachment-96023\" class=\"wp-caption-text\">Diane Kruger<\/p><\/div>\n<\/div>\n<div><\/div>\n<div><strong>Emmy Rossum:<\/strong> Careta no \u00faltimo!!!! A camisa fechadinha + a saia m\u00eddi + essa renda branquinha&#8230; Parece que Emmy t\u00e1 indo casar no civil.<\/div>\n<div>\n<div id=\"attachment_96024\" style=\"width: 560px\" class=\"wp-caption aligncenter\"><a href=\"https:\/\/i0.wp.com\/www.agrund.com\/wp-content\/uploads\/sites\/6\/2014\/02\/emmy-rossum.jpg\"><img aria-describedby=\"caption-attachment-96024\" data-attachment-id=\"96024\" data-permalink=\"https:\/\/agrund.com\/index.php\/looks-por-ju-ali-19\/emmy-rossum-4\/\" data-orig-file=\"https:\/\/i0.wp.com\/agrund.com\/wp-content\/uploads\/sites\/6\/2014\/02\/emmy-rossum.jpg?fit=550%2C645&amp;ssl=1\" data-orig-size=\"550,645\" data-comments-opened=\"1\" data-image-meta=\"{&quot;aperture&quot;:&quot;0&quot;,&quot;credit&quot;:&quot;&quot;,&quot;camera&quot;:&quot;&quot;,&quot;caption&quot;:&quot;&quot;,&quot;created_timestamp&quot;:&quot;0&quot;,&quot;copyright&quot;:&quot;&quot;,&quot;focal_length&quot;:&quot;0&quot;,&quot;iso&quot;:&quot;0&quot;,&quot;shutter_speed&quot;:&quot;0&quot;,&quot;title&quot;:&quot;&quot;,&quot;orientation&quot;:&quot;0&quot;}\" data-image-title=\"emmy-rossum\" data-image-description=\"\" data-image-caption=\"&lt;p&gt;Emmy Rossum&lt;\/p&gt;\n\" data-medium-file=\"https:\/\/i0.wp.com\/agrund.com\/wp-content\/uploads\/sites\/6\/2014\/02\/emmy-rossum.jpg?fit=256%2C300&amp;ssl=1\" data-large-file=\"https:\/\/i0.wp.com\/agrund.com\/wp-content\/uploads\/sites\/6\/2014\/02\/emmy-rossum.jpg?fit=550%2C645&amp;ssl=1\" decoding=\"async\" loading=\"lazy\" class=\"size-large wp-image-96024\" alt=\"Emmy Rossum\" src=\"https:\/\/i0.wp.com\/www.agrund.com\/wp-content\/uploads\/sites\/6\/cache\/2014\/02\/emmy-rossum\/2276871158.jpg?resize=550%2C645\" width=\"550\" height=\"645\" data-recalc-dims=\"1\" \/><\/a><p id=\"caption-attachment-96024\" class=\"wp-caption-text\">Emmy Rossum<\/p><\/div>\n<\/div>\n<div><\/div>\n<div><strong>Karolina Kurkova:<\/strong> Chique e sexy, mas o look \u00e9 meio batido. Quantas vezes nos \u00faltimos dois anos vimos celebrities vestidas assim?<\/div>\n<div>\n<div id=\"attachment_96025\" style=\"width: 560px\" class=\"wp-caption aligncenter\"><a href=\"https:\/\/i0.wp.com\/www.agrund.com\/wp-content\/uploads\/sites\/6\/2014\/02\/karolina-kurkova.jpg\"><img aria-describedby=\"caption-attachment-96025\" data-attachment-id=\"96025\" data-permalink=\"https:\/\/agrund.com\/index.php\/looks-por-ju-ali-19\/karolina-kurkova\/\" data-orig-file=\"https:\/\/i0.wp.com\/agrund.com\/wp-content\/uploads\/sites\/6\/2014\/02\/karolina-kurkova.jpg?fit=550%2C825&amp;ssl=1\" data-orig-size=\"550,825\" data-comments-opened=\"1\" data-image-meta=\"{&quot;aperture&quot;:&quot;0&quot;,&quot;credit&quot;:&quot;&quot;,&quot;camera&quot;:&quot;&quot;,&quot;caption&quot;:&quot;&quot;,&quot;created_timestamp&quot;:&quot;0&quot;,&quot;copyright&quot;:&quot;&quot;,&quot;focal_length&quot;:&quot;0&quot;,&quot;iso&quot;:&quot;0&quot;,&quot;shutter_speed&quot;:&quot;0&quot;,&quot;title&quot;:&quot;&quot;,&quot;orientation&quot;:&quot;0&quot;}\" data-image-title=\"karolina-kurkova\" data-image-description=\"\" data-image-caption=\"&lt;p&gt;Karolina Kurkova&lt;\/p&gt;\n\" data-medium-file=\"https:\/\/i0.wp.com\/agrund.com\/wp-content\/uploads\/sites\/6\/2014\/02\/karolina-kurkova.jpg?fit=200%2C300&amp;ssl=1\" data-large-file=\"https:\/\/i0.wp.com\/agrund.com\/wp-content\/uploads\/sites\/6\/2014\/02\/karolina-kurkova.jpg?fit=550%2C825&amp;ssl=1\" decoding=\"async\" loading=\"lazy\" class=\"size-large wp-image-96025\" alt=\"Karolina Kurkova\" src=\"https:\/\/i0.wp.com\/www.agrund.com\/wp-content\/uploads\/sites\/6\/cache\/2014\/02\/karolina-kurkova\/1198584483.jpg?resize=550%2C825\" width=\"550\" height=\"825\" data-recalc-dims=\"1\" \/><\/a><p id=\"caption-attachment-96025\" class=\"wp-caption-text\">Karolina Kurkova<\/p><\/div>\n<\/div>\n<div><\/div>\n<div><strong>Lily Aldridge:<\/strong> Perfeita!!!!!! Essa n\u00e3o ganhou nota 10, \u00e9 a pr\u00f3pria mulher nota mil!!!!! Original, delicada, feminina, clean, elegante. Lily uniu tudo o que algu\u00e9m deve buscar em um look festa. Me imaginei aplaudindo de p\u00e9 agora mesmo!<\/div>\n<div>\n<div id=\"attachment_96026\" style=\"width: 560px\" class=\"wp-caption aligncenter\"><a href=\"https:\/\/i0.wp.com\/www.agrund.com\/wp-content\/uploads\/sites\/6\/2014\/02\/lily-aldridge.jpg\"><img aria-describedby=\"caption-attachment-96026\" data-attachment-id=\"96026\" data-permalink=\"https:\/\/agrund.com\/index.php\/looks-por-ju-ali-19\/lily-aldridge\/\" data-orig-file=\"https:\/\/i0.wp.com\/agrund.com\/wp-content\/uploads\/sites\/6\/2014\/02\/lily-aldridge.jpg?fit=550%2C817&amp;ssl=1\" data-orig-size=\"550,817\" data-comments-opened=\"1\" data-image-meta=\"{&quot;aperture&quot;:&quot;0&quot;,&quot;credit&quot;:&quot;&quot;,&quot;camera&quot;:&quot;&quot;,&quot;caption&quot;:&quot;&quot;,&quot;created_timestamp&quot;:&quot;0&quot;,&quot;copyright&quot;:&quot;&quot;,&quot;focal_length&quot;:&quot;0&quot;,&quot;iso&quot;:&quot;0&quot;,&quot;shutter_speed&quot;:&quot;0&quot;,&quot;title&quot;:&quot;&quot;,&quot;orientation&quot;:&quot;0&quot;}\" data-image-title=\"lily-aldridge\" data-image-description=\"\" data-image-caption=\"&lt;p&gt;Lily Aldridge&lt;\/p&gt;\n\" data-medium-file=\"https:\/\/i0.wp.com\/agrund.com\/wp-content\/uploads\/sites\/6\/2014\/02\/lily-aldridge.jpg?fit=202%2C300&amp;ssl=1\" data-large-file=\"https:\/\/i0.wp.com\/agrund.com\/wp-content\/uploads\/sites\/6\/2014\/02\/lily-aldridge.jpg?fit=550%2C817&amp;ssl=1\" decoding=\"async\" loading=\"lazy\" class=\"size-large wp-image-96026\" alt=\"Lily Aldridge\" src=\"https:\/\/i0.wp.com\/www.agrund.com\/wp-content\/uploads\/sites\/6\/cache\/2014\/02\/lily-aldridge\/1779268723.jpg?resize=550%2C817\" width=\"550\" height=\"817\" data-recalc-dims=\"1\" \/><\/a><p id=\"caption-attachment-96026\" class=\"wp-caption-text\">Lily Aldridge<\/p><\/div>\n<\/div>\n<div><\/div>\n<div><strong>Lupita Nyongo:<\/strong> Lupita, vamos levar um papo. Voc\u00ea \u00e9 hoje em dia uma das atrizes mais bonitas e celebradas de Hollywood. Bela, sexy, um mulher\u00e3o. Pode me contar o que est\u00e1 fazendo com esse vestido de crian\u00e7a? Tombou sua impon\u00eancia!!!! Parece uma menininha de 1o anos que vai jantar com a mam\u00e3e.<\/div>\n<div>\n<div id=\"attachment_96027\" style=\"width: 560px\" class=\"wp-caption aligncenter\"><a href=\"https:\/\/i0.wp.com\/www.agrund.com\/wp-content\/uploads\/sites\/6\/2014\/02\/Lupita-Nyongo.jpg\"><img aria-describedby=\"caption-attachment-96027\" data-attachment-id=\"96027\" data-permalink=\"https:\/\/agrund.com\/index.php\/looks-por-ju-ali-19\/lupita-nyongo-2\/\" data-orig-file=\"https:\/\/i0.wp.com\/agrund.com\/wp-content\/uploads\/sites\/6\/2014\/02\/Lupita-Nyongo.jpg?fit=550%2C767&amp;ssl=1\" data-orig-size=\"550,767\" data-comments-opened=\"1\" data-image-meta=\"{&quot;aperture&quot;:&quot;0&quot;,&quot;credit&quot;:&quot;&quot;,&quot;camera&quot;:&quot;&quot;,&quot;caption&quot;:&quot;&quot;,&quot;created_timestamp&quot;:&quot;0&quot;,&quot;copyright&quot;:&quot;&quot;,&quot;focal_length&quot;:&quot;0&quot;,&quot;iso&quot;:&quot;0&quot;,&quot;shutter_speed&quot;:&quot;0&quot;,&quot;title&quot;:&quot;&quot;}\" data-image-title=\"Lupita-Nyongo\" data-image-description=\"\" data-image-caption=\"&lt;p&gt;Lupita Nyongo&lt;\/p&gt;\n\" data-medium-file=\"https:\/\/i0.wp.com\/agrund.com\/wp-content\/uploads\/sites\/6\/2014\/02\/Lupita-Nyongo.jpg?fit=215%2C300&amp;ssl=1\" data-large-file=\"https:\/\/i0.wp.com\/agrund.com\/wp-content\/uploads\/sites\/6\/2014\/02\/Lupita-Nyongo.jpg?fit=550%2C767&amp;ssl=1\" decoding=\"async\" loading=\"lazy\" class=\"size-large wp-image-96027\" alt=\"Lupita Nyongo\" src=\"https:\/\/i0.wp.com\/www.agrund.com\/wp-content\/uploads\/sites\/6\/cache\/2014\/02\/Lupita-Nyongo\/4177634520.jpg?resize=550%2C767\" width=\"550\" height=\"767\" data-recalc-dims=\"1\" \/><\/a><p id=\"caption-attachment-96027\" class=\"wp-caption-text\">Lupita Nyongo<\/p><\/div>\n<\/div>\n<div><\/div>\n<div><strong>Olivia Palermo:<\/strong> Olivia sempre est\u00e1 bem, mas esse look n\u00e3o me chocou. T\u00e1 um pouco pesado, um pouco &#8220;vel\u00f3rio&#8221;, sabe? Se esse look estivesse na Katy Perry, eu daria nota 10 de acordo com o n\u00edvel de &#8220;eleg\u00e2ncia&#8221; da mesma. Mas, considerando que voc\u00ea \u00e9 Olivia Palermo, a maior it girl do mundo&#8230; N\u00e3o querida, n\u00e3o est\u00e1 \u00e0 sua altura.<\/div>\n<div><\/div>\n<div>\n<div id=\"attachment_96028\" style=\"width: 560px\" class=\"wp-caption aligncenter\"><a href=\"https:\/\/i0.wp.com\/www.agrund.com\/wp-content\/uploads\/sites\/6\/2014\/02\/olivia-palermo.jpg\"><img aria-describedby=\"caption-attachment-96028\" data-attachment-id=\"96028\" data-permalink=\"https:\/\/agrund.com\/index.php\/looks-por-ju-ali-19\/olivia-palermo-2\/\" data-orig-file=\"https:\/\/i0.wp.com\/agrund.com\/wp-content\/uploads\/sites\/6\/2014\/02\/olivia-palermo.jpg?fit=550%2C825&amp;ssl=1\" data-orig-size=\"550,825\" data-comments-opened=\"1\" data-image-meta=\"{&quot;aperture&quot;:&quot;0&quot;,&quot;credit&quot;:&quot;&quot;,&quot;camera&quot;:&quot;&quot;,&quot;caption&quot;:&quot;&quot;,&quot;created_timestamp&quot;:&quot;0&quot;,&quot;copyright&quot;:&quot;&quot;,&quot;focal_length&quot;:&quot;0&quot;,&quot;iso&quot;:&quot;0&quot;,&quot;shutter_speed&quot;:&quot;0&quot;,&quot;title&quot;:&quot;&quot;,&quot;orientation&quot;:&quot;0&quot;}\" data-image-title=\"olivia-palermo\" data-image-description=\"\" data-image-caption=\"&lt;p&gt;Olivia Palermo&lt;\/p&gt;\n\" data-medium-file=\"https:\/\/i0.wp.com\/agrund.com\/wp-content\/uploads\/sites\/6\/2014\/02\/olivia-palermo.jpg?fit=200%2C300&amp;ssl=1\" data-large-file=\"https:\/\/i0.wp.com\/agrund.com\/wp-content\/uploads\/sites\/6\/2014\/02\/olivia-palermo.jpg?fit=550%2C825&amp;ssl=1\" decoding=\"async\" loading=\"lazy\" class=\"size-large wp-image-96028\" alt=\"Olivia Palermo\" src=\"https:\/\/i0.wp.com\/www.agrund.com\/wp-content\/uploads\/sites\/6\/cache\/2014\/02\/olivia-palermo\/1852969594.jpg?resize=550%2C825\" width=\"550\" height=\"825\" data-recalc-dims=\"1\" \/><\/a><p id=\"caption-attachment-96028\" class=\"wp-caption-text\">Olivia Palermo<\/p><\/div>\n<\/div>\n<div><strong>Rita Ora:<\/strong> Rita, socorro, que ano \u00e9 hoje???? 1992???? A trend grunge est\u00e1 bombando, mas n\u00e3o precisa ser t\u00e3o literal. Te visualizo indo a um show do Pearl Jam agorinha, mas n\u00e3o de limo nem de jatinho, e sim de m\u00e1quina do tempo.<\/div>\n<div><\/div>\n<div>\n<div id=\"attachment_96029\" style=\"width: 560px\" class=\"wp-caption aligncenter\"><a href=\"https:\/\/i0.wp.com\/www.agrund.com\/wp-content\/uploads\/sites\/6\/2014\/02\/Rita+Ora.jpg\"><img aria-describedby=\"caption-attachment-96029\" data-attachment-id=\"96029\" data-permalink=\"https:\/\/agrund.com\/index.php\/looks-por-ju-ali-19\/ritaora\/\" data-orig-file=\"https:\/\/i0.wp.com\/agrund.com\/wp-content\/uploads\/sites\/6\/2014\/02\/Rita+Ora.jpg?fit=550%2C827&amp;ssl=1\" data-orig-size=\"550,827\" data-comments-opened=\"1\" data-image-meta=\"{&quot;aperture&quot;:&quot;0&quot;,&quot;credit&quot;:&quot;&quot;,&quot;camera&quot;:&quot;&quot;,&quot;caption&quot;:&quot;&quot;,&quot;created_timestamp&quot;:&quot;0&quot;,&quot;copyright&quot;:&quot;&quot;,&quot;focal_length&quot;:&quot;0&quot;,&quot;iso&quot;:&quot;0&quot;,&quot;shutter_speed&quot;:&quot;0&quot;,&quot;title&quot;:&quot;&quot;,&quot;orientation&quot;:&quot;0&quot;}\" data-image-title=\"Rita+Ora\" data-image-description=\"\" data-image-caption=\"&lt;p&gt;Rita Ora&lt;\/p&gt;\n\" data-medium-file=\"https:\/\/i0.wp.com\/agrund.com\/wp-content\/uploads\/sites\/6\/2014\/02\/Rita+Ora.jpg?fit=200%2C300&amp;ssl=1\" data-large-file=\"https:\/\/i0.wp.com\/agrund.com\/wp-content\/uploads\/sites\/6\/2014\/02\/Rita+Ora.jpg?fit=550%2C827&amp;ssl=1\" decoding=\"async\" loading=\"lazy\" class=\"size-large wp-image-96029\" alt=\"Rita Ora\" src=\"https:\/\/i0.wp.com\/www.agrund.com\/wp-content\/uploads\/sites\/6\/cache\/2014\/02\/Rita+Ora\/3781063685.jpg?resize=550%2C827\" width=\"550\" height=\"827\" data-recalc-dims=\"1\" \/><\/a><p id=\"caption-attachment-96029\" class=\"wp-caption-text\">Rita Ora<\/p><\/div>\n<\/div>\n<div><\/div>\n<div>Imagens: Reprodu\u00e7\u00e3o.<\/div>\n","protected":false},"excerpt":{"rendered":"<p>Coco Rocha: Achei bel\u00edssima. Talvez tiraria uma das cores do vestido&#8230; Ficou um pouco mai\u00f4 de nata\u00e7\u00e3o demais, sabe? Mas o corte e desenho da pe\u00e7a s\u00e3o incr\u00edveis. Make tamb\u00e9m est\u00e1 excepcional. Cabelo, nem tanto. Diane Kruger: Linda com um look t\u00edpico de Peter Pilotto. Amei a clutch com a estrela da cal\u00e7ada da Fama!!!! [&hellip;]<\/p>\n","protected":false},"author":1,"featured_media":96030,"comment_status":"open","ping_status":"open","sticky":false,"template":"","format":"standard","meta":{"jetpack_post_was_ever_published":false,"_jetpack_newsletter_access":"","jetpack_publicize_message":"","jetpack_is_tweetstorm":false,"jetpack_publicize_feature_enabled":true,"jetpack_social_post_already_shared":true,"jetpack_social_options":{"image_generator_settings":{"template":"highway","enabled":false}}},"categories":[7,2],"tags":[],"jetpack_publicize_connections":[],"jetpack_featured_media_url":"https:\/\/i0.wp.com\/agrund.com\/wp-content\/uploads\/sites\/6\/2014\/02\/slide71.jpg?fit=955%2C319&ssl=1","jetpack_sharing_enabled":true,"jetpack_shortlink":"https:\/\/wp.me\/p3Hz0n-oYJ","jetpack_likes_enabled":true,"_links":{"self":[{"href":"https:\/\/agrund.com\/index.php\/wp-json\/wp\/v2\/posts\/96021"}],"collection":[{"href":"https:\/\/agrund.com\/index.php\/wp-json\/wp\/v2\/posts"}],"about":[{"href":"https:\/\/agrund.com\/index.php\/wp-json\/wp\/v2\/types\/post"}],"author":[{"embeddable":true,"href":"https:\/\/agrund.com\/index.php\/wp-json\/wp\/v2\/users\/1"}],"replies":[{"embeddable":true,"href":"https:\/\/agrund.com\/index.php\/wp-json\/wp\/v2\/comments?post=96021"}],"version-history":[{"count":0,"href":"https:\/\/agrund.com\/index.php\/wp-json\/wp\/v2\/posts\/96021\/revisions"}],"wp:featuredmedia":[{"embeddable":true,"href":"https:\/\/agrund.com\/index.php\/wp-json\/wp\/v2\/media\/96030"}],"wp:attachment":[{"href":"https:\/\/agrund.com\/index.php\/wp-json\/wp\/v2\/media?parent=96021"}],"wp:term":[{"taxonomy":"category","embeddable":true,"href":"https:\/\/agrund.com\/index.php\/wp-json\/wp\/v2\/categories?post=96021"},{"taxonomy":"post_tag","embeddable":true,"href":"https:\/\/agrund.com\/index.php\/wp-json\/wp\/v2\/tags?post=96021"}],"curies":[{"name":"wp","href":"https:\/\/api.w.org\/{rel}","templated":true}]}}