{"id":96009,"date":"2014-02-12T11:00:15","date_gmt":"2014-02-12T13:00:15","guid":{"rendered":"http:\/\/www.agrund.com\/?p=96009"},"modified":"2014-02-12T09:23:22","modified_gmt":"2014-02-12T11:23:22","slug":"vivienne-westwood-convoca-famosos-para-sua-campanha-save-the-artic","status":"publish","type":"post","link":"https:\/\/agrund.com\/index.php\/vivienne-westwood-convoca-famosos-para-sua-campanha-save-the-artic\/","title":{"rendered":"Vivienne Westwood convoca famosos para sua campanha &#8220;Save The Artic&#8221;"},"content":{"rendered":"<p>H\u00e1 muito tempo n\u00f3s sabemos que Vivienne Westwood apoia diversas campanhas para preserva\u00e7\u00e3o da natureza, n\u00e3o \u00e9 mesmo? Pois agora a estilista decidiu reunir alguns artistas para representarem sua nova parceria com o Greenpeace.<br \/>\nA &#8220;Save The Artic&#8221; visa salvar o \u00c1rtico frente \u00e0s grandes mudan\u00e7as clim\u00e1ticas que o planeta Terra vem enfrentando. George Clooney, Georgia May Jagger, Jerry Hall, Chris Martin, Terry Gilliam e Terry Jones j\u00e1 vestiram a camisa. E voc\u00ea, vai vestir a sua?<\/p>\n<div id=\"attachment_96010\" style=\"width: 560px\" class=\"wp-caption aligncenter\"><a href=\"https:\/\/i0.wp.com\/www.agrund.com\/wp-content\/uploads\/sites\/6\/2014\/02\/vivienne-westwood-convoca-famosos-para-sua-campanha-save-the-artic-1.jpg\"><img aria-describedby=\"caption-attachment-96010\" data-attachment-id=\"96010\" data-permalink=\"https:\/\/agrund.com\/index.php\/vivienne-westwood-convoca-famosos-para-sua-campanha-save-the-artic\/vivienne-westwood-convoca-famosos-para-sua-campanha-save-the-artic-1\/\" data-orig-file=\"https:\/\/i0.wp.com\/agrund.com\/wp-content\/uploads\/sites\/6\/2014\/02\/vivienne-westwood-convoca-famosos-para-sua-campanha-save-the-artic-1.jpg?fit=550%2C737&amp;ssl=1\" data-orig-size=\"550,737\" data-comments-opened=\"1\" data-image-meta=\"{&quot;aperture&quot;:&quot;0&quot;,&quot;credit&quot;:&quot;&quot;,&quot;camera&quot;:&quot;&quot;,&quot;caption&quot;:&quot;&quot;,&quot;created_timestamp&quot;:&quot;0&quot;,&quot;copyright&quot;:&quot;&quot;,&quot;focal_length&quot;:&quot;0&quot;,&quot;iso&quot;:&quot;0&quot;,&quot;shutter_speed&quot;:&quot;0&quot;,&quot;title&quot;:&quot;&quot;,&quot;orientation&quot;:&quot;0&quot;}\" data-image-title=\"vivienne-westwood-convoca-famosos-para-sua-campanha-save-the-artic (1)\" data-image-description=\"\" data-image-caption=\"&lt;p&gt;Vivienne Westwood convoca famosos para sua campanha &#8220;Save The Artic&#8221;&lt;\/p&gt;\n\" data-medium-file=\"https:\/\/i0.wp.com\/agrund.com\/wp-content\/uploads\/sites\/6\/2014\/02\/vivienne-westwood-convoca-famosos-para-sua-campanha-save-the-artic-1.jpg?fit=224%2C300&amp;ssl=1\" data-large-file=\"https:\/\/i0.wp.com\/agrund.com\/wp-content\/uploads\/sites\/6\/2014\/02\/vivienne-westwood-convoca-famosos-para-sua-campanha-save-the-artic-1.jpg?fit=550%2C737&amp;ssl=1\" decoding=\"async\" loading=\"lazy\" class=\"size-large wp-image-96010\" alt=\"Vivienne Westwood convoca famosos para sua campanha &quot;Save The Artic&quot;\" src=\"https:\/\/i0.wp.com\/www.agrund.com\/wp-content\/uploads\/sites\/6\/cache\/2014\/02\/vivienne-westwood-convoca-famosos-para-sua-campanha-save-the-artic-1\/3770760209.jpg?resize=550%2C737\" width=\"550\" height=\"737\" data-recalc-dims=\"1\" \/><\/a><p id=\"caption-attachment-96010\" class=\"wp-caption-text\">Vivienne Westwood convoca famosos para sua campanha &#8220;Save The Artic&#8221;<\/p><\/div>\n<div id=\"attachment_96011\" style=\"width: 560px\" class=\"wp-caption aligncenter\"><a href=\"https:\/\/i0.wp.com\/www.agrund.com\/wp-content\/uploads\/sites\/6\/2014\/02\/vivienne-westwood-convoca-famosos-para-sua-campanha-save-the-artic-2.jpg\"><img aria-describedby=\"caption-attachment-96011\" data-attachment-id=\"96011\" data-permalink=\"https:\/\/agrund.com\/index.php\/vivienne-westwood-convoca-famosos-para-sua-campanha-save-the-artic\/vivienne-westwood-convoca-famosos-para-sua-campanha-save-the-artic-2\/\" data-orig-file=\"https:\/\/i0.wp.com\/agrund.com\/wp-content\/uploads\/sites\/6\/2014\/02\/vivienne-westwood-convoca-famosos-para-sua-campanha-save-the-artic-2.jpg?fit=550%2C737&amp;ssl=1\" data-orig-size=\"550,737\" data-comments-opened=\"1\" data-image-meta=\"{&quot;aperture&quot;:&quot;0&quot;,&quot;credit&quot;:&quot;&quot;,&quot;camera&quot;:&quot;&quot;,&quot;caption&quot;:&quot;&quot;,&quot;created_timestamp&quot;:&quot;0&quot;,&quot;copyright&quot;:&quot;&quot;,&quot;focal_length&quot;:&quot;0&quot;,&quot;iso&quot;:&quot;0&quot;,&quot;shutter_speed&quot;:&quot;0&quot;,&quot;title&quot;:&quot;&quot;,&quot;orientation&quot;:&quot;0&quot;}\" data-image-title=\"vivienne-westwood-convoca-famosos-para-sua-campanha-save-the-artic (2)\" data-image-description=\"\" data-image-caption=\"&lt;p&gt;Vivienne Westwood convoca famosos para sua campanha &#8220;Save The Artic&#8221;&lt;\/p&gt;\n\" data-medium-file=\"https:\/\/i0.wp.com\/agrund.com\/wp-content\/uploads\/sites\/6\/2014\/02\/vivienne-westwood-convoca-famosos-para-sua-campanha-save-the-artic-2.jpg?fit=224%2C300&amp;ssl=1\" data-large-file=\"https:\/\/i0.wp.com\/agrund.com\/wp-content\/uploads\/sites\/6\/2014\/02\/vivienne-westwood-convoca-famosos-para-sua-campanha-save-the-artic-2.jpg?fit=550%2C737&amp;ssl=1\" decoding=\"async\" loading=\"lazy\" class=\"size-large wp-image-96011\" alt=\"Vivienne Westwood convoca famosos para sua campanha &quot;Save The Artic&quot;\" src=\"https:\/\/i0.wp.com\/www.agrund.com\/wp-content\/uploads\/sites\/6\/cache\/2014\/02\/vivienne-westwood-convoca-famosos-para-sua-campanha-save-the-artic-2\/1850620914.jpg?resize=550%2C737\" width=\"550\" height=\"737\" data-recalc-dims=\"1\" \/><\/a><p id=\"caption-attachment-96011\" class=\"wp-caption-text\">Vivienne Westwood convoca famosos para sua campanha &#8220;Save The Artic&#8221;<\/p><\/div>\n<div id=\"attachment_96012\" style=\"width: 560px\" class=\"wp-caption aligncenter\"><a href=\"https:\/\/i0.wp.com\/www.agrund.com\/wp-content\/uploads\/sites\/6\/2014\/02\/vivienne-westwood-convoca-famosos-para-sua-campanha-save-the-artic-3.jpg\"><img aria-describedby=\"caption-attachment-96012\" data-attachment-id=\"96012\" data-permalink=\"https:\/\/agrund.com\/index.php\/vivienne-westwood-convoca-famosos-para-sua-campanha-save-the-artic\/vivienne-westwood-convoca-famosos-para-sua-campanha-save-the-artic-3\/\" data-orig-file=\"https:\/\/i0.wp.com\/agrund.com\/wp-content\/uploads\/sites\/6\/2014\/02\/vivienne-westwood-convoca-famosos-para-sua-campanha-save-the-artic-3.jpg?fit=550%2C716&amp;ssl=1\" data-orig-size=\"550,716\" data-comments-opened=\"1\" data-image-meta=\"{&quot;aperture&quot;:&quot;0&quot;,&quot;credit&quot;:&quot;&quot;,&quot;camera&quot;:&quot;&quot;,&quot;caption&quot;:&quot;&quot;,&quot;created_timestamp&quot;:&quot;0&quot;,&quot;copyright&quot;:&quot;&quot;,&quot;focal_length&quot;:&quot;0&quot;,&quot;iso&quot;:&quot;0&quot;,&quot;shutter_speed&quot;:&quot;0&quot;,&quot;title&quot;:&quot;&quot;,&quot;orientation&quot;:&quot;0&quot;}\" data-image-title=\"vivienne-westwood-convoca-famosos-para-sua-campanha-save-the-artic (3)\" data-image-description=\"\" data-image-caption=\"&lt;p&gt;Vivienne Westwood convoca famosos para sua campanha &#8220;Save The Artic&#8221;&lt;\/p&gt;\n\" data-medium-file=\"https:\/\/i0.wp.com\/agrund.com\/wp-content\/uploads\/sites\/6\/2014\/02\/vivienne-westwood-convoca-famosos-para-sua-campanha-save-the-artic-3.jpg?fit=230%2C300&amp;ssl=1\" data-large-file=\"https:\/\/i0.wp.com\/agrund.com\/wp-content\/uploads\/sites\/6\/2014\/02\/vivienne-westwood-convoca-famosos-para-sua-campanha-save-the-artic-3.jpg?fit=550%2C716&amp;ssl=1\" decoding=\"async\" loading=\"lazy\" class=\"size-large wp-image-96012\" alt=\"Vivienne Westwood convoca famosos para sua campanha &quot;Save The Artic&quot;\" src=\"https:\/\/i0.wp.com\/www.agrund.com\/wp-content\/uploads\/sites\/6\/cache\/2014\/02\/vivienne-westwood-convoca-famosos-para-sua-campanha-save-the-artic-3\/2732866412.jpg?resize=550%2C716\" width=\"550\" height=\"716\" data-recalc-dims=\"1\" \/><\/a><p id=\"caption-attachment-96012\" class=\"wp-caption-text\">Vivienne Westwood convoca famosos para sua campanha &#8220;Save The Artic&#8221;<\/p><\/div>\n<div id=\"attachment_96013\" style=\"width: 560px\" class=\"wp-caption aligncenter\"><a href=\"https:\/\/i0.wp.com\/www.agrund.com\/wp-content\/uploads\/sites\/6\/2014\/02\/vivienne-westwood-convoca-famosos-para-sua-campanha-save-the-artic-4.jpg\"><img aria-describedby=\"caption-attachment-96013\" data-attachment-id=\"96013\" data-permalink=\"https:\/\/agrund.com\/index.php\/vivienne-westwood-convoca-famosos-para-sua-campanha-save-the-artic\/vivienne-westwood-convoca-famosos-para-sua-campanha-save-the-artic-4\/\" data-orig-file=\"https:\/\/i0.wp.com\/agrund.com\/wp-content\/uploads\/sites\/6\/2014\/02\/vivienne-westwood-convoca-famosos-para-sua-campanha-save-the-artic-4.jpg?fit=550%2C737&amp;ssl=1\" data-orig-size=\"550,737\" data-comments-opened=\"1\" data-image-meta=\"{&quot;aperture&quot;:&quot;0&quot;,&quot;credit&quot;:&quot;&quot;,&quot;camera&quot;:&quot;&quot;,&quot;caption&quot;:&quot;&quot;,&quot;created_timestamp&quot;:&quot;0&quot;,&quot;copyright&quot;:&quot;&quot;,&quot;focal_length&quot;:&quot;0&quot;,&quot;iso&quot;:&quot;0&quot;,&quot;shutter_speed&quot;:&quot;0&quot;,&quot;title&quot;:&quot;&quot;,&quot;orientation&quot;:&quot;0&quot;}\" data-image-title=\"vivienne-westwood-convoca-famosos-para-sua-campanha-save-the-artic (4)\" data-image-description=\"\" data-image-caption=\"&lt;p&gt;Vivienne Westwood convoca famosos para sua campanha &#8220;Save The Artic&#8221;&lt;\/p&gt;\n\" data-medium-file=\"https:\/\/i0.wp.com\/agrund.com\/wp-content\/uploads\/sites\/6\/2014\/02\/vivienne-westwood-convoca-famosos-para-sua-campanha-save-the-artic-4.jpg?fit=224%2C300&amp;ssl=1\" data-large-file=\"https:\/\/i0.wp.com\/agrund.com\/wp-content\/uploads\/sites\/6\/2014\/02\/vivienne-westwood-convoca-famosos-para-sua-campanha-save-the-artic-4.jpg?fit=550%2C737&amp;ssl=1\" decoding=\"async\" loading=\"lazy\" class=\"size-large wp-image-96013\" alt=\"Vivienne Westwood convoca famosos para sua campanha &quot;Save The Artic&quot;\" src=\"https:\/\/i0.wp.com\/www.agrund.com\/wp-content\/uploads\/sites\/6\/cache\/2014\/02\/vivienne-westwood-convoca-famosos-para-sua-campanha-save-the-artic-4\/2820747893.jpg?resize=550%2C737\" width=\"550\" height=\"737\" data-recalc-dims=\"1\" \/><\/a><p id=\"caption-attachment-96013\" class=\"wp-caption-text\">Vivienne Westwood convoca famosos para sua campanha &#8220;Save The Artic&#8221;<\/p><\/div>\n<div id=\"attachment_96014\" style=\"width: 560px\" class=\"wp-caption aligncenter\"><a href=\"https:\/\/i0.wp.com\/www.agrund.com\/wp-content\/uploads\/sites\/6\/2014\/02\/vivienne-westwood-convoca-famosos-para-sua-campanha-save-the-artic-5.jpg\"><img aria-describedby=\"caption-attachment-96014\" data-attachment-id=\"96014\" data-permalink=\"https:\/\/agrund.com\/index.php\/vivienne-westwood-convoca-famosos-para-sua-campanha-save-the-artic\/vivienne-westwood-convoca-famosos-para-sua-campanha-save-the-artic-5\/\" data-orig-file=\"https:\/\/i0.wp.com\/agrund.com\/wp-content\/uploads\/sites\/6\/2014\/02\/vivienne-westwood-convoca-famosos-para-sua-campanha-save-the-artic-5.jpg?fit=550%2C737&amp;ssl=1\" data-orig-size=\"550,737\" data-comments-opened=\"1\" data-image-meta=\"{&quot;aperture&quot;:&quot;0&quot;,&quot;credit&quot;:&quot;&quot;,&quot;camera&quot;:&quot;&quot;,&quot;caption&quot;:&quot;&quot;,&quot;created_timestamp&quot;:&quot;0&quot;,&quot;copyright&quot;:&quot;&quot;,&quot;focal_length&quot;:&quot;0&quot;,&quot;iso&quot;:&quot;0&quot;,&quot;shutter_speed&quot;:&quot;0&quot;,&quot;title&quot;:&quot;&quot;,&quot;orientation&quot;:&quot;0&quot;}\" data-image-title=\"vivienne-westwood-convoca-famosos-para-sua-campanha-save-the-artic (5)\" data-image-description=\"\" data-image-caption=\"&lt;p&gt;Vivienne Westwood convoca famosos para sua campanha &#8220;Save The Artic&#8221;&lt;\/p&gt;\n\" data-medium-file=\"https:\/\/i0.wp.com\/agrund.com\/wp-content\/uploads\/sites\/6\/2014\/02\/vivienne-westwood-convoca-famosos-para-sua-campanha-save-the-artic-5.jpg?fit=224%2C300&amp;ssl=1\" data-large-file=\"https:\/\/i0.wp.com\/agrund.com\/wp-content\/uploads\/sites\/6\/2014\/02\/vivienne-westwood-convoca-famosos-para-sua-campanha-save-the-artic-5.jpg?fit=550%2C737&amp;ssl=1\" decoding=\"async\" loading=\"lazy\" class=\"size-large wp-image-96014\" alt=\"Vivienne Westwood convoca famosos para sua campanha &quot;Save The Artic&quot;\" src=\"https:\/\/i0.wp.com\/www.agrund.com\/wp-content\/uploads\/sites\/6\/cache\/2014\/02\/vivienne-westwood-convoca-famosos-para-sua-campanha-save-the-artic-5\/1686844139.jpg?resize=550%2C737\" width=\"550\" height=\"737\" data-recalc-dims=\"1\" \/><\/a><p id=\"caption-attachment-96014\" class=\"wp-caption-text\">Vivienne Westwood convoca famosos para sua campanha &#8220;Save The Artic&#8221;<\/p><\/div>\n<div id=\"attachment_96015\" style=\"width: 560px\" class=\"wp-caption aligncenter\"><a href=\"https:\/\/i0.wp.com\/www.agrund.com\/wp-content\/uploads\/sites\/6\/2014\/02\/vivienne-westwood-convoca-famosos-para-sua-campanha-save-the-artic-6.jpg\"><img aria-describedby=\"caption-attachment-96015\" data-attachment-id=\"96015\" data-permalink=\"https:\/\/agrund.com\/index.php\/vivienne-westwood-convoca-famosos-para-sua-campanha-save-the-artic\/vivienne-westwood-convoca-famosos-para-sua-campanha-save-the-artic-6\/\" data-orig-file=\"https:\/\/i0.wp.com\/agrund.com\/wp-content\/uploads\/sites\/6\/2014\/02\/vivienne-westwood-convoca-famosos-para-sua-campanha-save-the-artic-6.jpg?fit=550%2C737&amp;ssl=1\" data-orig-size=\"550,737\" data-comments-opened=\"1\" data-image-meta=\"{&quot;aperture&quot;:&quot;0&quot;,&quot;credit&quot;:&quot;&quot;,&quot;camera&quot;:&quot;&quot;,&quot;caption&quot;:&quot;&quot;,&quot;created_timestamp&quot;:&quot;0&quot;,&quot;copyright&quot;:&quot;&quot;,&quot;focal_length&quot;:&quot;0&quot;,&quot;iso&quot;:&quot;0&quot;,&quot;shutter_speed&quot;:&quot;0&quot;,&quot;title&quot;:&quot;&quot;,&quot;orientation&quot;:&quot;0&quot;}\" data-image-title=\"vivienne-westwood-convoca-famosos-para-sua-campanha-save-the-artic (6)\" data-image-description=\"\" data-image-caption=\"&lt;p&gt;Vivienne Westwood convoca famosos para sua campanha &#8220;Save The Artic&#8221;&lt;\/p&gt;\n\" data-medium-file=\"https:\/\/i0.wp.com\/agrund.com\/wp-content\/uploads\/sites\/6\/2014\/02\/vivienne-westwood-convoca-famosos-para-sua-campanha-save-the-artic-6.jpg?fit=224%2C300&amp;ssl=1\" data-large-file=\"https:\/\/i0.wp.com\/agrund.com\/wp-content\/uploads\/sites\/6\/2014\/02\/vivienne-westwood-convoca-famosos-para-sua-campanha-save-the-artic-6.jpg?fit=550%2C737&amp;ssl=1\" decoding=\"async\" loading=\"lazy\" class=\"size-large wp-image-96015\" alt=\"Vivienne Westwood convoca famosos para sua campanha &quot;Save The Artic&quot;\" src=\"https:\/\/i0.wp.com\/www.agrund.com\/wp-content\/uploads\/sites\/6\/cache\/2014\/02\/vivienne-westwood-convoca-famosos-para-sua-campanha-save-the-artic-6\/3926144264.jpg?resize=550%2C737\" width=\"550\" height=\"737\" data-recalc-dims=\"1\" \/><\/a><p id=\"caption-attachment-96015\" class=\"wp-caption-text\">Vivienne Westwood convoca famosos para sua campanha &#8220;Save The Artic&#8221;<\/p><\/div>\n<div id=\"attachment_96016\" style=\"width: 560px\" class=\"wp-caption aligncenter\"><a href=\"https:\/\/i0.wp.com\/www.agrund.com\/wp-content\/uploads\/sites\/6\/2014\/02\/vivienne-westwood-convoca-famosos-para-sua-campanha-save-the-artic-7.jpg\"><img aria-describedby=\"caption-attachment-96016\" data-attachment-id=\"96016\" data-permalink=\"https:\/\/agrund.com\/index.php\/vivienne-westwood-convoca-famosos-para-sua-campanha-save-the-artic\/vivienne-westwood-convoca-famosos-para-sua-campanha-save-the-artic-7\/\" data-orig-file=\"https:\/\/i0.wp.com\/agrund.com\/wp-content\/uploads\/sites\/6\/2014\/02\/vivienne-westwood-convoca-famosos-para-sua-campanha-save-the-artic-7.jpg?fit=550%2C737&amp;ssl=1\" data-orig-size=\"550,737\" data-comments-opened=\"1\" data-image-meta=\"{&quot;aperture&quot;:&quot;0&quot;,&quot;credit&quot;:&quot;&quot;,&quot;camera&quot;:&quot;&quot;,&quot;caption&quot;:&quot;&quot;,&quot;created_timestamp&quot;:&quot;0&quot;,&quot;copyright&quot;:&quot;&quot;,&quot;focal_length&quot;:&quot;0&quot;,&quot;iso&quot;:&quot;0&quot;,&quot;shutter_speed&quot;:&quot;0&quot;,&quot;title&quot;:&quot;&quot;,&quot;orientation&quot;:&quot;0&quot;}\" data-image-title=\"vivienne-westwood-convoca-famosos-para-sua-campanha-save-the-artic (7)\" data-image-description=\"\" data-image-caption=\"&lt;p&gt;Vivienne Westwood convoca famosos para sua campanha &#8220;Save The Artic&#8221;&lt;\/p&gt;\n\" data-medium-file=\"https:\/\/i0.wp.com\/agrund.com\/wp-content\/uploads\/sites\/6\/2014\/02\/vivienne-westwood-convoca-famosos-para-sua-campanha-save-the-artic-7.jpg?fit=224%2C300&amp;ssl=1\" data-large-file=\"https:\/\/i0.wp.com\/agrund.com\/wp-content\/uploads\/sites\/6\/2014\/02\/vivienne-westwood-convoca-famosos-para-sua-campanha-save-the-artic-7.jpg?fit=550%2C737&amp;ssl=1\" decoding=\"async\" loading=\"lazy\" class=\"size-large wp-image-96016\" alt=\"Vivienne Westwood convoca famosos para sua campanha &quot;Save The Artic&quot;\" src=\"https:\/\/i0.wp.com\/www.agrund.com\/wp-content\/uploads\/sites\/6\/cache\/2014\/02\/vivienne-westwood-convoca-famosos-para-sua-campanha-save-the-artic-7\/648951190.jpg?resize=550%2C737\" width=\"550\" height=\"737\" data-recalc-dims=\"1\" \/><\/a><p id=\"caption-attachment-96016\" class=\"wp-caption-text\">Vivienne Westwood convoca famosos para sua campanha &#8220;Save The Artic&#8221;<\/p><\/div>\n<div id=\"attachment_96017\" style=\"width: 560px\" class=\"wp-caption aligncenter\"><a href=\"https:\/\/i0.wp.com\/www.agrund.com\/wp-content\/uploads\/sites\/6\/2014\/02\/vivienne-westwood-convoca-famosos-para-sua-campanha-save-the-artic-8.jpg\"><img aria-describedby=\"caption-attachment-96017\" data-attachment-id=\"96017\" data-permalink=\"https:\/\/agrund.com\/index.php\/vivienne-westwood-convoca-famosos-para-sua-campanha-save-the-artic\/vivienne-westwood-convoca-famosos-para-sua-campanha-save-the-artic-8\/\" data-orig-file=\"https:\/\/i0.wp.com\/agrund.com\/wp-content\/uploads\/sites\/6\/2014\/02\/vivienne-westwood-convoca-famosos-para-sua-campanha-save-the-artic-8.jpg?fit=550%2C736&amp;ssl=1\" data-orig-size=\"550,736\" data-comments-opened=\"1\" data-image-meta=\"{&quot;aperture&quot;:&quot;0&quot;,&quot;credit&quot;:&quot;&quot;,&quot;camera&quot;:&quot;&quot;,&quot;caption&quot;:&quot;&quot;,&quot;created_timestamp&quot;:&quot;0&quot;,&quot;copyright&quot;:&quot;&quot;,&quot;focal_length&quot;:&quot;0&quot;,&quot;iso&quot;:&quot;0&quot;,&quot;shutter_speed&quot;:&quot;0&quot;,&quot;title&quot;:&quot;&quot;,&quot;orientation&quot;:&quot;0&quot;}\" data-image-title=\"vivienne-westwood-convoca-famosos-para-sua-campanha-save-the-artic (8)\" data-image-description=\"\" data-image-caption=\"&lt;p&gt;Vivienne Westwood convoca famosos para sua campanha &#8220;Save The Artic&#8221;&lt;\/p&gt;\n\" data-medium-file=\"https:\/\/i0.wp.com\/agrund.com\/wp-content\/uploads\/sites\/6\/2014\/02\/vivienne-westwood-convoca-famosos-para-sua-campanha-save-the-artic-8.jpg?fit=224%2C300&amp;ssl=1\" data-large-file=\"https:\/\/i0.wp.com\/agrund.com\/wp-content\/uploads\/sites\/6\/2014\/02\/vivienne-westwood-convoca-famosos-para-sua-campanha-save-the-artic-8.jpg?fit=550%2C736&amp;ssl=1\" decoding=\"async\" loading=\"lazy\" class=\"size-large wp-image-96017\" alt=\"Vivienne Westwood convoca famosos para sua campanha &quot;Save The Artic&quot;\" src=\"https:\/\/i0.wp.com\/www.agrund.com\/wp-content\/uploads\/sites\/6\/cache\/2014\/02\/vivienne-westwood-convoca-famosos-para-sua-campanha-save-the-artic-8\/4287506234.jpg?resize=550%2C736\" width=\"550\" height=\"736\" data-recalc-dims=\"1\" \/><\/a><p id=\"caption-attachment-96017\" class=\"wp-caption-text\">Vivienne Westwood convoca famosos para sua campanha &#8220;Save The Artic&#8221;<\/p><\/div>\n<div id=\"attachment_96018\" style=\"width: 560px\" class=\"wp-caption aligncenter\"><a href=\"https:\/\/i0.wp.com\/www.agrund.com\/wp-content\/uploads\/sites\/6\/2014\/02\/vivienne-westwood-convoca-famosos-para-sua-campanha-save-the-artic-9.jpg\"><img aria-describedby=\"caption-attachment-96018\" data-attachment-id=\"96018\" data-permalink=\"https:\/\/agrund.com\/index.php\/vivienne-westwood-convoca-famosos-para-sua-campanha-save-the-artic\/vivienne-westwood-convoca-famosos-para-sua-campanha-save-the-artic-9\/\" data-orig-file=\"https:\/\/i0.wp.com\/agrund.com\/wp-content\/uploads\/sites\/6\/2014\/02\/vivienne-westwood-convoca-famosos-para-sua-campanha-save-the-artic-9.jpg?fit=550%2C743&amp;ssl=1\" data-orig-size=\"550,743\" data-comments-opened=\"1\" data-image-meta=\"{&quot;aperture&quot;:&quot;0&quot;,&quot;credit&quot;:&quot;&quot;,&quot;camera&quot;:&quot;&quot;,&quot;caption&quot;:&quot;&quot;,&quot;created_timestamp&quot;:&quot;0&quot;,&quot;copyright&quot;:&quot;&quot;,&quot;focal_length&quot;:&quot;0&quot;,&quot;iso&quot;:&quot;0&quot;,&quot;shutter_speed&quot;:&quot;0&quot;,&quot;title&quot;:&quot;&quot;,&quot;orientation&quot;:&quot;0&quot;}\" data-image-title=\"vivienne-westwood-convoca-famosos-para-sua-campanha-save-the-artic (9)\" data-image-description=\"\" data-image-caption=\"&lt;p&gt;Vivienne Westwood convoca famosos para sua campanha &#8220;Save The Artic&#8221;&lt;\/p&gt;\n\" data-medium-file=\"https:\/\/i0.wp.com\/agrund.com\/wp-content\/uploads\/sites\/6\/2014\/02\/vivienne-westwood-convoca-famosos-para-sua-campanha-save-the-artic-9.jpg?fit=222%2C300&amp;ssl=1\" data-large-file=\"https:\/\/i0.wp.com\/agrund.com\/wp-content\/uploads\/sites\/6\/2014\/02\/vivienne-westwood-convoca-famosos-para-sua-campanha-save-the-artic-9.jpg?fit=550%2C743&amp;ssl=1\" decoding=\"async\" loading=\"lazy\" class=\"size-large wp-image-96018\" alt=\"Vivienne Westwood convoca famosos para sua campanha &quot;Save The Artic&quot;\" src=\"https:\/\/i0.wp.com\/www.agrund.com\/wp-content\/uploads\/sites\/6\/cache\/2014\/02\/vivienne-westwood-convoca-famosos-para-sua-campanha-save-the-artic-9\/858007460.jpg?resize=550%2C743\" width=\"550\" height=\"743\" data-recalc-dims=\"1\" \/><\/a><p id=\"caption-attachment-96018\" class=\"wp-caption-text\">Vivienne Westwood convoca famosos para sua campanha &#8220;Save The Artic&#8221;<\/p><\/div>\n<p>Imagens: Reprodu\u00e7\u00e3o.<\/p>\n","protected":false},"excerpt":{"rendered":"<p>H\u00e1 muito tempo n\u00f3s sabemos que Vivienne Westwood apoia diversas campanhas para preserva\u00e7\u00e3o da natureza, n\u00e3o \u00e9 mesmo? Pois agora a estilista decidiu reunir alguns artistas para representarem sua nova parceria com o Greenpeace. A &#8220;Save The Artic&#8221; visa salvar o \u00c1rtico frente \u00e0s grandes mudan\u00e7as clim\u00e1ticas que o planeta Terra vem enfrentando. George Clooney, [&hellip;]<\/p>\n","protected":false},"author":1,"featured_media":96019,"comment_status":"open","ping_status":"open","sticky":false,"template":"","format":"standard","meta":{"jetpack_post_was_ever_published":false,"_jetpack_newsletter_access":"","jetpack_publicize_message":"","jetpack_is_tweetstorm":false,"jetpack_publicize_feature_enabled":true,"jetpack_social_post_already_shared":true,"jetpack_social_options":{"image_generator_settings":{"template":"highway","enabled":false}}},"categories":[2],"tags":[],"jetpack_publicize_connections":[],"jetpack_featured_media_url":"https:\/\/i0.wp.com\/agrund.com\/wp-content\/uploads\/sites\/6\/2014\/02\/slide70.jpg?fit=960%2C300&ssl=1","jetpack_sharing_enabled":true,"jetpack_shortlink":"https:\/\/wp.me\/p3Hz0n-oYx","jetpack_likes_enabled":true,"_links":{"self":[{"href":"https:\/\/agrund.com\/index.php\/wp-json\/wp\/v2\/posts\/96009"}],"collection":[{"href":"https:\/\/agrund.com\/index.php\/wp-json\/wp\/v2\/posts"}],"about":[{"href":"https:\/\/agrund.com\/index.php\/wp-json\/wp\/v2\/types\/post"}],"author":[{"embeddable":true,"href":"https:\/\/agrund.com\/index.php\/wp-json\/wp\/v2\/users\/1"}],"replies":[{"embeddable":true,"href":"https:\/\/agrund.com\/index.php\/wp-json\/wp\/v2\/comments?post=96009"}],"version-history":[{"count":0,"href":"https:\/\/agrund.com\/index.php\/wp-json\/wp\/v2\/posts\/96009\/revisions"}],"wp:featuredmedia":[{"embeddable":true,"href":"https:\/\/agrund.com\/index.php\/wp-json\/wp\/v2\/media\/96019"}],"wp:attachment":[{"href":"https:\/\/agrund.com\/index.php\/wp-json\/wp\/v2\/media?parent=96009"}],"wp:term":[{"taxonomy":"category","embeddable":true,"href":"https:\/\/agrund.com\/index.php\/wp-json\/wp\/v2\/categories?post=96009"},{"taxonomy":"post_tag","embeddable":true,"href":"https:\/\/agrund.com\/index.php\/wp-json\/wp\/v2\/tags?post=96009"}],"curies":[{"name":"wp","href":"https:\/\/api.w.org\/{rel}","templated":true}]}}