{"id":95933,"date":"2014-02-11T22:00:46","date_gmt":"2014-02-12T00:00:46","guid":{"rendered":"http:\/\/www.agrund.com\/?p=95933"},"modified":"2014-02-11T15:22:57","modified_gmt":"2014-02-11T17:22:57","slug":"nars-anuncia-parceria-com-phillip-lim","status":"publish","type":"post","link":"https:\/\/agrund.com\/index.php\/nars-anuncia-parceria-com-phillip-lim\/","title":{"rendered":"Nars anuncia parceria com Phillip Lim"},"content":{"rendered":"<p>A Nars acaba de anunciar seu mais novo colaborador: Phillip Lim! O estilista, que desde 2007 usa os produtos da marca para desenvolver a beleza de seus desfiles, agora ir\u00e1 desenvolver uma cole\u00e7\u00e3o de esmaltes super exclusiva.<br \/>\nAt\u00e9 o momento as \u00fanicas informa\u00e7\u00f5es divulgadas \u00e9 de que a linha ter\u00e1 9 cores e seu lan\u00e7amento est\u00e1 previsto para agosto de 2014 no hemisf\u00e9rio norte. Vamos aguardar!<\/p>\n<div id=\"attachment_95934\" style=\"width: 512px\" class=\"wp-caption aligncenter\"><a href=\"https:\/\/i0.wp.com\/www.agrund.com\/wp-content\/uploads\/sites\/6\/2014\/02\/nars-anuncia-parceria-com-phillip-lim.jpg\"><img aria-describedby=\"caption-attachment-95934\" data-attachment-id=\"95934\" data-permalink=\"https:\/\/agrund.com\/index.php\/nars-anuncia-parceria-com-phillip-lim\/nars-anuncia-parceria-com-phillip-lim\/\" data-orig-file=\"https:\/\/i0.wp.com\/agrund.com\/wp-content\/uploads\/sites\/6\/2014\/02\/nars-anuncia-parceria-com-phillip-lim.jpg?fit=502%2C393&amp;ssl=1\" data-orig-size=\"502,393\" data-comments-opened=\"1\" data-image-meta=\"{&quot;aperture&quot;:&quot;0&quot;,&quot;credit&quot;:&quot;&quot;,&quot;camera&quot;:&quot;&quot;,&quot;caption&quot;:&quot;&quot;,&quot;created_timestamp&quot;:&quot;0&quot;,&quot;copyright&quot;:&quot;&quot;,&quot;focal_length&quot;:&quot;0&quot;,&quot;iso&quot;:&quot;0&quot;,&quot;shutter_speed&quot;:&quot;0&quot;,&quot;title&quot;:&quot;&quot;,&quot;orientation&quot;:&quot;1&quot;}\" data-image-title=\"nars-anuncia-parceria-com-phillip-lim\" data-image-description=\"\" data-image-caption=\"&lt;p&gt;Nars anuncia parceria com Phillip Lim&lt;\/p&gt;\n\" data-medium-file=\"https:\/\/i0.wp.com\/agrund.com\/wp-content\/uploads\/sites\/6\/2014\/02\/nars-anuncia-parceria-com-phillip-lim.jpg?fit=300%2C235&amp;ssl=1\" data-large-file=\"https:\/\/i0.wp.com\/agrund.com\/wp-content\/uploads\/sites\/6\/2014\/02\/nars-anuncia-parceria-com-phillip-lim.jpg?fit=502%2C393&amp;ssl=1\" decoding=\"async\" loading=\"lazy\" class=\"size-large wp-image-95934\" alt=\"Nars anuncia parceria com Phillip Lim\" src=\"https:\/\/i0.wp.com\/www.agrund.com\/wp-content\/uploads\/sites\/6\/cache\/2014\/02\/nars-anuncia-parceria-com-phillip-lim\/1894875036.jpg?resize=502%2C393\" width=\"502\" height=\"393\" data-recalc-dims=\"1\" \/><\/a><p id=\"caption-attachment-95934\" class=\"wp-caption-text\">Nars anuncia parceria com Phillip Lim<\/p><\/div>\n<p>Imagem: Reprodu\u00e7\u00e3o.<\/p>\n","protected":false},"excerpt":{"rendered":"<p>A Nars acaba de anunciar seu mais novo colaborador: Phillip Lim! O estilista, que desde 2007 usa os produtos da marca para desenvolver a beleza de seus desfiles, agora ir\u00e1 desenvolver uma cole\u00e7\u00e3o de esmaltes super exclusiva. At\u00e9 o momento as \u00fanicas informa\u00e7\u00f5es divulgadas \u00e9 de que a linha ter\u00e1 9 cores e seu lan\u00e7amento [&hellip;]<\/p>\n","protected":false},"author":1,"featured_media":95935,"comment_status":"open","ping_status":"open","sticky":false,"template":"","format":"standard","meta":{"jetpack_post_was_ever_published":false,"_jetpack_newsletter_access":"","jetpack_publicize_message":"","jetpack_is_tweetstorm":false,"jetpack_publicize_feature_enabled":true,"jetpack_social_post_already_shared":true,"jetpack_social_options":{"image_generator_settings":{"template":"highway","enabled":false}}},"categories":[2],"tags":[],"jetpack_publicize_connections":[],"jetpack_featured_media_url":"https:\/\/i0.wp.com\/agrund.com\/wp-content\/uploads\/sites\/6\/2014\/02\/slide64.jpg?fit=960%2C300&ssl=1","jetpack_sharing_enabled":true,"jetpack_shortlink":"https:\/\/wp.me\/p3Hz0n-oXj","jetpack_likes_enabled":true,"_links":{"self":[{"href":"https:\/\/agrund.com\/index.php\/wp-json\/wp\/v2\/posts\/95933"}],"collection":[{"href":"https:\/\/agrund.com\/index.php\/wp-json\/wp\/v2\/posts"}],"about":[{"href":"https:\/\/agrund.com\/index.php\/wp-json\/wp\/v2\/types\/post"}],"author":[{"embeddable":true,"href":"https:\/\/agrund.com\/index.php\/wp-json\/wp\/v2\/users\/1"}],"replies":[{"embeddable":true,"href":"https:\/\/agrund.com\/index.php\/wp-json\/wp\/v2\/comments?post=95933"}],"version-history":[{"count":0,"href":"https:\/\/agrund.com\/index.php\/wp-json\/wp\/v2\/posts\/95933\/revisions"}],"wp:featuredmedia":[{"embeddable":true,"href":"https:\/\/agrund.com\/index.php\/wp-json\/wp\/v2\/media\/95935"}],"wp:attachment":[{"href":"https:\/\/agrund.com\/index.php\/wp-json\/wp\/v2\/media?parent=95933"}],"wp:term":[{"taxonomy":"category","embeddable":true,"href":"https:\/\/agrund.com\/index.php\/wp-json\/wp\/v2\/categories?post=95933"},{"taxonomy":"post_tag","embeddable":true,"href":"https:\/\/agrund.com\/index.php\/wp-json\/wp\/v2\/tags?post=95933"}],"curies":[{"name":"wp","href":"https:\/\/api.w.org\/{rel}","templated":true}]}}