{"id":95929,"date":"2014-02-11T21:00:49","date_gmt":"2014-02-11T23:00:49","guid":{"rendered":"http:\/\/www.agrund.com\/?p=95929"},"modified":"2014-02-11T15:21:36","modified_gmt":"2014-02-11T17:21:36","slug":"taylor-swift-e-emeli-sande-dividiram-palco-na-noite-de-ontem","status":"publish","type":"post","link":"https:\/\/agrund.com\/index.php\/taylor-swift-e-emeli-sande-dividiram-palco-na-noite-de-ontem\/","title":{"rendered":"Taylor Swift  e Emeli Sand\u00e9 dividiram palco na noite de ontem"},"content":{"rendered":"<p>A estrela do country Taylor Swift surpreendeu seus f\u00e3s na sua turn\u00ea de RED quando a dupla lan\u00e7ou um nova vers\u00e3o do hit de Emeli, &#8220;Next To Me&#8221;, e Taylor a descreveu como &#8220;divina&#8221;.<br \/>\nEla disse ao p\u00fablico: &#8220;Eu estava pensando em me apresentar na O2 desde a \u00faltima vez eu toquei aqui. Voc\u00ea lembra no BRIT Awards do ano passado? Eu tive uma experi\u00eancia \u00f3tima e eu pude conhecer os meus artistas favoritos e assistir ela &#8216;limpar&#8217; o BRIT Awards. Ent\u00e3o eu tive essa ideia de que ela poderia vir e tocar para voc\u00eas. Ent\u00e3o o que voc\u00eas acham de Emeli Sand\u00e9 vir ao palco tocar uma m\u00fasica para voc\u00eas essa noite?&#8221;.<\/p>\n<p>A beldade de 23 anos parecia emocionada quando ela foi ao piano tocar &#8220;All Too Well&#8221; e se despeda\u00e7ou por v\u00e1rios outros hits antes de apresentar &#8220;We Are Never Ever Getting Back Together&#8221;.<\/p>\n<p>Depois do show Taylor foi ao Twitter para agradecer aos f\u00e3s e a Emeli, e escreveu: &#8220;Hoje \u00e0 noite @emelisande surpreendeu nosso p\u00fablico de Londres com &#8216;Next To Me&#8217;!!! ELA \u00c9 T\u00c3O DIVINA. Eu tive o melhor tempo aqui, \u00faltimo show amanh\u00e3&#8230;&#8221;<br \/>\nTaylor est\u00e1 atualmente apresentando a parte de sua turn\u00ea &#8220;Red&#8221; no Reino Unido e seu \u00faltimo show ser\u00e1 esta noite, tamb\u00e9m na O2 Arena, em Londres.<\/p>\n<p>Para coincidir com sua estada no espa\u00e7o de shows, o British Music Experience &#8211; que \u00e9 situado dentro da O2 &#8211; est\u00e1 exibindo uma s\u00e9rie de itens selecionados no guarda-roupas de Taylor junto a fotografias de Christie Goodwin, em uma exibi\u00e7\u00e3o tempor\u00e1ria.<\/p>\n<p>A entrada para a exposi\u00e7\u00e3o &#8220;Taylor Swift: A Photo Experience&#8221; est\u00e1 inclusa no pre\u00e7o da entrada do museu, e custa aproximadamente R$ 15 para quem tem ingressos para os shows da cantora na O2 durante esta turn\u00ea.<br \/>\nA exposi\u00e7\u00e3o vai at\u00e9 o dia 23 de mar\u00e7o.<\/p>\n<div id=\"attachment_95930\" style=\"width: 510px\" class=\"wp-caption aligncenter\"><a href=\"https:\/\/i0.wp.com\/www.agrund.com\/wp-content\/uploads\/sites\/6\/2014\/02\/taylor-swift-e-emeli-sande-dividiram-palco-na-noite-de-ontem.jpg\"><img aria-describedby=\"caption-attachment-95930\" data-attachment-id=\"95930\" data-permalink=\"https:\/\/agrund.com\/index.php\/taylor-swift-e-emeli-sande-dividiram-palco-na-noite-de-ontem\/taylor-swifts-red-tour-london-england-2102014\/\" data-orig-file=\"https:\/\/i0.wp.com\/agrund.com\/wp-content\/uploads\/sites\/6\/2014\/02\/taylor-swift-e-emeli-sande-dividiram-palco-na-noite-de-ontem.jpg?fit=500%2C332&amp;ssl=1\" data-orig-size=\"500,332\" data-comments-opened=\"1\" data-image-meta=\"{&quot;aperture&quot;:&quot;0&quot;,&quot;credit&quot;:&quot;Dave Hogan\\\/TAS&quot;,&quot;camera&quot;:&quot;&quot;,&quot;caption&quot;:&quot;LONDON, ENGLAND - FEBRUARY 10:  Seven-time Grammy winner Taylor Swift was\\u00a0joined on stage by Emeli Sande on the fifth night of the European leg of her\\u00a0blockbuster The RED Tour with the fourth of five sold-out shows at London&#039;s\\u00a0O2 Arena, playing to a capacity crowd of more than 15500 fans.  (Photo by Dave Hogan\\\/TAS\\\/Getty Images for TAS)&quot;,&quot;created_timestamp&quot;:&quot;0&quot;,&quot;copyright&quot;:&quot;2014 Dave Hogan\\\/TAS&quot;,&quot;focal_length&quot;:&quot;0&quot;,&quot;iso&quot;:&quot;0&quot;,&quot;shutter_speed&quot;:&quot;0&quot;,&quot;title&quot;:&quot;Taylor Swift&#039;s RED Tour - London, England - 2\\\/10\\\/2014&quot;,&quot;orientation&quot;:&quot;0&quot;}\" data-image-title=\"Taylor Swift&#8217;s RED Tour &#8211; London, England &#8211; 2\/10\/2014\" data-image-description=\"&lt;p&gt;Taylor Swift  e Emeli Sand\u00e9 dividiram palco na noite de ontem&lt;\/p&gt;\n\" data-image-caption=\"&lt;p&gt;Taylor Swift  e Emeli Sand\u00e9 dividiram palco na noite de ontem&lt;\/p&gt;\n\" data-medium-file=\"https:\/\/i0.wp.com\/agrund.com\/wp-content\/uploads\/sites\/6\/2014\/02\/taylor-swift-e-emeli-sande-dividiram-palco-na-noite-de-ontem.jpg?fit=300%2C199&amp;ssl=1\" data-large-file=\"https:\/\/i0.wp.com\/agrund.com\/wp-content\/uploads\/sites\/6\/2014\/02\/taylor-swift-e-emeli-sande-dividiram-palco-na-noite-de-ontem.jpg?fit=500%2C332&amp;ssl=1\" decoding=\"async\" loading=\"lazy\" class=\"size-large wp-image-95930\" alt=\"Taylor Swift  e Emeli Sand\u00e9 dividiram palco na noite de ontem\" src=\"https:\/\/i0.wp.com\/www.agrund.com\/wp-content\/uploads\/sites\/6\/cache\/2014\/02\/taylor-swift-e-emeli-sande-dividiram-palco-na-noite-de-ontem\/688056920.jpg?resize=500%2C332\" width=\"500\" height=\"332\" data-recalc-dims=\"1\" \/><\/a><p id=\"caption-attachment-95930\" class=\"wp-caption-text\">Taylor Swift e Emeli Sand\u00e9 dividiram palco na noite de ontem<\/p><\/div>\n<p>Imagens: Reprodu\u00e7\u00e3o.<\/p>\n","protected":false},"excerpt":{"rendered":"<p>A estrela do country Taylor Swift surpreendeu seus f\u00e3s na sua turn\u00ea de RED quando a dupla lan\u00e7ou um nova vers\u00e3o do hit de Emeli, &#8220;Next To Me&#8221;, e Taylor a descreveu como &#8220;divina&#8221;. Ela disse ao p\u00fablico: &#8220;Eu estava pensando em me apresentar na O2 desde a \u00faltima vez eu toquei aqui. Voc\u00ea lembra [&hellip;]<\/p>\n","protected":false},"author":1,"featured_media":95931,"comment_status":"open","ping_status":"open","sticky":false,"template":"","format":"standard","meta":{"jetpack_post_was_ever_published":false,"_jetpack_newsletter_access":"","jetpack_publicize_message":"","jetpack_is_tweetstorm":false,"jetpack_publicize_feature_enabled":true,"jetpack_social_post_already_shared":true,"jetpack_social_options":{"image_generator_settings":{"template":"highway","enabled":false}}},"categories":[2],"tags":[],"jetpack_publicize_connections":[],"jetpack_featured_media_url":"https:\/\/i0.wp.com\/agrund.com\/wp-content\/uploads\/sites\/6\/2014\/02\/slide63.jpg?fit=960%2C300&ssl=1","jetpack_sharing_enabled":true,"jetpack_shortlink":"https:\/\/wp.me\/p3Hz0n-oXf","jetpack_likes_enabled":true,"_links":{"self":[{"href":"https:\/\/agrund.com\/index.php\/wp-json\/wp\/v2\/posts\/95929"}],"collection":[{"href":"https:\/\/agrund.com\/index.php\/wp-json\/wp\/v2\/posts"}],"about":[{"href":"https:\/\/agrund.com\/index.php\/wp-json\/wp\/v2\/types\/post"}],"author":[{"embeddable":true,"href":"https:\/\/agrund.com\/index.php\/wp-json\/wp\/v2\/users\/1"}],"replies":[{"embeddable":true,"href":"https:\/\/agrund.com\/index.php\/wp-json\/wp\/v2\/comments?post=95929"}],"version-history":[{"count":0,"href":"https:\/\/agrund.com\/index.php\/wp-json\/wp\/v2\/posts\/95929\/revisions"}],"wp:featuredmedia":[{"embeddable":true,"href":"https:\/\/agrund.com\/index.php\/wp-json\/wp\/v2\/media\/95931"}],"wp:attachment":[{"href":"https:\/\/agrund.com\/index.php\/wp-json\/wp\/v2\/media?parent=95929"}],"wp:term":[{"taxonomy":"category","embeddable":true,"href":"https:\/\/agrund.com\/index.php\/wp-json\/wp\/v2\/categories?post=95929"},{"taxonomy":"post_tag","embeddable":true,"href":"https:\/\/agrund.com\/index.php\/wp-json\/wp\/v2\/tags?post=95929"}],"curies":[{"name":"wp","href":"https:\/\/api.w.org\/{rel}","templated":true}]}}