{"id":95923,"date":"2014-02-11T20:00:39","date_gmt":"2014-02-11T22:00:39","guid":{"rendered":"http:\/\/www.agrund.com\/?p=95923"},"modified":"2014-02-11T15:19:41","modified_gmt":"2014-02-11T17:19:41","slug":"carnaval-maria-filo-lanca-kits-inspirados-nas-marchinhas","status":"publish","type":"post","link":"https:\/\/agrund.com\/index.php\/carnaval-maria-filo-lanca-kits-inspirados-nas-marchinhas\/","title":{"rendered":"Carnaval :: Maria Fil\u00f3 lan\u00e7a kits inspirados nas marchinhas"},"content":{"rendered":"<p>Para o Carnaval 2014, a Maria Fil\u00f3 lan\u00e7a kits para aqueles que buscam estilo na hora de se divertir. Os tr\u00eas conjuntos s\u00e3o inspirados no t\u00edpico carnaval de rua e nas tradicionais marchinhas que resgatam mensagens consagradas e personagens marcantes do Carnaval.<\/p>\n<p>Os kits incluem t-shirts com frases divertidas e itens como adesivos para o corpo, c\u00edlios coloridos, tiaras, pulseiras e colares. Os conjuntos custam R$139,00 cada um e ser\u00e1 vendido em lojas selecionadas no Rio de Janeiro, Belo Horizonte, S\u00e3o Paulo, Bel\u00e9m, Bras\u00edlia, Campos, Floripa, Goi\u00e2nia, Jo\u00e3o Pessoa, Macei\u00f3, Manaus, Morumbi, Natal, P\u00e1tio Higien\u00f3polis, Recife, Salvador, S\u00e3o Caetano, S\u00e3o Luiz e Vit\u00f3ria. Aproveite a folia com muito estilo e boa divers\u00e3o!<\/p>\n<div id=\"attachment_95924\" style=\"width: 560px\" class=\"wp-caption aligncenter\"><a href=\"https:\/\/i0.wp.com\/www.agrund.com\/wp-content\/uploads\/sites\/6\/2014\/02\/carnaval-maria-filo-lanca-kits-inspirados-nas-marchinhas-1.jpg\"><img aria-describedby=\"caption-attachment-95924\" data-attachment-id=\"95924\" data-permalink=\"https:\/\/agrund.com\/index.php\/carnaval-maria-filo-lanca-kits-inspirados-nas-marchinhas\/carnaval-maria-filo-lanca-kits-inspirados-nas-marchinhas-1\/\" data-orig-file=\"https:\/\/i0.wp.com\/agrund.com\/wp-content\/uploads\/sites\/6\/2014\/02\/carnaval-maria-filo-lanca-kits-inspirados-nas-marchinhas-1.jpg?fit=550%2C445&amp;ssl=1\" data-orig-size=\"550,445\" data-comments-opened=\"1\" data-image-meta=\"{&quot;aperture&quot;:&quot;0&quot;,&quot;credit&quot;:&quot;&quot;,&quot;camera&quot;:&quot;&quot;,&quot;caption&quot;:&quot;&quot;,&quot;created_timestamp&quot;:&quot;0&quot;,&quot;copyright&quot;:&quot;&quot;,&quot;focal_length&quot;:&quot;0&quot;,&quot;iso&quot;:&quot;0&quot;,&quot;shutter_speed&quot;:&quot;0&quot;,&quot;title&quot;:&quot;&quot;,&quot;orientation&quot;:&quot;0&quot;}\" data-image-title=\"carnaval-maria-filo-lanca-kits-inspirados-nas-marchinhas (1)\" data-image-description=\"\" data-image-caption=\"&lt;p&gt;Carnaval :: Maria Fil\u00f3 lan\u00e7a kits inspirados nas marchinhas&lt;\/p&gt;\n\" data-medium-file=\"https:\/\/i0.wp.com\/agrund.com\/wp-content\/uploads\/sites\/6\/2014\/02\/carnaval-maria-filo-lanca-kits-inspirados-nas-marchinhas-1.jpg?fit=300%2C243&amp;ssl=1\" data-large-file=\"https:\/\/i0.wp.com\/agrund.com\/wp-content\/uploads\/sites\/6\/2014\/02\/carnaval-maria-filo-lanca-kits-inspirados-nas-marchinhas-1.jpg?fit=550%2C445&amp;ssl=1\" decoding=\"async\" loading=\"lazy\" class=\"size-large wp-image-95924\" alt=\"Carnaval :: Maria Fil\u00f3 lan\u00e7a kits inspirados nas marchinhas\" src=\"https:\/\/i0.wp.com\/www.agrund.com\/wp-content\/uploads\/sites\/6\/cache\/2014\/02\/carnaval-maria-filo-lanca-kits-inspirados-nas-marchinhas-1\/3162979156.jpg?resize=550%2C445\" width=\"550\" height=\"445\" data-recalc-dims=\"1\" \/><\/a><p id=\"caption-attachment-95924\" class=\"wp-caption-text\">Carnaval :: Maria Fil\u00f3 lan\u00e7a kits inspirados nas marchinhas<\/p><\/div>\n<div id=\"attachment_95925\" style=\"width: 560px\" class=\"wp-caption aligncenter\"><a href=\"https:\/\/i0.wp.com\/www.agrund.com\/wp-content\/uploads\/sites\/6\/2014\/02\/carnaval-maria-filo-lanca-kits-inspirados-nas-marchinhas-2.jpg\"><img aria-describedby=\"caption-attachment-95925\" data-attachment-id=\"95925\" data-permalink=\"https:\/\/agrund.com\/index.php\/carnaval-maria-filo-lanca-kits-inspirados-nas-marchinhas\/carnaval-maria-filo-lanca-kits-inspirados-nas-marchinhas-2\/\" data-orig-file=\"https:\/\/i0.wp.com\/agrund.com\/wp-content\/uploads\/sites\/6\/2014\/02\/carnaval-maria-filo-lanca-kits-inspirados-nas-marchinhas-2.jpg?fit=550%2C445&amp;ssl=1\" data-orig-size=\"550,445\" data-comments-opened=\"1\" data-image-meta=\"{&quot;aperture&quot;:&quot;0&quot;,&quot;credit&quot;:&quot;&quot;,&quot;camera&quot;:&quot;&quot;,&quot;caption&quot;:&quot;&quot;,&quot;created_timestamp&quot;:&quot;0&quot;,&quot;copyright&quot;:&quot;&quot;,&quot;focal_length&quot;:&quot;0&quot;,&quot;iso&quot;:&quot;0&quot;,&quot;shutter_speed&quot;:&quot;0&quot;,&quot;title&quot;:&quot;&quot;,&quot;orientation&quot;:&quot;0&quot;}\" data-image-title=\"carnaval-maria-filo-lanca-kits-inspirados-nas-marchinhas (2)\" data-image-description=\"\" data-image-caption=\"&lt;p&gt;Carnaval :: Maria Fil\u00f3 lan\u00e7a kits inspirados nas marchinhas&lt;\/p&gt;\n\" data-medium-file=\"https:\/\/i0.wp.com\/agrund.com\/wp-content\/uploads\/sites\/6\/2014\/02\/carnaval-maria-filo-lanca-kits-inspirados-nas-marchinhas-2.jpg?fit=300%2C243&amp;ssl=1\" data-large-file=\"https:\/\/i0.wp.com\/agrund.com\/wp-content\/uploads\/sites\/6\/2014\/02\/carnaval-maria-filo-lanca-kits-inspirados-nas-marchinhas-2.jpg?fit=550%2C445&amp;ssl=1\" decoding=\"async\" loading=\"lazy\" class=\"size-large wp-image-95925\" alt=\"Carnaval :: Maria Fil\u00f3 lan\u00e7a kits inspirados nas marchinhas\" src=\"https:\/\/i0.wp.com\/www.agrund.com\/wp-content\/uploads\/sites\/6\/cache\/2014\/02\/carnaval-maria-filo-lanca-kits-inspirados-nas-marchinhas-2\/839400631.jpg?resize=550%2C445\" width=\"550\" height=\"445\" data-recalc-dims=\"1\" \/><\/a><p id=\"caption-attachment-95925\" class=\"wp-caption-text\">Carnaval :: Maria Fil\u00f3 lan\u00e7a kits inspirados nas marchinhas<\/p><\/div>\n<div id=\"attachment_95926\" style=\"width: 560px\" class=\"wp-caption aligncenter\"><a href=\"https:\/\/i0.wp.com\/www.agrund.com\/wp-content\/uploads\/sites\/6\/2014\/02\/carnaval-maria-filo-lanca-kits-inspirados-nas-marchinhas-3.jpg\"><img aria-describedby=\"caption-attachment-95926\" data-attachment-id=\"95926\" data-permalink=\"https:\/\/agrund.com\/index.php\/carnaval-maria-filo-lanca-kits-inspirados-nas-marchinhas\/carnaval-maria-filo-lanca-kits-inspirados-nas-marchinhas-3\/\" data-orig-file=\"https:\/\/i0.wp.com\/agrund.com\/wp-content\/uploads\/sites\/6\/2014\/02\/carnaval-maria-filo-lanca-kits-inspirados-nas-marchinhas-3.jpg?fit=550%2C445&amp;ssl=1\" data-orig-size=\"550,445\" data-comments-opened=\"1\" data-image-meta=\"{&quot;aperture&quot;:&quot;0&quot;,&quot;credit&quot;:&quot;&quot;,&quot;camera&quot;:&quot;&quot;,&quot;caption&quot;:&quot;&quot;,&quot;created_timestamp&quot;:&quot;0&quot;,&quot;copyright&quot;:&quot;&quot;,&quot;focal_length&quot;:&quot;0&quot;,&quot;iso&quot;:&quot;0&quot;,&quot;shutter_speed&quot;:&quot;0&quot;,&quot;title&quot;:&quot;&quot;,&quot;orientation&quot;:&quot;0&quot;}\" data-image-title=\"carnaval-maria-filo-lanca-kits-inspirados-nas-marchinhas (3)\" data-image-description=\"\" data-image-caption=\"&lt;p&gt;Carnaval :: Maria Fil\u00f3 lan\u00e7a kits inspirados nas marchinhas&lt;\/p&gt;\n\" data-medium-file=\"https:\/\/i0.wp.com\/agrund.com\/wp-content\/uploads\/sites\/6\/2014\/02\/carnaval-maria-filo-lanca-kits-inspirados-nas-marchinhas-3.jpg?fit=300%2C243&amp;ssl=1\" data-large-file=\"https:\/\/i0.wp.com\/agrund.com\/wp-content\/uploads\/sites\/6\/2014\/02\/carnaval-maria-filo-lanca-kits-inspirados-nas-marchinhas-3.jpg?fit=550%2C445&amp;ssl=1\" decoding=\"async\" loading=\"lazy\" class=\"size-large wp-image-95926\" alt=\"Carnaval :: Maria Fil\u00f3 lan\u00e7a kits inspirados nas marchinhas\" src=\"https:\/\/i0.wp.com\/www.agrund.com\/wp-content\/uploads\/sites\/6\/cache\/2014\/02\/carnaval-maria-filo-lanca-kits-inspirados-nas-marchinhas-3\/4272045097.jpg?resize=550%2C445\" width=\"550\" height=\"445\" data-recalc-dims=\"1\" \/><\/a><p id=\"caption-attachment-95926\" class=\"wp-caption-text\">Carnaval :: Maria Fil\u00f3 lan\u00e7a kits inspirados nas marchinhas<\/p><\/div>\n<p>Imagens: Divulga\u00e7\u00e3o.<\/p>\n","protected":false},"excerpt":{"rendered":"<p>Para o Carnaval 2014, a Maria Fil\u00f3 lan\u00e7a kits para aqueles que buscam estilo na hora de se divertir. Os tr\u00eas conjuntos s\u00e3o inspirados no t\u00edpico carnaval de rua e nas tradicionais marchinhas que resgatam mensagens consagradas e personagens marcantes do Carnaval. Os kits incluem t-shirts com frases divertidas e itens como adesivos para o [&hellip;]<\/p>\n","protected":false},"author":1,"featured_media":95927,"comment_status":"open","ping_status":"open","sticky":false,"template":"","format":"standard","meta":{"jetpack_post_was_ever_published":false,"_jetpack_newsletter_access":"","jetpack_publicize_message":"","jetpack_is_tweetstorm":false,"jetpack_publicize_feature_enabled":true,"jetpack_social_post_already_shared":true,"jetpack_social_options":{"image_generator_settings":{"template":"highway","enabled":false}}},"categories":[2],"tags":[],"jetpack_publicize_connections":[],"jetpack_featured_media_url":"https:\/\/i0.wp.com\/agrund.com\/wp-content\/uploads\/sites\/6\/2014\/02\/slide62.jpg?fit=960%2C300&ssl=1","jetpack_sharing_enabled":true,"jetpack_shortlink":"https:\/\/wp.me\/p3Hz0n-oX9","jetpack_likes_enabled":true,"_links":{"self":[{"href":"https:\/\/agrund.com\/index.php\/wp-json\/wp\/v2\/posts\/95923"}],"collection":[{"href":"https:\/\/agrund.com\/index.php\/wp-json\/wp\/v2\/posts"}],"about":[{"href":"https:\/\/agrund.com\/index.php\/wp-json\/wp\/v2\/types\/post"}],"author":[{"embeddable":true,"href":"https:\/\/agrund.com\/index.php\/wp-json\/wp\/v2\/users\/1"}],"replies":[{"embeddable":true,"href":"https:\/\/agrund.com\/index.php\/wp-json\/wp\/v2\/comments?post=95923"}],"version-history":[{"count":0,"href":"https:\/\/agrund.com\/index.php\/wp-json\/wp\/v2\/posts\/95923\/revisions"}],"wp:featuredmedia":[{"embeddable":true,"href":"https:\/\/agrund.com\/index.php\/wp-json\/wp\/v2\/media\/95927"}],"wp:attachment":[{"href":"https:\/\/agrund.com\/index.php\/wp-json\/wp\/v2\/media?parent=95923"}],"wp:term":[{"taxonomy":"category","embeddable":true,"href":"https:\/\/agrund.com\/index.php\/wp-json\/wp\/v2\/categories?post=95923"},{"taxonomy":"post_tag","embeddable":true,"href":"https:\/\/agrund.com\/index.php\/wp-json\/wp\/v2\/tags?post=95923"}],"curies":[{"name":"wp","href":"https:\/\/api.w.org\/{rel}","templated":true}]}}