{"id":95907,"date":"2014-02-11T16:00:04","date_gmt":"2014-02-11T18:00:04","guid":{"rendered":"http:\/\/www.agrund.com\/?p=95907"},"modified":"2014-02-11T10:44:45","modified_gmt":"2014-02-11T12:44:45","slug":"gisele-bundchen-e-a-estrela-de-emilio-pucci","status":"publish","type":"post","link":"https:\/\/agrund.com\/index.php\/gisele-bundchen-e-a-estrela-de-emilio-pucci\/","title":{"rendered":"Gisele B\u00fcndchen \u00e9 a estrela de Emilio Pucci"},"content":{"rendered":"<p>Doutzen Kroes pode ter sido a garota-propaganda do inverno 2013 de Emilio Pucci, mas o ver\u00e3o da marca j\u00e1 tem uma nova estrela.<\/p>\n<p>Gisele B\u00fcndchen foi a escolhida para estrelar a campanha primavera\/ver\u00e3o 2014 clicada por Mario Sorrenti. Nos quatro cliques divulgados, a top aparece com cal\u00e7as, casacos, saias, vestidos e top cropped, tudo super estampado, colorido e algumas pe\u00e7as com um toque esportivo em sua modelagem. Confira:<\/p>\n<div id=\"attachment_95908\" style=\"width: 560px\" class=\"wp-caption aligncenter\"><a href=\"https:\/\/i0.wp.com\/www.agrund.com\/wp-content\/uploads\/sites\/6\/2014\/02\/gisele-bundchen-e-a-estrela-de-emilio-pucci-1.jpg\"><img aria-describedby=\"caption-attachment-95908\" data-attachment-id=\"95908\" data-permalink=\"https:\/\/agrund.com\/index.php\/gisele-bundchen-e-a-estrela-de-emilio-pucci\/gisele-bundchen-e-a-estrela-de-emilio-pucci-1\/\" data-orig-file=\"https:\/\/i0.wp.com\/agrund.com\/wp-content\/uploads\/sites\/6\/2014\/02\/gisele-bundchen-e-a-estrela-de-emilio-pucci-1.jpg?fit=550%2C563&amp;ssl=1\" data-orig-size=\"550,563\" data-comments-opened=\"1\" data-image-meta=\"{&quot;aperture&quot;:&quot;0&quot;,&quot;credit&quot;:&quot;&quot;,&quot;camera&quot;:&quot;&quot;,&quot;caption&quot;:&quot;&quot;,&quot;created_timestamp&quot;:&quot;0&quot;,&quot;copyright&quot;:&quot;&quot;,&quot;focal_length&quot;:&quot;0&quot;,&quot;iso&quot;:&quot;0&quot;,&quot;shutter_speed&quot;:&quot;0&quot;,&quot;title&quot;:&quot;&quot;,&quot;orientation&quot;:&quot;0&quot;}\" data-image-title=\"gisele-bundchen-e-a-estrela-de-emilio-pucci (1)\" data-image-description=\"\" data-image-caption=\"&lt;p&gt;Gisele B\u00fcndchen \u00e9 a estrela de Emilio Pucci &lt;\/p&gt;\n\" data-medium-file=\"https:\/\/i0.wp.com\/agrund.com\/wp-content\/uploads\/sites\/6\/2014\/02\/gisele-bundchen-e-a-estrela-de-emilio-pucci-1.jpg?fit=293%2C300&amp;ssl=1\" data-large-file=\"https:\/\/i0.wp.com\/agrund.com\/wp-content\/uploads\/sites\/6\/2014\/02\/gisele-bundchen-e-a-estrela-de-emilio-pucci-1.jpg?fit=550%2C563&amp;ssl=1\" decoding=\"async\" loading=\"lazy\" class=\"size-large wp-image-95908\" alt=\"Gisele B\u00fcndchen \u00e9 a estrela de Emilio Pucci \" src=\"https:\/\/i0.wp.com\/www.agrund.com\/wp-content\/uploads\/sites\/6\/cache\/2014\/02\/gisele-bundchen-e-a-estrela-de-emilio-pucci-1\/38042186.jpg?resize=550%2C563\" width=\"550\" height=\"563\" data-recalc-dims=\"1\" \/><\/a><p id=\"caption-attachment-95908\" class=\"wp-caption-text\">Gisele B\u00fcndchen \u00e9 a estrela de Emilio Pucci<\/p><\/div>\n<div id=\"attachment_95909\" style=\"width: 560px\" class=\"wp-caption aligncenter\"><a href=\"https:\/\/i0.wp.com\/www.agrund.com\/wp-content\/uploads\/sites\/6\/2014\/02\/gisele-bundchen-e-a-estrela-de-emilio-pucci-2.jpg\"><img aria-describedby=\"caption-attachment-95909\" data-attachment-id=\"95909\" data-permalink=\"https:\/\/agrund.com\/index.php\/gisele-bundchen-e-a-estrela-de-emilio-pucci\/gisele-bundchen-e-a-estrela-de-emilio-pucci-2\/\" data-orig-file=\"https:\/\/i0.wp.com\/agrund.com\/wp-content\/uploads\/sites\/6\/2014\/02\/gisele-bundchen-e-a-estrela-de-emilio-pucci-2.jpg?fit=550%2C577&amp;ssl=1\" data-orig-size=\"550,577\" data-comments-opened=\"1\" data-image-meta=\"{&quot;aperture&quot;:&quot;0&quot;,&quot;credit&quot;:&quot;&quot;,&quot;camera&quot;:&quot;&quot;,&quot;caption&quot;:&quot;&quot;,&quot;created_timestamp&quot;:&quot;0&quot;,&quot;copyright&quot;:&quot;&quot;,&quot;focal_length&quot;:&quot;0&quot;,&quot;iso&quot;:&quot;0&quot;,&quot;shutter_speed&quot;:&quot;0&quot;,&quot;title&quot;:&quot;&quot;,&quot;orientation&quot;:&quot;0&quot;}\" data-image-title=\"gisele-bundchen-e-a-estrela-de-emilio-pucci (2)\" data-image-description=\"\" data-image-caption=\"&lt;p&gt;Gisele B\u00fcndchen \u00e9 a estrela de Emilio Pucci &lt;\/p&gt;\n\" data-medium-file=\"https:\/\/i0.wp.com\/agrund.com\/wp-content\/uploads\/sites\/6\/2014\/02\/gisele-bundchen-e-a-estrela-de-emilio-pucci-2.jpg?fit=286%2C300&amp;ssl=1\" data-large-file=\"https:\/\/i0.wp.com\/agrund.com\/wp-content\/uploads\/sites\/6\/2014\/02\/gisele-bundchen-e-a-estrela-de-emilio-pucci-2.jpg?fit=550%2C577&amp;ssl=1\" decoding=\"async\" loading=\"lazy\" class=\"size-large wp-image-95909\" alt=\"Gisele B\u00fcndchen \u00e9 a estrela de Emilio Pucci \" src=\"https:\/\/i0.wp.com\/www.agrund.com\/wp-content\/uploads\/sites\/6\/cache\/2014\/02\/gisele-bundchen-e-a-estrela-de-emilio-pucci-2\/2362146217.jpg?resize=550%2C577\" width=\"550\" height=\"577\" data-recalc-dims=\"1\" \/><\/a><p id=\"caption-attachment-95909\" class=\"wp-caption-text\">Gisele B\u00fcndchen \u00e9 a estrela de Emilio Pucci<\/p><\/div>\n<div id=\"attachment_95910\" style=\"width: 560px\" class=\"wp-caption aligncenter\"><a href=\"https:\/\/i0.wp.com\/www.agrund.com\/wp-content\/uploads\/sites\/6\/2014\/02\/gisele-bundchen-e-a-estrela-de-emilio-pucci-3.jpg\"><img aria-describedby=\"caption-attachment-95910\" data-attachment-id=\"95910\" data-permalink=\"https:\/\/agrund.com\/index.php\/gisele-bundchen-e-a-estrela-de-emilio-pucci\/gisele-bundchen-e-a-estrela-de-emilio-pucci-3\/\" data-orig-file=\"https:\/\/i0.wp.com\/agrund.com\/wp-content\/uploads\/sites\/6\/2014\/02\/gisele-bundchen-e-a-estrela-de-emilio-pucci-3.jpg?fit=550%2C578&amp;ssl=1\" data-orig-size=\"550,578\" data-comments-opened=\"1\" data-image-meta=\"{&quot;aperture&quot;:&quot;0&quot;,&quot;credit&quot;:&quot;&quot;,&quot;camera&quot;:&quot;&quot;,&quot;caption&quot;:&quot;&quot;,&quot;created_timestamp&quot;:&quot;0&quot;,&quot;copyright&quot;:&quot;&quot;,&quot;focal_length&quot;:&quot;0&quot;,&quot;iso&quot;:&quot;0&quot;,&quot;shutter_speed&quot;:&quot;0&quot;,&quot;title&quot;:&quot;&quot;,&quot;orientation&quot;:&quot;0&quot;}\" data-image-title=\"gisele-bundchen-e-a-estrela-de-emilio-pucci (3)\" data-image-description=\"\" data-image-caption=\"&lt;p&gt;Gisele B\u00fcndchen \u00e9 a estrela de Emilio Pucci &lt;\/p&gt;\n\" data-medium-file=\"https:\/\/i0.wp.com\/agrund.com\/wp-content\/uploads\/sites\/6\/2014\/02\/gisele-bundchen-e-a-estrela-de-emilio-pucci-3.jpg?fit=285%2C300&amp;ssl=1\" data-large-file=\"https:\/\/i0.wp.com\/agrund.com\/wp-content\/uploads\/sites\/6\/2014\/02\/gisele-bundchen-e-a-estrela-de-emilio-pucci-3.jpg?fit=550%2C578&amp;ssl=1\" decoding=\"async\" loading=\"lazy\" class=\"size-large wp-image-95910\" alt=\"Gisele B\u00fcndchen \u00e9 a estrela de Emilio Pucci \" src=\"https:\/\/i0.wp.com\/www.agrund.com\/wp-content\/uploads\/sites\/6\/cache\/2014\/02\/gisele-bundchen-e-a-estrela-de-emilio-pucci-3\/1080130871.jpg?resize=550%2C578\" width=\"550\" height=\"578\" data-recalc-dims=\"1\" \/><\/a><p id=\"caption-attachment-95910\" class=\"wp-caption-text\">Gisele B\u00fcndchen \u00e9 a estrela de Emilio Pucci<\/p><\/div>\n<div id=\"attachment_95911\" style=\"width: 560px\" class=\"wp-caption aligncenter\"><a href=\"https:\/\/i0.wp.com\/www.agrund.com\/wp-content\/uploads\/sites\/6\/2014\/02\/gisele-bundchen-e-a-estrela-de-emilio-pucci-4.jpg\"><img aria-describedby=\"caption-attachment-95911\" data-attachment-id=\"95911\" data-permalink=\"https:\/\/agrund.com\/index.php\/gisele-bundchen-e-a-estrela-de-emilio-pucci\/gisele-bundchen-e-a-estrela-de-emilio-pucci-4\/\" data-orig-file=\"https:\/\/i0.wp.com\/agrund.com\/wp-content\/uploads\/sites\/6\/2014\/02\/gisele-bundchen-e-a-estrela-de-emilio-pucci-4.jpg?fit=550%2C562&amp;ssl=1\" data-orig-size=\"550,562\" data-comments-opened=\"1\" data-image-meta=\"{&quot;aperture&quot;:&quot;0&quot;,&quot;credit&quot;:&quot;&quot;,&quot;camera&quot;:&quot;&quot;,&quot;caption&quot;:&quot;&quot;,&quot;created_timestamp&quot;:&quot;0&quot;,&quot;copyright&quot;:&quot;&quot;,&quot;focal_length&quot;:&quot;0&quot;,&quot;iso&quot;:&quot;0&quot;,&quot;shutter_speed&quot;:&quot;0&quot;,&quot;title&quot;:&quot;&quot;,&quot;orientation&quot;:&quot;0&quot;}\" data-image-title=\"gisele-bundchen-e-a-estrela-de-emilio-pucci (4)\" data-image-description=\"\" data-image-caption=\"&lt;p&gt;Gisele B\u00fcndchen \u00e9 a estrela de Emilio Pucci &lt;\/p&gt;\n\" data-medium-file=\"https:\/\/i0.wp.com\/agrund.com\/wp-content\/uploads\/sites\/6\/2014\/02\/gisele-bundchen-e-a-estrela-de-emilio-pucci-4.jpg?fit=294%2C300&amp;ssl=1\" data-large-file=\"https:\/\/i0.wp.com\/agrund.com\/wp-content\/uploads\/sites\/6\/2014\/02\/gisele-bundchen-e-a-estrela-de-emilio-pucci-4.jpg?fit=550%2C562&amp;ssl=1\" decoding=\"async\" loading=\"lazy\" class=\"size-large wp-image-95911\" alt=\"Gisele B\u00fcndchen \u00e9 a estrela de Emilio Pucci \" src=\"https:\/\/i0.wp.com\/www.agrund.com\/wp-content\/uploads\/sites\/6\/cache\/2014\/02\/gisele-bundchen-e-a-estrela-de-emilio-pucci-4\/1252291630.jpg?resize=550%2C562\" width=\"550\" height=\"562\" data-recalc-dims=\"1\" \/><\/a><p id=\"caption-attachment-95911\" class=\"wp-caption-text\">Gisele B\u00fcndchen \u00e9 a estrela de Emilio Pucci<\/p><\/div>\n<p>Imagens: Reprodu\u00e7\u00e3o.<\/p>\n","protected":false},"excerpt":{"rendered":"<p>Doutzen Kroes pode ter sido a garota-propaganda do inverno 2013 de Emilio Pucci, mas o ver\u00e3o da marca j\u00e1 tem uma nova estrela. Gisele B\u00fcndchen foi a escolhida para estrelar a campanha primavera\/ver\u00e3o 2014 clicada por Mario Sorrenti. Nos quatro cliques divulgados, a top aparece com cal\u00e7as, casacos, saias, vestidos e top cropped, tudo super [&hellip;]<\/p>\n","protected":false},"author":1,"featured_media":95912,"comment_status":"open","ping_status":"open","sticky":false,"template":"","format":"standard","meta":{"jetpack_post_was_ever_published":false,"_jetpack_newsletter_access":"","jetpack_publicize_message":"","jetpack_is_tweetstorm":false,"jetpack_publicize_feature_enabled":true,"jetpack_social_post_already_shared":true,"jetpack_social_options":{"image_generator_settings":{"template":"highway","enabled":false}}},"categories":[2],"tags":[],"jetpack_publicize_connections":[],"jetpack_featured_media_url":"https:\/\/i0.wp.com\/agrund.com\/wp-content\/uploads\/sites\/6\/2014\/02\/slide59.jpg?fit=960%2C300&ssl=1","jetpack_sharing_enabled":true,"jetpack_shortlink":"https:\/\/wp.me\/p3Hz0n-oWT","jetpack_likes_enabled":true,"_links":{"self":[{"href":"https:\/\/agrund.com\/index.php\/wp-json\/wp\/v2\/posts\/95907"}],"collection":[{"href":"https:\/\/agrund.com\/index.php\/wp-json\/wp\/v2\/posts"}],"about":[{"href":"https:\/\/agrund.com\/index.php\/wp-json\/wp\/v2\/types\/post"}],"author":[{"embeddable":true,"href":"https:\/\/agrund.com\/index.php\/wp-json\/wp\/v2\/users\/1"}],"replies":[{"embeddable":true,"href":"https:\/\/agrund.com\/index.php\/wp-json\/wp\/v2\/comments?post=95907"}],"version-history":[{"count":0,"href":"https:\/\/agrund.com\/index.php\/wp-json\/wp\/v2\/posts\/95907\/revisions"}],"wp:featuredmedia":[{"embeddable":true,"href":"https:\/\/agrund.com\/index.php\/wp-json\/wp\/v2\/media\/95912"}],"wp:attachment":[{"href":"https:\/\/agrund.com\/index.php\/wp-json\/wp\/v2\/media?parent=95907"}],"wp:term":[{"taxonomy":"category","embeddable":true,"href":"https:\/\/agrund.com\/index.php\/wp-json\/wp\/v2\/categories?post=95907"},{"taxonomy":"post_tag","embeddable":true,"href":"https:\/\/agrund.com\/index.php\/wp-json\/wp\/v2\/tags?post=95907"}],"curies":[{"name":"wp","href":"https:\/\/api.w.org\/{rel}","templated":true}]}}