{"id":9586,"date":"2011-05-10T15:00:16","date_gmt":"2011-05-10T18:00:16","guid":{"rendered":"http:\/\/www.agrund.com\/blogs\/notas\/?p=9586"},"modified":"2011-05-10T15:00:16","modified_gmt":"2011-05-10T18:00:16","slug":"workshop-bob-wolfenson-na-escola-sao-paulo","status":"publish","type":"post","link":"https:\/\/agrund.com\/index.php\/workshop-bob-wolfenson-na-escola-sao-paulo\/","title":{"rendered":"Workshop :: Bob Wolfenson na Escola S\u00e3o Paulo"},"content":{"rendered":"<p>A Escola S\u00e3o Paulo est\u00e1 oferecendo um workshop de fotografia voltado para a fotografia de moda. Separado em duas partes, o fotografo ensinar\u00e1 o processo da fotografia de moda a partir de publicidades, trabalhos autorais e projetos de moda, alem de apresentar sua pr\u00f3pria trajet\u00f3ria profissional. O curso \u00e9 voltado para estudantes, profissionais e interessados das seguintes \u00e1reas: fotografia, moda, comunica\u00e7\u00e3o e artes visuais.<\/p>\n<p style=\"text-align: center\"><img decoding=\"async\" loading=\"lazy\" class=\"aligncenter size-full wp-image-9588\" src=\"https:\/\/i0.wp.com\/www.agrund.com\/arquivo\/notas\/files\/2011\/05\/888_BobWolfenson1web.jpg?resize=388%2C266\" alt=\"\" width=\"388\" height=\"266\" data-recalc-dims=\"1\" \/><\/p>\n<p style=\"text-align: center\"><strong>PLANO DE AULA<\/strong><\/p>\n<p style=\"text-align: center\">Primeira Parte<\/p>\n<p>&#8211; Editorias de moda, trabalhos publicit\u00e1rios, projetos encomendados x olhar pessoal, problemas e solu\u00e7\u00f5es, arte e com\u00e9rcio.<\/p>\n<p>&#8211; Almo\u00e7o na Escola, incluso no valor do curso.<\/p>\n<p style=\"text-align: center\">Segunda Parte<\/p>\n<p>&#8211; Trajet\u00f3ria autoral, as \u00faltimas exposi\u00e7\u00f5es<\/p>\n<p>(\u201cA caminho do mar\u201d, \u201cCinepolis\u201d e \u201cApreens\u00f5es\u201d).<\/p>\n<p style=\"text-align: center\">Local: Escola S\u00e3o Paulo<\/p>\n<p style=\"text-align: center\">Rua Augusta, 2239<\/p>\n<p style=\"text-align: center\">Informa\u00e7\u00f5es e Reservas: (11) 3060.3636<\/p>\n<p style=\"text-align: center\"><a href=\"http:\/\/www.escolasaopaulo.org\/\">www.escolasaopaulo.org<\/a><\/p>\n","protected":false},"excerpt":{"rendered":"<p>A Escola S\u00e3o Paulo est\u00e1 oferecendo um workshop de fotografia voltado para a fotografia de moda. Separado em duas partes, o fotografo ensinar\u00e1 o processo da fotografia de moda a partir de publicidades, trabalhos autorais e projetos de moda, alem de apresentar sua pr\u00f3pria trajet\u00f3ria profissional. O curso \u00e9 voltado para estudantes, profissionais e interessados [&hellip;]<\/p>\n","protected":false},"author":8,"featured_media":9588,"comment_status":"open","ping_status":"open","sticky":false,"template":"","format":"standard","meta":{"jetpack_post_was_ever_published":false,"_jetpack_newsletter_access":"","jetpack_publicize_message":"","jetpack_is_tweetstorm":false,"jetpack_publicize_feature_enabled":true,"jetpack_social_post_already_shared":false,"jetpack_social_options":{"image_generator_settings":{"template":"highway","enabled":false}}},"categories":[2],"tags":[],"jetpack_publicize_connections":[],"jetpack_featured_media_url":"","jetpack_sharing_enabled":true,"jetpack_shortlink":"https:\/\/wp.me\/p3Hz0n-2uC","jetpack_likes_enabled":true,"_links":{"self":[{"href":"https:\/\/agrund.com\/index.php\/wp-json\/wp\/v2\/posts\/9586"}],"collection":[{"href":"https:\/\/agrund.com\/index.php\/wp-json\/wp\/v2\/posts"}],"about":[{"href":"https:\/\/agrund.com\/index.php\/wp-json\/wp\/v2\/types\/post"}],"author":[{"embeddable":true,"href":"https:\/\/agrund.com\/index.php\/wp-json\/wp\/v2\/users\/8"}],"replies":[{"embeddable":true,"href":"https:\/\/agrund.com\/index.php\/wp-json\/wp\/v2\/comments?post=9586"}],"version-history":[{"count":0,"href":"https:\/\/agrund.com\/index.php\/wp-json\/wp\/v2\/posts\/9586\/revisions"}],"wp:featuredmedia":[{"embeddable":true,"href":"https:\/\/agrund.com\/index.php\/wp-json\/"}],"wp:attachment":[{"href":"https:\/\/agrund.com\/index.php\/wp-json\/wp\/v2\/media?parent=9586"}],"wp:term":[{"taxonomy":"category","embeddable":true,"href":"https:\/\/agrund.com\/index.php\/wp-json\/wp\/v2\/categories?post=9586"},{"taxonomy":"post_tag","embeddable":true,"href":"https:\/\/agrund.com\/index.php\/wp-json\/wp\/v2\/tags?post=9586"}],"curies":[{"name":"wp","href":"https:\/\/api.w.org\/{rel}","templated":true}]}}