{"id":95734,"date":"2014-02-10T20:00:28","date_gmt":"2014-02-10T22:00:28","guid":{"rendered":"http:\/\/www.agrund.com\/?p=95734"},"modified":"2014-02-10T13:33:38","modified_gmt":"2014-02-10T15:33:38","slug":"confira-nova-abertura-do-esquadrao-da-moda","status":"publish","type":"post","link":"https:\/\/agrund.com\/index.php\/confira-nova-abertura-do-esquadrao-da-moda\/","title":{"rendered":"Confira nova abertura do Esquadr\u00e3o da Moda"},"content":{"rendered":"<p>Para come\u00e7ar 2014 com tudo, o Esquadr\u00e3o da Moda renovou sua vinheta e traz uma bela transforma\u00e7\u00e3o em tr\u00eas modelos. O mais legal \u00e9 que a nova abertura deu mais identidade ao programa. Se voc\u00ea ainda n\u00e3o viu, pode curtir aqui. Confira!<\/p>\n<p><span class=\"embed-youtube\" style=\"text-align:center; display: block;\"><iframe loading=\"lazy\" class=\"youtube-player\" width=\"640\" height=\"360\" src=\"https:\/\/www.youtube.com\/embed\/u7Ps0Qfo_X4?version=3&#038;rel=1&#038;showsearch=0&#038;showinfo=1&#038;iv_load_policy=1&#038;fs=1&#038;hl=pt-BR&#038;autohide=2&#038;wmode=transparent\" allowfullscreen=\"true\" style=\"border:0;\" sandbox=\"allow-scripts allow-same-origin allow-popups allow-presentation\"><\/iframe><\/span><\/p>\n<div id=\"attachment_95735\" style=\"width: 560px\" class=\"wp-caption aligncenter\"><a href=\"https:\/\/i0.wp.com\/www.agrund.com\/wp-content\/uploads\/sites\/6\/2014\/02\/confira-nova-abertura-do-esquadrao-da-moda.jpg\"><img aria-describedby=\"caption-attachment-95735\" data-attachment-id=\"95735\" data-permalink=\"https:\/\/agrund.com\/index.php\/confira-nova-abertura-do-esquadrao-da-moda\/confira-nova-abertura-do-esquadrao-da-moda\/\" data-orig-file=\"https:\/\/i0.wp.com\/agrund.com\/wp-content\/uploads\/sites\/6\/2014\/02\/confira-nova-abertura-do-esquadrao-da-moda.jpg?fit=550%2C292&amp;ssl=1\" data-orig-size=\"550,292\" data-comments-opened=\"1\" data-image-meta=\"{&quot;aperture&quot;:&quot;0&quot;,&quot;credit&quot;:&quot;&quot;,&quot;camera&quot;:&quot;&quot;,&quot;caption&quot;:&quot;&quot;,&quot;created_timestamp&quot;:&quot;0&quot;,&quot;copyright&quot;:&quot;&quot;,&quot;focal_length&quot;:&quot;0&quot;,&quot;iso&quot;:&quot;0&quot;,&quot;shutter_speed&quot;:&quot;0&quot;,&quot;title&quot;:&quot;&quot;}\" data-image-title=\"confira-nova-abertura-do-esquadrao-da-moda\" data-image-description=\"\" data-image-caption=\"&lt;p&gt;Confira nova abertura do Esquadr\u00e3o da Moda&lt;\/p&gt;\n\" data-medium-file=\"https:\/\/i0.wp.com\/agrund.com\/wp-content\/uploads\/sites\/6\/2014\/02\/confira-nova-abertura-do-esquadrao-da-moda.jpg?fit=300%2C159&amp;ssl=1\" data-large-file=\"https:\/\/i0.wp.com\/agrund.com\/wp-content\/uploads\/sites\/6\/2014\/02\/confira-nova-abertura-do-esquadrao-da-moda.jpg?fit=550%2C292&amp;ssl=1\" decoding=\"async\" loading=\"lazy\" class=\"size-large wp-image-95735\" alt=\"Confira nova abertura do Esquadr\u00e3o da Moda\" src=\"https:\/\/i0.wp.com\/www.agrund.com\/wp-content\/uploads\/sites\/6\/cache\/2014\/02\/confira-nova-abertura-do-esquadrao-da-moda\/3619737636.jpg?resize=550%2C292\" width=\"550\" height=\"292\" data-recalc-dims=\"1\" \/><\/a><p id=\"caption-attachment-95735\" class=\"wp-caption-text\">Confira nova abertura do Esquadr\u00e3o da Moda<\/p><\/div>\n<p>Imagem e V\u00eddeo: Divulga\u00e7\u00e3o.<\/p>\n","protected":false},"excerpt":{"rendered":"<p>Para come\u00e7ar 2014 com tudo, o Esquadr\u00e3o da Moda renovou sua vinheta e traz uma bela transforma\u00e7\u00e3o em tr\u00eas modelos. O mais legal \u00e9 que a nova abertura deu mais identidade ao programa. Se voc\u00ea ainda n\u00e3o viu, pode curtir aqui. Confira! Imagem e V\u00eddeo: Divulga\u00e7\u00e3o.<\/p>\n","protected":false},"author":1,"featured_media":95736,"comment_status":"open","ping_status":"open","sticky":false,"template":"","format":"standard","meta":{"jetpack_post_was_ever_published":false,"_jetpack_newsletter_access":"","jetpack_publicize_message":"","jetpack_is_tweetstorm":false,"jetpack_publicize_feature_enabled":true,"jetpack_social_post_already_shared":true,"jetpack_social_options":{"image_generator_settings":{"template":"highway","enabled":false}}},"categories":[2],"tags":[],"jetpack_publicize_connections":[],"jetpack_featured_media_url":"https:\/\/i0.wp.com\/agrund.com\/wp-content\/uploads\/sites\/6\/2014\/02\/slide48.jpg?fit=960%2C300&ssl=1","jetpack_sharing_enabled":true,"jetpack_shortlink":"https:\/\/wp.me\/p3Hz0n-oU6","jetpack_likes_enabled":true,"_links":{"self":[{"href":"https:\/\/agrund.com\/index.php\/wp-json\/wp\/v2\/posts\/95734"}],"collection":[{"href":"https:\/\/agrund.com\/index.php\/wp-json\/wp\/v2\/posts"}],"about":[{"href":"https:\/\/agrund.com\/index.php\/wp-json\/wp\/v2\/types\/post"}],"author":[{"embeddable":true,"href":"https:\/\/agrund.com\/index.php\/wp-json\/wp\/v2\/users\/1"}],"replies":[{"embeddable":true,"href":"https:\/\/agrund.com\/index.php\/wp-json\/wp\/v2\/comments?post=95734"}],"version-history":[{"count":0,"href":"https:\/\/agrund.com\/index.php\/wp-json\/wp\/v2\/posts\/95734\/revisions"}],"wp:featuredmedia":[{"embeddable":true,"href":"https:\/\/agrund.com\/index.php\/wp-json\/wp\/v2\/media\/95736"}],"wp:attachment":[{"href":"https:\/\/agrund.com\/index.php\/wp-json\/wp\/v2\/media?parent=95734"}],"wp:term":[{"taxonomy":"category","embeddable":true,"href":"https:\/\/agrund.com\/index.php\/wp-json\/wp\/v2\/categories?post=95734"},{"taxonomy":"post_tag","embeddable":true,"href":"https:\/\/agrund.com\/index.php\/wp-json\/wp\/v2\/tags?post=95734"}],"curies":[{"name":"wp","href":"https:\/\/api.w.org\/{rel}","templated":true}]}}