{"id":95432,"date":"2014-02-06T22:00:41","date_gmt":"2014-02-07T00:00:41","guid":{"rendered":"http:\/\/www.agrund.com\/?p=95432"},"modified":"2014-02-06T17:16:54","modified_gmt":"2014-02-06T19:16:54","slug":"glamour-assista-o-comercial-da-fragrancia-rise-de-beyonce","status":"publish","type":"post","link":"https:\/\/agrund.com\/index.php\/glamour-assista-o-comercial-da-fragrancia-rise-de-beyonce\/","title":{"rendered":"Glamour :: Assista o comercial da fragr\u00e2ncia &#8216;Rise&#8217; de Beyonc\u00e9"},"content":{"rendered":"<p>Voc\u00eas se lembram que contamos <a href=\"http:\/\/www.agrund.com\/beyonce-anuncia-sua-nova-fragrancia\/\">AQUI<\/a> sobre a nova fragr\u00e2ncia de Beyonc\u00e9? Chamado Rise, o perfume ainda n\u00e3o tinha campanha at\u00e9 o momento, por\u00e9m seu comercial acaba de ser divulgado na internet.<br \/>\nO v\u00eddeo \u00e9 dirigido por Jake Nava, respons\u00e1vel tamb\u00e9m clipe de &#8220;Single Ladies&#8221;, e traz a cantora surgindo sexy e com os cabelos ao vento, sua marca registrada, em meio a nuvens de glitter dourados.<\/p>\n<p>Enquanto as imagens aparecem, Beyonc\u00e9 afirma o poder de sua nova fragr\u00e2ncia com as frases: &#8220;Voc\u00ea pode desaparecer, voc\u00ea pode movimentar as coisas&#8230; N\u00e3o se limite a nada, liberte-se. Agarre os elementos e a partir de agora voc\u00ea estar\u00e1 sempre no topo.&#8221;<\/p>\n<p>Aperte o play:<\/p>\n<p><span class=\"embed-youtube\" style=\"text-align:center; display: block;\"><iframe loading=\"lazy\" class=\"youtube-player\" width=\"640\" height=\"360\" src=\"https:\/\/www.youtube.com\/embed\/bMKDSlQBET8?version=3&#038;rel=1&#038;showsearch=0&#038;showinfo=1&#038;iv_load_policy=1&#038;fs=1&#038;hl=pt-BR&#038;autohide=2&#038;wmode=transparent\" allowfullscreen=\"true\" style=\"border:0;\" sandbox=\"allow-scripts allow-same-origin allow-popups allow-presentation\"><\/iframe><\/span><\/p>\n<div id=\"attachment_95433\" style=\"width: 560px\" class=\"wp-caption aligncenter\"><a href=\"https:\/\/i0.wp.com\/www.agrund.com\/wp-content\/uploads\/sites\/6\/2014\/02\/glamour-assista-o-comercial-da-fragrancia-rise-de-beyonce.jpg\"><img aria-describedby=\"caption-attachment-95433\" data-attachment-id=\"95433\" data-permalink=\"https:\/\/agrund.com\/index.php\/glamour-assista-o-comercial-da-fragrancia-rise-de-beyonce\/glamour-assista-o-comercial-da-fragrancia-rise-de-beyonce\/\" data-orig-file=\"https:\/\/i0.wp.com\/agrund.com\/wp-content\/uploads\/sites\/6\/2014\/02\/glamour-assista-o-comercial-da-fragrancia-rise-de-beyonce.jpg?fit=550%2C344&amp;ssl=1\" data-orig-size=\"550,344\" data-comments-opened=\"1\" data-image-meta=\"{&quot;aperture&quot;:&quot;0&quot;,&quot;credit&quot;:&quot;&quot;,&quot;camera&quot;:&quot;&quot;,&quot;caption&quot;:&quot;&quot;,&quot;created_timestamp&quot;:&quot;0&quot;,&quot;copyright&quot;:&quot;&quot;,&quot;focal_length&quot;:&quot;0&quot;,&quot;iso&quot;:&quot;0&quot;,&quot;shutter_speed&quot;:&quot;0&quot;,&quot;title&quot;:&quot;&quot;}\" data-image-title=\"glamour-assista-o-comercial-da-fragrancia-rise-de-beyonce\" data-image-description=\"\" data-image-caption=\"&lt;p&gt;Glamour :: Assista o comercial da fragr\u00e2ncia &#8216;Rise&#8217; de Beyonc\u00e9&lt;\/p&gt;\n\" data-medium-file=\"https:\/\/i0.wp.com\/agrund.com\/wp-content\/uploads\/sites\/6\/2014\/02\/glamour-assista-o-comercial-da-fragrancia-rise-de-beyonce.jpg?fit=300%2C187&amp;ssl=1\" data-large-file=\"https:\/\/i0.wp.com\/agrund.com\/wp-content\/uploads\/sites\/6\/2014\/02\/glamour-assista-o-comercial-da-fragrancia-rise-de-beyonce.jpg?fit=550%2C344&amp;ssl=1\" decoding=\"async\" loading=\"lazy\" class=\"size-large wp-image-95433\" alt=\"Glamour :: Assista o comercial da fragr\u00e2ncia 'Rise' de Beyonc\u00e9\" src=\"https:\/\/i0.wp.com\/www.agrund.com\/wp-content\/uploads\/sites\/6\/cache\/2014\/02\/glamour-assista-o-comercial-da-fragrancia-rise-de-beyonce\/1321562528.jpg?resize=550%2C344\" width=\"550\" height=\"344\" data-recalc-dims=\"1\" \/><\/a><p id=\"caption-attachment-95433\" class=\"wp-caption-text\">Glamour :: Assista o comercial da fragr\u00e2ncia &#8216;Rise&#8217; de Beyonc\u00e9<\/p><\/div>\n<p>Imagem e V\u00eddeo: Reprodu\u00e7\u00e3o.<\/p>\n","protected":false},"excerpt":{"rendered":"<p>Voc\u00eas se lembram que contamos AQUI sobre a nova fragr\u00e2ncia de Beyonc\u00e9? Chamado Rise, o perfume ainda n\u00e3o tinha campanha at\u00e9 o momento, por\u00e9m seu comercial acaba de ser divulgado na internet. O v\u00eddeo \u00e9 dirigido por Jake Nava, respons\u00e1vel tamb\u00e9m clipe de &#8220;Single Ladies&#8221;, e traz a cantora surgindo sexy e com os cabelos [&hellip;]<\/p>\n","protected":false},"author":1,"featured_media":95434,"comment_status":"open","ping_status":"open","sticky":false,"template":"","format":"standard","meta":{"jetpack_post_was_ever_published":false,"_jetpack_newsletter_access":"","jetpack_publicize_message":"","jetpack_is_tweetstorm":false,"jetpack_publicize_feature_enabled":true,"jetpack_social_post_already_shared":true,"jetpack_social_options":{"image_generator_settings":{"template":"highway","enabled":false}}},"categories":[2],"tags":[],"jetpack_publicize_connections":[],"jetpack_featured_media_url":"https:\/\/i0.wp.com\/agrund.com\/wp-content\/uploads\/sites\/6\/2014\/02\/sliderise.jpg?fit=960%2C300&ssl=1","jetpack_sharing_enabled":true,"jetpack_shortlink":"https:\/\/wp.me\/p3Hz0n-oPe","jetpack_likes_enabled":true,"_links":{"self":[{"href":"https:\/\/agrund.com\/index.php\/wp-json\/wp\/v2\/posts\/95432"}],"collection":[{"href":"https:\/\/agrund.com\/index.php\/wp-json\/wp\/v2\/posts"}],"about":[{"href":"https:\/\/agrund.com\/index.php\/wp-json\/wp\/v2\/types\/post"}],"author":[{"embeddable":true,"href":"https:\/\/agrund.com\/index.php\/wp-json\/wp\/v2\/users\/1"}],"replies":[{"embeddable":true,"href":"https:\/\/agrund.com\/index.php\/wp-json\/wp\/v2\/comments?post=95432"}],"version-history":[{"count":0,"href":"https:\/\/agrund.com\/index.php\/wp-json\/wp\/v2\/posts\/95432\/revisions"}],"wp:featuredmedia":[{"embeddable":true,"href":"https:\/\/agrund.com\/index.php\/wp-json\/wp\/v2\/media\/95434"}],"wp:attachment":[{"href":"https:\/\/agrund.com\/index.php\/wp-json\/wp\/v2\/media?parent=95432"}],"wp:term":[{"taxonomy":"category","embeddable":true,"href":"https:\/\/agrund.com\/index.php\/wp-json\/wp\/v2\/categories?post=95432"},{"taxonomy":"post_tag","embeddable":true,"href":"https:\/\/agrund.com\/index.php\/wp-json\/wp\/v2\/tags?post=95432"}],"curies":[{"name":"wp","href":"https:\/\/api.w.org\/{rel}","templated":true}]}}