{"id":95427,"date":"2014-02-06T21:00:43","date_gmt":"2014-02-06T23:00:43","guid":{"rendered":"http:\/\/www.agrund.com\/?p=95427"},"modified":"2014-02-06T14:54:29","modified_gmt":"2014-02-06T16:54:29","slug":"madonna-revela-ameacas-de-morte-por-defender-grupo-pussy-riot","status":"publish","type":"post","link":"https:\/\/agrund.com\/index.php\/madonna-revela-ameacas-de-morte-por-defender-grupo-pussy-riot\/","title":{"rendered":"Madonna revela amea\u00e7as de morte por defender grupo Pussy Riot"},"content":{"rendered":"<p>A cantora Madonna fez um discurso apaixonado no Amnesty International Concert, em Nova York, ontem \u00e0 noite (05), no qual ela descreveu a si mesma como uma &#8220;lutadora pela liberdade&#8221; quando apresentou o grupo russo &#8211; que foi para a cadeia por alega\u00e7\u00f5es de vandalismo motivado por \u00f3dio religioso depois de cantar uma can\u00e7\u00e3o de protesto em uma catedral em Moscou &#8211; para subir ao palco do Barclays Center.<\/p>\n<p>Ela disse: &#8220;O direito de ser livre, de dizer o que pensamos, de ter uma opini\u00e3o, de amar quem n\u00f3s queremos amar, ser quem n\u00f3s queremos ser &#8211; n\u00f3s temos que lutar por ele?. Eu sempre me considerei uma lutadora por liberdade desde o come\u00e7o da d\u00e9cada de 1980 quando eu percebi que eu tinha uma voz e eu poderia cantar mais do que m\u00fasicas sobre ser uma &#8216;material girl&#8217; ou se sentir como uma virgem. E eu definitivamente paguei por isso e fui punida por falar o que eu penso ou por colocar o meu pesco\u00e7o para fora contra esse tipo de discrimina\u00e7\u00e3o. Mas isso \u00e9 ok&#8221;.<br \/>\nMadonna tamb\u00e9m admitiu que ela foi amea\u00e7ada de pris\u00e3o em sua apresenta\u00e7\u00e3o na R\u00fassia em 2012 por estar promovendo &#8220;comportamento gay&#8221;. Ela acrescentou: &#8220;Desnecess\u00e1rio dizer que eu n\u00e3o mudei nenhum momento do meu show. Oitenta e sete dos meus f\u00e3s foram presos por comportamento gay &#8211; seja l\u00e1 o que isso for&#8221;.<br \/>\nE a cantora de 55 anos &#8211; que cria os filhos Lourdes, 17, Rocco, 13, David e Mercy, ambos de 8 anos- tamb\u00e9m brincou com o nome do grupo. Ela disse: &#8220;Eu gostaria de agradecer ao Pussy Riot por tornar a palavra &#8216;pussy&#8217; uma palavra pronunci\u00e1vel em minha casa. Agora, minha filha de oito anos diz o tempo todo&#8221;. Enquanto Madonna e Pussy Riot n\u00e3o se apresentaram no show, estrelas incluindo Cold War Kids, Lauryn Hill e Blondie tocaram algumas de suas m\u00fasicas.<\/p>\n<div id=\"attachment_95428\" style=\"width: 562px\" class=\"wp-caption aligncenter\"><a href=\"https:\/\/i0.wp.com\/www.agrund.com\/wp-content\/uploads\/sites\/6\/2014\/02\/madonna-revela-ameacas-de-morte-por-defender-grupo-pussy-riot.jpg\"><img aria-describedby=\"caption-attachment-95428\" data-attachment-id=\"95428\" data-permalink=\"https:\/\/agrund.com\/index.php\/madonna-revela-ameacas-de-morte-por-defender-grupo-pussy-riot\/madonna-revela-ameacas-de-morte-por-defender-grupo-pussy-riot\/\" data-orig-file=\"https:\/\/i0.wp.com\/agrund.com\/wp-content\/uploads\/sites\/6\/2014\/02\/madonna-revela-ameacas-de-morte-por-defender-grupo-pussy-riot.jpg?fit=552%2C368&amp;ssl=1\" data-orig-size=\"552,368\" data-comments-opened=\"1\" data-image-meta=\"{&quot;aperture&quot;:&quot;0&quot;,&quot;credit&quot;:&quot;&quot;,&quot;camera&quot;:&quot;&quot;,&quot;caption&quot;:&quot;&quot;,&quot;created_timestamp&quot;:&quot;0&quot;,&quot;copyright&quot;:&quot;&quot;,&quot;focal_length&quot;:&quot;0&quot;,&quot;iso&quot;:&quot;0&quot;,&quot;shutter_speed&quot;:&quot;0&quot;,&quot;title&quot;:&quot;&quot;}\" data-image-title=\"madonna-revela-ameacas-de-morte-por-defender-grupo-pussy-riot\" data-image-description=\"\" data-image-caption=\"&lt;p&gt;Madonna revela amea\u00e7as de morte por defender grupo Pussy Riot&lt;\/p&gt;\n\" data-medium-file=\"https:\/\/i0.wp.com\/agrund.com\/wp-content\/uploads\/sites\/6\/2014\/02\/madonna-revela-ameacas-de-morte-por-defender-grupo-pussy-riot.jpg?fit=300%2C200&amp;ssl=1\" data-large-file=\"https:\/\/i0.wp.com\/agrund.com\/wp-content\/uploads\/sites\/6\/2014\/02\/madonna-revela-ameacas-de-morte-por-defender-grupo-pussy-riot.jpg?fit=552%2C368&amp;ssl=1\" decoding=\"async\" loading=\"lazy\" class=\"size-large wp-image-95428\" alt=\"Madonna revela amea\u00e7as de morte por defender grupo Pussy Riot\" src=\"https:\/\/i0.wp.com\/www.agrund.com\/wp-content\/uploads\/sites\/6\/cache\/2014\/02\/madonna-revela-ameacas-de-morte-por-defender-grupo-pussy-riot\/1586317853.jpg?resize=552%2C368\" width=\"552\" height=\"368\" data-recalc-dims=\"1\" \/><\/a><p id=\"caption-attachment-95428\" class=\"wp-caption-text\">Madonna revela amea\u00e7as de morte por defender grupo Pussy Riot<\/p><\/div>\n<p>Imagem: Reprodu\u00e7\u00e3o.<\/p>\n","protected":false},"excerpt":{"rendered":"<p>A cantora Madonna fez um discurso apaixonado no Amnesty International Concert, em Nova York, ontem \u00e0 noite (05), no qual ela descreveu a si mesma como uma &#8220;lutadora pela liberdade&#8221; quando apresentou o grupo russo &#8211; que foi para a cadeia por alega\u00e7\u00f5es de vandalismo motivado por \u00f3dio religioso depois de cantar uma can\u00e7\u00e3o de [&hellip;]<\/p>\n","protected":false},"author":1,"featured_media":95429,"comment_status":"open","ping_status":"open","sticky":false,"template":"","format":"standard","meta":{"jetpack_post_was_ever_published":false,"_jetpack_newsletter_access":"","jetpack_publicize_message":"","jetpack_is_tweetstorm":false,"jetpack_publicize_feature_enabled":true,"jetpack_social_post_already_shared":true,"jetpack_social_options":{"image_generator_settings":{"template":"highway","enabled":false}}},"categories":[2],"tags":[],"jetpack_publicize_connections":[],"jetpack_featured_media_url":"https:\/\/i0.wp.com\/agrund.com\/wp-content\/uploads\/sites\/6\/2014\/02\/slidemadonna.jpg?fit=960%2C300&ssl=1","jetpack_sharing_enabled":true,"jetpack_shortlink":"https:\/\/wp.me\/p3Hz0n-oP9","jetpack_likes_enabled":true,"_links":{"self":[{"href":"https:\/\/agrund.com\/index.php\/wp-json\/wp\/v2\/posts\/95427"}],"collection":[{"href":"https:\/\/agrund.com\/index.php\/wp-json\/wp\/v2\/posts"}],"about":[{"href":"https:\/\/agrund.com\/index.php\/wp-json\/wp\/v2\/types\/post"}],"author":[{"embeddable":true,"href":"https:\/\/agrund.com\/index.php\/wp-json\/wp\/v2\/users\/1"}],"replies":[{"embeddable":true,"href":"https:\/\/agrund.com\/index.php\/wp-json\/wp\/v2\/comments?post=95427"}],"version-history":[{"count":0,"href":"https:\/\/agrund.com\/index.php\/wp-json\/wp\/v2\/posts\/95427\/revisions"}],"wp:featuredmedia":[{"embeddable":true,"href":"https:\/\/agrund.com\/index.php\/wp-json\/wp\/v2\/media\/95429"}],"wp:attachment":[{"href":"https:\/\/agrund.com\/index.php\/wp-json\/wp\/v2\/media?parent=95427"}],"wp:term":[{"taxonomy":"category","embeddable":true,"href":"https:\/\/agrund.com\/index.php\/wp-json\/wp\/v2\/categories?post=95427"},{"taxonomy":"post_tag","embeddable":true,"href":"https:\/\/agrund.com\/index.php\/wp-json\/wp\/v2\/tags?post=95427"}],"curies":[{"name":"wp","href":"https:\/\/api.w.org\/{rel}","templated":true}]}}