{"id":95295,"date":"2014-02-05T15:00:37","date_gmt":"2014-02-05T17:00:37","guid":{"rendered":"http:\/\/www.agrund.com\/?p=95295"},"modified":"2014-02-05T14:47:23","modified_gmt":"2014-02-05T16:47:23","slug":"album-do-u2-foi-inspirado-por-krautrock","status":"publish","type":"post","link":"https:\/\/agrund.com\/index.php\/album-do-u2-foi-inspirado-por-krautrock\/","title":{"rendered":"\u00c1lbum do U2 foi inspirado por krautrock"},"content":{"rendered":"<p>Os respons\u00e1veis pelo hit &#8220;Vertigo&#8221; lan\u00e7aram seu novo single &#8220;Invisible&#8221; durante os comerciais do Super Bowl no final de semana, e o guitarrista The Edge relevou que a banda ouviu muita m\u00fasica eletr\u00f4nica alem\u00e3, o que os inspirou quando eles come\u00e7aram a tocar na d\u00e9cada de 1970.<br \/>\nEle disse \u00e0 BBC Radio 2: &#8220;Para n\u00f3s tem sido sobre voltar a m\u00fasica que nos inspirou em primeiro lugar, \u00e9 cru e definitivamente conduzido pela guitarra, e n\u00f3s fomos inspirados por m\u00fasica alem\u00e3 daquela \u00e9poca de krautrock, Can e Neu!, a m\u00fasica eletr\u00f4nica original que come\u00e7ou com grandes movimentos ao redor do mundo, ainda ressoando em culturas de clubes em todo o tempo que n\u00f3s passamos. Foi uma \u00e9poca interessante&#8221;.<br \/>\n&#8220;Tudo que n\u00f3s sab\u00edamos naquele momento era que n\u00f3s n\u00e3o pod\u00edamos repetir o que aconteceu nos dez anos anteriores, a m\u00fasica tinha que mudar radicalmente. Eu acho que todos n\u00f3s sentimos que est\u00e1vamos naquele momento novamente. \u00c9 hora de algo novo ser lan\u00e7ado e eu espero que n\u00f3s sejamos parte disso de alguma forma&#8221;.<br \/>\nA banda, que tamb\u00e9m conta com o l\u00edder Bono, o baixista Adam Clayton e Larren Muller Jr., est\u00e1 acrescentando os toques finais ao \u00e1lbum que ser\u00e1 lan\u00e7ado nos pr\u00f3ximos meses e eles ainda est\u00e3o revivendo a excita\u00e7\u00e3o do Super Bowl, embora The Edge n\u00e3o tenha conseguido ir ao jogo.<br \/>\nEle disse: &#8220;Eu na verdade fui para Nova York e cheguei muito perto do Super Bowl, mas eu n\u00e3o consegui chegar, eu acabei vendo da TV e foi muito excitante&#8221;.<br \/>\n&#8220;N\u00f3s estamos trabalhando h\u00e1 tanto tempo neste \u00e1lbum que voc\u00ea n\u00e3o sai muito, agora n\u00f3s estamos l\u00e1 fora no exame minucioso do p\u00fablico e \u00e9 meio que &#8216;woah'&#8221;.<\/p>\n<div id=\"attachment_95296\" style=\"width: 560px\" class=\"wp-caption aligncenter\"><a href=\"https:\/\/i0.wp.com\/www.agrund.com\/wp-content\/uploads\/sites\/6\/2014\/02\/album-do-u2-foi-inspirado-por-krautrock.jpg\"><img aria-describedby=\"caption-attachment-95296\" data-attachment-id=\"95296\" data-permalink=\"https:\/\/agrund.com\/index.php\/album-do-u2-foi-inspirado-por-krautrock\/album-do-u2-foi-inspirado-por-krautrock\/\" data-orig-file=\"https:\/\/i0.wp.com\/agrund.com\/wp-content\/uploads\/sites\/6\/2014\/02\/album-do-u2-foi-inspirado-por-krautrock.jpg?fit=550%2C357&amp;ssl=1\" data-orig-size=\"550,357\" data-comments-opened=\"1\" data-image-meta=\"{&quot;aperture&quot;:&quot;0&quot;,&quot;credit&quot;:&quot;&quot;,&quot;camera&quot;:&quot;&quot;,&quot;caption&quot;:&quot;&quot;,&quot;created_timestamp&quot;:&quot;0&quot;,&quot;copyright&quot;:&quot;&quot;,&quot;focal_length&quot;:&quot;0&quot;,&quot;iso&quot;:&quot;0&quot;,&quot;shutter_speed&quot;:&quot;0&quot;,&quot;title&quot;:&quot;&quot;}\" data-image-title=\"album-do-u2-foi-inspirado-por-krautrock\" data-image-description=\"\" data-image-caption=\"&lt;p&gt;\u00c1lbum do U2 foi inspirado por krautrock&lt;\/p&gt;\n\" data-medium-file=\"https:\/\/i0.wp.com\/agrund.com\/wp-content\/uploads\/sites\/6\/2014\/02\/album-do-u2-foi-inspirado-por-krautrock.jpg?fit=300%2C194&amp;ssl=1\" data-large-file=\"https:\/\/i0.wp.com\/agrund.com\/wp-content\/uploads\/sites\/6\/2014\/02\/album-do-u2-foi-inspirado-por-krautrock.jpg?fit=550%2C357&amp;ssl=1\" decoding=\"async\" loading=\"lazy\" class=\"size-large wp-image-95296\" alt=\"\u00c1lbum do U2 foi inspirado por krautrock\" src=\"https:\/\/i0.wp.com\/www.agrund.com\/wp-content\/uploads\/sites\/6\/cache\/2014\/02\/album-do-u2-foi-inspirado-por-krautrock\/3832744059.jpg?resize=550%2C357\" width=\"550\" height=\"357\" data-recalc-dims=\"1\" \/><\/a><p id=\"caption-attachment-95296\" class=\"wp-caption-text\">\u00c1lbum do U2 foi inspirado por krautrock<\/p><\/div>\n<p>Imagem: Reprodu\u00e7\u00e3o.<\/p>\n","protected":false},"excerpt":{"rendered":"<p>Os respons\u00e1veis pelo hit &#8220;Vertigo&#8221; lan\u00e7aram seu novo single &#8220;Invisible&#8221; durante os comerciais do Super Bowl no final de semana, e o guitarrista The Edge relevou que a banda ouviu muita m\u00fasica eletr\u00f4nica alem\u00e3, o que os inspirou quando eles come\u00e7aram a tocar na d\u00e9cada de 1970. Ele disse \u00e0 BBC Radio 2: &#8220;Para n\u00f3s [&hellip;]<\/p>\n","protected":false},"author":1,"featured_media":95297,"comment_status":"open","ping_status":"open","sticky":false,"template":"","format":"standard","meta":{"jetpack_post_was_ever_published":false,"_jetpack_newsletter_access":"","jetpack_publicize_message":"","jetpack_is_tweetstorm":false,"jetpack_publicize_feature_enabled":true,"jetpack_social_post_already_shared":true,"jetpack_social_options":{"image_generator_settings":{"template":"highway","enabled":false}}},"categories":[2],"tags":[],"jetpack_publicize_connections":[],"jetpack_featured_media_url":"https:\/\/i0.wp.com\/agrund.com\/wp-content\/uploads\/sites\/6\/2014\/02\/slide17.jpg?fit=960%2C300&ssl=1","jetpack_sharing_enabled":true,"jetpack_shortlink":"https:\/\/wp.me\/p3Hz0n-oN1","jetpack_likes_enabled":true,"_links":{"self":[{"href":"https:\/\/agrund.com\/index.php\/wp-json\/wp\/v2\/posts\/95295"}],"collection":[{"href":"https:\/\/agrund.com\/index.php\/wp-json\/wp\/v2\/posts"}],"about":[{"href":"https:\/\/agrund.com\/index.php\/wp-json\/wp\/v2\/types\/post"}],"author":[{"embeddable":true,"href":"https:\/\/agrund.com\/index.php\/wp-json\/wp\/v2\/users\/1"}],"replies":[{"embeddable":true,"href":"https:\/\/agrund.com\/index.php\/wp-json\/wp\/v2\/comments?post=95295"}],"version-history":[{"count":0,"href":"https:\/\/agrund.com\/index.php\/wp-json\/wp\/v2\/posts\/95295\/revisions"}],"wp:featuredmedia":[{"embeddable":true,"href":"https:\/\/agrund.com\/index.php\/wp-json\/wp\/v2\/media\/95297"}],"wp:attachment":[{"href":"https:\/\/agrund.com\/index.php\/wp-json\/wp\/v2\/media?parent=95295"}],"wp:term":[{"taxonomy":"category","embeddable":true,"href":"https:\/\/agrund.com\/index.php\/wp-json\/wp\/v2\/categories?post=95295"},{"taxonomy":"post_tag","embeddable":true,"href":"https:\/\/agrund.com\/index.php\/wp-json\/wp\/v2\/tags?post=95295"}],"curies":[{"name":"wp","href":"https:\/\/api.w.org\/{rel}","templated":true}]}}