{"id":95278,"date":"2014-02-05T14:00:06","date_gmt":"2014-02-05T16:00:06","guid":{"rendered":"http:\/\/www.agrund.com\/?p=95278"},"modified":"2014-02-05T12:46:57","modified_gmt":"2014-02-05T14:46:57","slug":"hm-tem-nova-garota-propaganda","status":"publish","type":"post","link":"https:\/\/agrund.com\/index.php\/hm-tem-nova-garota-propaganda\/","title":{"rendered":"H&amp;M tem nova garota-propaganda"},"content":{"rendered":"<p>Antes de divulgar sua nova garota-propaganda, a H&amp;M decidiu fazer um suspense atrav\u00e9s de seu Instagram. A fast-fashion postou uma imagem onde aparece apenas o sorriso da modelo e pediu para descobrirmos quem era a bela.<br \/>\nVoc\u00ea reconheceu? Sim, \u00e9 Miranda Kerr!<br \/>\nHoras depois a marca postou um v\u00eddeo onde Miranda conta que ser\u00e1 o rosto da campanha primavera\/ver\u00e3o. Confira:<\/p>\n<p><a href=\"http:\/\/instagram.com\/p\/j_QYC_gUV6\/\">\u00a0Para assistir ao video, clique aqui: \u00a0\u00a0http:\/\/instagram.com\/p\/j_QYC_gUV6\/<\/a><\/p>\n<div id=\"attachment_95280\" style=\"width: 590px\" class=\"wp-caption aligncenter\"><a href=\"https:\/\/i0.wp.com\/www.agrund.com\/wp-content\/uploads\/sites\/6\/2014\/02\/hm-tem-nova-garota-propaganda.jpg\"><img aria-describedby=\"caption-attachment-95280\" data-attachment-id=\"95280\" data-permalink=\"https:\/\/agrund.com\/index.php\/hm-tem-nova-garota-propaganda\/hm-tem-nova-garota-propaganda\/\" data-orig-file=\"https:\/\/i0.wp.com\/agrund.com\/wp-content\/uploads\/sites\/6\/2014\/02\/hm-tem-nova-garota-propaganda.jpg?fit=580%2C575&amp;ssl=1\" data-orig-size=\"580,575\" data-comments-opened=\"1\" data-image-meta=\"{&quot;aperture&quot;:&quot;0&quot;,&quot;credit&quot;:&quot;&quot;,&quot;camera&quot;:&quot;&quot;,&quot;caption&quot;:&quot;&quot;,&quot;created_timestamp&quot;:&quot;0&quot;,&quot;copyright&quot;:&quot;&quot;,&quot;focal_length&quot;:&quot;0&quot;,&quot;iso&quot;:&quot;0&quot;,&quot;shutter_speed&quot;:&quot;0&quot;,&quot;title&quot;:&quot;&quot;}\" data-image-title=\"hm-tem-nova-garota-propaganda\" data-image-description=\"\" data-image-caption=\"&lt;p&gt;H&#038;M tem nova garota-propaganda&lt;\/p&gt;\n\" data-medium-file=\"https:\/\/i0.wp.com\/agrund.com\/wp-content\/uploads\/sites\/6\/2014\/02\/hm-tem-nova-garota-propaganda.jpg?fit=300%2C297&amp;ssl=1\" data-large-file=\"https:\/\/i0.wp.com\/agrund.com\/wp-content\/uploads\/sites\/6\/2014\/02\/hm-tem-nova-garota-propaganda.jpg?fit=580%2C575&amp;ssl=1\" decoding=\"async\" loading=\"lazy\" class=\"size-large wp-image-95280\" alt=\"H&amp;M tem nova garota-propaganda\" src=\"https:\/\/i0.wp.com\/www.agrund.com\/wp-content\/uploads\/sites\/6\/cache\/2014\/02\/hm-tem-nova-garota-propaganda\/3423503406.jpg?resize=580%2C575\" width=\"580\" height=\"575\" data-recalc-dims=\"1\" \/><\/a><p id=\"caption-attachment-95280\" class=\"wp-caption-text\">H&amp;M tem nova garota-propaganda<\/p><\/div>\n<p>Imagem e V\u00eddeo: Reprodu\u00e7\u00e3o.<\/p>\n","protected":false},"excerpt":{"rendered":"<p>Antes de divulgar sua nova garota-propaganda, a H&amp;M decidiu fazer um suspense atrav\u00e9s de seu Instagram. A fast-fashion postou uma imagem onde aparece apenas o sorriso da modelo e pediu para descobrirmos quem era a bela. Voc\u00ea reconheceu? Sim, \u00e9 Miranda Kerr! Horas depois a marca postou um v\u00eddeo onde Miranda conta que ser\u00e1 o [&hellip;]<\/p>\n","protected":false},"author":1,"featured_media":95281,"comment_status":"open","ping_status":"open","sticky":false,"template":"","format":"standard","meta":{"jetpack_post_was_ever_published":false,"_jetpack_newsletter_access":"","jetpack_publicize_message":"","jetpack_is_tweetstorm":false,"jetpack_publicize_feature_enabled":true,"jetpack_social_post_already_shared":true,"jetpack_social_options":{"image_generator_settings":{"template":"highway","enabled":false}}},"categories":[2],"tags":[],"jetpack_publicize_connections":[],"jetpack_featured_media_url":"https:\/\/i0.wp.com\/agrund.com\/wp-content\/uploads\/sites\/6\/2014\/02\/slidemiranda.jpg?fit=960%2C300&ssl=1","jetpack_sharing_enabled":true,"jetpack_shortlink":"https:\/\/wp.me\/p3Hz0n-oMK","jetpack_likes_enabled":true,"_links":{"self":[{"href":"https:\/\/agrund.com\/index.php\/wp-json\/wp\/v2\/posts\/95278"}],"collection":[{"href":"https:\/\/agrund.com\/index.php\/wp-json\/wp\/v2\/posts"}],"about":[{"href":"https:\/\/agrund.com\/index.php\/wp-json\/wp\/v2\/types\/post"}],"author":[{"embeddable":true,"href":"https:\/\/agrund.com\/index.php\/wp-json\/wp\/v2\/users\/1"}],"replies":[{"embeddable":true,"href":"https:\/\/agrund.com\/index.php\/wp-json\/wp\/v2\/comments?post=95278"}],"version-history":[{"count":0,"href":"https:\/\/agrund.com\/index.php\/wp-json\/wp\/v2\/posts\/95278\/revisions"}],"wp:featuredmedia":[{"embeddable":true,"href":"https:\/\/agrund.com\/index.php\/wp-json\/wp\/v2\/media\/95281"}],"wp:attachment":[{"href":"https:\/\/agrund.com\/index.php\/wp-json\/wp\/v2\/media?parent=95278"}],"wp:term":[{"taxonomy":"category","embeddable":true,"href":"https:\/\/agrund.com\/index.php\/wp-json\/wp\/v2\/categories?post=95278"},{"taxonomy":"post_tag","embeddable":true,"href":"https:\/\/agrund.com\/index.php\/wp-json\/wp\/v2\/tags?post=95278"}],"curies":[{"name":"wp","href":"https:\/\/api.w.org\/{rel}","templated":true}]}}