{"id":95268,"date":"2014-02-05T11:00:55","date_gmt":"2014-02-05T13:00:55","guid":{"rendered":"http:\/\/www.agrund.com\/?p=95268"},"modified":"2014-02-05T08:51:57","modified_gmt":"2014-02-05T10:51:57","slug":"line-up-comeca-a-semana-de-moda-de-nova-york","status":"publish","type":"post","link":"https:\/\/agrund.com\/index.php\/line-up-comeca-a-semana-de-moda-de-nova-york\/","title":{"rendered":"Line-up :: Come\u00e7a a Semana de Moda de Nova York"},"content":{"rendered":"<p>A edi\u00e7\u00e3o outono\/inverno 2014 da Semana de Moda de Nova York come\u00e7a hoje (05) e se estende at\u00e9 o dia 13 de fevereiro. Dentre os momentos que j\u00e1 s\u00e3o muito esperados est\u00e3o a apresenta\u00e7\u00e3o de Alexander Wang no Brookling, como contamos <a href=\"http:\/\/www.agrund.com\/grifes-escolhem-novos-locais-para-os-desfiles-da-semana-de-moda-de-nova-york\/\">AQUI<\/a>, a primeira cole\u00e7\u00e3o de Jason Wu para a Hugo Boss e claro, o \u00faltimo desfile da temporada que fica por conta de Marc Jacobs.<\/p>\n<p>Para n\u00f3s brasileiros um olhar especial aos estilistas Alexandre Herchcovitch e Ivan Aguilar, que se apresentam no dia 08.<\/p>\n<p>5\/02, 4\u00aa feira<br \/>\n12h Hellessy By<br \/>\n13h Josie Natori<br \/>\n14h Jsong<br \/>\n15h Organic By<br \/>\n20h Bespoken<br \/>\n21h Wildfox<br \/>\n22h Rachel Comey<br \/>\n23h Vfiles<\/p>\n<p>Quinta-feira, 6 de fevereiro<\/p>\n<p>12h Nicholas K<br \/>\n13h BCBGMaxazria<br \/>\n14h Richard Chai \u2013 Love<br \/>\n20h Marissa Webb<\/p>\n<p>Sexta-feira, 7 de fevereiro<\/p>\n<p>13h Peter Som<br \/>\n14h Kate Spade New York<br \/>\n16h Jason Wu<br \/>\n18h Rebecca Minkoff<br \/>\n18h Cushnie Et Ochs<br \/>\n20h Rag &amp; Bone<br \/>\n21h Nicole Miller<br \/>\n21h30 Charlotte Ronson<br \/>\n22h Helmut Lang<\/p>\n<p>S\u00e1bado, 8 de fevereiro<\/p>\n<p>13h Lacoste<br \/>\n14h Jill Stuart<br \/>\n15h Prabal Gurung<br \/>\n17h Herve Leger by Max Azria<br \/>\n19hVLP<br \/>\n20h Altuzarra<br \/>\n20h30 Ivan Aguilar<br \/>\n21h Alexandre Herchcovitch<br \/>\n21h Monique Lhuillier<br \/>\n22h Moncler Grenoble<br \/>\n23h30 Alexander Wang<\/p>\n<p>Domingo, 9 de fevereiro<\/p>\n<p>13h Victoria Beckham<br \/>\n15h Derek Lam<br \/>\n16h DNKY<br \/>\n17h Tracy Reese<br \/>\n18h Thakoon<br \/>\n18h Custo Barcelona<br \/>\n20h Diane von Furstenberg<br \/>\n21h Edun<br \/>\n21h30 Vivienne Tam<br \/>\n22h Opening Ceremony<\/p>\n<p>Segunda-feira, 10 de fevereiro<\/p>\n<p>12h The Row<br \/>\n13h Carolina Herrera<br \/>\n14h Tommy Hilfinger<br \/>\n15h Theory<br \/>\n16h Ohne Titel<br \/>\n16h Dennis Basso<br \/>\n18h 3.1 Phillip Lim<br \/>\n20h Thom Browne<br \/>\n20h Alice + Olivia by Stacey Bendet<br \/>\n21h Zero + Maria Cornejo<br \/>\n21h Reem Acra<br \/>\n22h Zac Posen<br \/>\n23h Donna Karan New York<br \/>\n23h Cynthia Rowley<\/p>\n<p>Ter\u00e7a-feira, 11 de fevereiro<\/p>\n<p>12h Tory Burch<br \/>\n12h30 J.Crew<br \/>\n13h Badgley Mischka<br \/>\n15h Diesel Black Gold<br \/>\n16h Jenny Packham<br \/>\n16h30 Libertine<br \/>\n17h Naeem Khan<br \/>\n19h Marc by Marc Jacobs<br \/>\n20h30 MM6 Maison Martin Margiela<br \/>\n21h30 Oscar de la Renta<br \/>\n23h Narciso Rodriguez<\/p>\n<p>Quarta-feira, 12 de fevereiro<\/p>\n<p>13h Michael Kors<br \/>\n14h Nanette Lepore<br \/>\n16h Jeremy Scott<br \/>\n18h Betsey Johnson<br \/>\n18h Sass &amp; Bide<br \/>\n19h Reed Krakoff<br \/>\n20h Marchesa<br \/>\n21h Anna Sui<br \/>\n23h Pronza Schouler<\/p>\n<p>Quinta-feira, 13 de fevereiro<\/p>\n<p>13h Ralph Lauren Collection<br \/>\n16h J. Mendel<br \/>\n17h Calvin Klein Collection<br \/>\n23h Marc Jacobs.<\/p>\n<div id=\"attachment_95269\" style=\"width: 560px\" class=\"wp-caption aligncenter\"><a href=\"https:\/\/i0.wp.com\/www.agrund.com\/wp-content\/uploads\/sites\/6\/2014\/02\/line-up-comeca-a-semana-de-moda-de-nova-york.jpg\"><img aria-describedby=\"caption-attachment-95269\" data-attachment-id=\"95269\" data-permalink=\"https:\/\/agrund.com\/index.php\/line-up-comeca-a-semana-de-moda-de-nova-york\/line-up-comeca-a-semana-de-moda-de-nova-york\/\" data-orig-file=\"https:\/\/i0.wp.com\/agrund.com\/wp-content\/uploads\/sites\/6\/2014\/02\/line-up-comeca-a-semana-de-moda-de-nova-york.jpg?fit=550%2C371&amp;ssl=1\" data-orig-size=\"550,371\" data-comments-opened=\"1\" data-image-meta=\"{&quot;aperture&quot;:&quot;0&quot;,&quot;credit&quot;:&quot;&quot;,&quot;camera&quot;:&quot;&quot;,&quot;caption&quot;:&quot;&quot;,&quot;created_timestamp&quot;:&quot;0&quot;,&quot;copyright&quot;:&quot;&quot;,&quot;focal_length&quot;:&quot;0&quot;,&quot;iso&quot;:&quot;0&quot;,&quot;shutter_speed&quot;:&quot;0&quot;,&quot;title&quot;:&quot;&quot;}\" data-image-title=\"line-up-comeca-a-semana-de-moda-de-nova-york\" data-image-description=\"\" data-image-caption=\"&lt;p&gt;Line-up :: Come\u00e7a a Semana de Moda de Nova York &lt;\/p&gt;\n\" data-medium-file=\"https:\/\/i0.wp.com\/agrund.com\/wp-content\/uploads\/sites\/6\/2014\/02\/line-up-comeca-a-semana-de-moda-de-nova-york.jpg?fit=300%2C202&amp;ssl=1\" data-large-file=\"https:\/\/i0.wp.com\/agrund.com\/wp-content\/uploads\/sites\/6\/2014\/02\/line-up-comeca-a-semana-de-moda-de-nova-york.jpg?fit=550%2C371&amp;ssl=1\" decoding=\"async\" loading=\"lazy\" class=\"size-large wp-image-95269\" alt=\"Line-up :: Come\u00e7a a Semana de Moda de Nova York \" src=\"https:\/\/i0.wp.com\/www.agrund.com\/wp-content\/uploads\/sites\/6\/cache\/2014\/02\/line-up-comeca-a-semana-de-moda-de-nova-york\/3873549584.jpg?resize=550%2C371\" width=\"550\" height=\"371\" data-recalc-dims=\"1\" \/><\/a><p id=\"caption-attachment-95269\" class=\"wp-caption-text\">Line-up :: Come\u00e7a a Semana de Moda de Nova York<\/p><\/div>\n<p>Imagem: Reprodu\u00e7\u00e3o.<\/p>\n","protected":false},"excerpt":{"rendered":"<p>A edi\u00e7\u00e3o outono\/inverno 2014 da Semana de Moda de Nova York come\u00e7a hoje (05) e se estende at\u00e9 o dia 13 de fevereiro. Dentre os momentos que j\u00e1 s\u00e3o muito esperados est\u00e3o a apresenta\u00e7\u00e3o de Alexander Wang no Brookling, como contamos AQUI, a primeira cole\u00e7\u00e3o de Jason Wu para a Hugo Boss e claro, o [&hellip;]<\/p>\n","protected":false},"author":1,"featured_media":95270,"comment_status":"open","ping_status":"open","sticky":false,"template":"","format":"standard","meta":{"jetpack_post_was_ever_published":false,"_jetpack_newsletter_access":"","jetpack_publicize_message":"","jetpack_is_tweetstorm":false,"jetpack_publicize_feature_enabled":true,"jetpack_social_post_already_shared":true,"jetpack_social_options":{"image_generator_settings":{"template":"highway","enabled":false}}},"categories":[2],"tags":[],"jetpack_publicize_connections":[],"jetpack_featured_media_url":"https:\/\/i0.wp.com\/agrund.com\/wp-content\/uploads\/sites\/6\/2014\/02\/slide21.jpg?fit=960%2C300&ssl=1","jetpack_sharing_enabled":true,"jetpack_shortlink":"https:\/\/wp.me\/p3Hz0n-oMA","jetpack_likes_enabled":true,"_links":{"self":[{"href":"https:\/\/agrund.com\/index.php\/wp-json\/wp\/v2\/posts\/95268"}],"collection":[{"href":"https:\/\/agrund.com\/index.php\/wp-json\/wp\/v2\/posts"}],"about":[{"href":"https:\/\/agrund.com\/index.php\/wp-json\/wp\/v2\/types\/post"}],"author":[{"embeddable":true,"href":"https:\/\/agrund.com\/index.php\/wp-json\/wp\/v2\/users\/1"}],"replies":[{"embeddable":true,"href":"https:\/\/agrund.com\/index.php\/wp-json\/wp\/v2\/comments?post=95268"}],"version-history":[{"count":0,"href":"https:\/\/agrund.com\/index.php\/wp-json\/wp\/v2\/posts\/95268\/revisions"}],"wp:featuredmedia":[{"embeddable":true,"href":"https:\/\/agrund.com\/index.php\/wp-json\/wp\/v2\/media\/95270"}],"wp:attachment":[{"href":"https:\/\/agrund.com\/index.php\/wp-json\/wp\/v2\/media?parent=95268"}],"wp:term":[{"taxonomy":"category","embeddable":true,"href":"https:\/\/agrund.com\/index.php\/wp-json\/wp\/v2\/categories?post=95268"},{"taxonomy":"post_tag","embeddable":true,"href":"https:\/\/agrund.com\/index.php\/wp-json\/wp\/v2\/tags?post=95268"}],"curies":[{"name":"wp","href":"https:\/\/api.w.org\/{rel}","templated":true}]}}