{"id":95262,"date":"2014-02-05T10:00:18","date_gmt":"2014-02-05T12:00:18","guid":{"rendered":"http:\/\/www.agrund.com\/?p=95262"},"modified":"2014-02-05T08:49:45","modified_gmt":"2014-02-05T10:49:45","slug":"sofia-coppola-e-a-garota-da-capa-2","status":"publish","type":"post","link":"https:\/\/agrund.com\/index.php\/sofia-coppola-e-a-garota-da-capa-2\/","title":{"rendered":"Sofia Coppola \u00e9 a garota da capa"},"content":{"rendered":"<p>A edi\u00e7\u00e3o fevereiro 2014 da Vogue It\u00e1lia n\u00e3o escolheu uma modelo, mas sim a diretora e atriz Sofia Coppola. A bela, que j\u00e1 foi estrela de campanha da Louis Vuitton, como contamos <a href=\"http:\/\/www.agrund.com\/a-ultima-campanha-de-marc-jacobs-para-a-louis-vuitton\/\">AQUI<\/a>, e de Marc Jacobs, como mostramos <a href=\"http:\/\/www.agrund.com\/sofia-coppola-ira-dirigir-e-estrelar-a-nova-campanha-de-marc-jacobs\/\">AQUI<\/a>, n\u00e3o se intimida com as c\u00e2meras, claro.<\/p>\n<p>No clique de Steven Meisel, Sofia aparece em um vestido preto de renda Dolce &amp; Gabbana. Confira:<\/p>\n<p>&nbsp;<\/p>\n<div id=\"attachment_95264\" style=\"width: 560px\" class=\"wp-caption aligncenter\"><a href=\"https:\/\/i0.wp.com\/www.agrund.com\/wp-content\/uploads\/sites\/6\/2014\/02\/sofia-coppola-e-a-garota-da-capa-2.jpg\"><img aria-describedby=\"caption-attachment-95264\" data-attachment-id=\"95264\" data-permalink=\"https:\/\/agrund.com\/index.php\/sofia-coppola-e-a-garota-da-capa-2\/sofia-coppola-e-a-garota-da-capa-2-2\/\" data-orig-file=\"https:\/\/i0.wp.com\/agrund.com\/wp-content\/uploads\/sites\/6\/2014\/02\/sofia-coppola-e-a-garota-da-capa-2.jpg?fit=550%2C748&amp;ssl=1\" data-orig-size=\"550,748\" data-comments-opened=\"1\" data-image-meta=\"{&quot;aperture&quot;:&quot;0&quot;,&quot;credit&quot;:&quot;&quot;,&quot;camera&quot;:&quot;&quot;,&quot;caption&quot;:&quot;&quot;,&quot;created_timestamp&quot;:&quot;0&quot;,&quot;copyright&quot;:&quot;&quot;,&quot;focal_length&quot;:&quot;0&quot;,&quot;iso&quot;:&quot;0&quot;,&quot;shutter_speed&quot;:&quot;0&quot;,&quot;title&quot;:&quot;&quot;}\" data-image-title=\"sofia-coppola-e-a-garota-da-capa-2\" data-image-description=\"\" data-image-caption=\"&lt;p&gt;Sofia Coppola \u00e9 a garota da capa&lt;\/p&gt;\n\" data-medium-file=\"https:\/\/i0.wp.com\/agrund.com\/wp-content\/uploads\/sites\/6\/2014\/02\/sofia-coppola-e-a-garota-da-capa-2.jpg?fit=220%2C300&amp;ssl=1\" data-large-file=\"https:\/\/i0.wp.com\/agrund.com\/wp-content\/uploads\/sites\/6\/2014\/02\/sofia-coppola-e-a-garota-da-capa-2.jpg?fit=550%2C748&amp;ssl=1\" decoding=\"async\" loading=\"lazy\" class=\"size-large wp-image-95264\" alt=\"Sofia Coppola \u00e9 a garota da capa\" src=\"https:\/\/i0.wp.com\/www.agrund.com\/wp-content\/uploads\/sites\/6\/cache\/2014\/02\/sofia-coppola-e-a-garota-da-capa-2\/3311281494.jpg?resize=550%2C748\" width=\"550\" height=\"748\" data-recalc-dims=\"1\" \/><\/a><p id=\"caption-attachment-95264\" class=\"wp-caption-text\">Sofia Coppola \u00e9 a garota da capa<\/p><\/div>\n<p>Imagem: Reprodu\u00e7\u00e3o.<\/p>\n","protected":false},"excerpt":{"rendered":"<p>A edi\u00e7\u00e3o fevereiro 2014 da Vogue It\u00e1lia n\u00e3o escolheu uma modelo, mas sim a diretora e atriz Sofia Coppola. A bela, que j\u00e1 foi estrela de campanha da Louis Vuitton, como contamos AQUI, e de Marc Jacobs, como mostramos AQUI, n\u00e3o se intimida com as c\u00e2meras, claro. No clique de Steven Meisel, Sofia aparece em [&hellip;]<\/p>\n","protected":false},"author":1,"featured_media":95265,"comment_status":"open","ping_status":"open","sticky":false,"template":"","format":"standard","meta":{"jetpack_post_was_ever_published":false,"_jetpack_newsletter_access":"","jetpack_publicize_message":"","jetpack_is_tweetstorm":false,"jetpack_publicize_feature_enabled":true,"jetpack_social_post_already_shared":true,"jetpack_social_options":{"image_generator_settings":{"template":"highway","enabled":false}}},"categories":[2],"tags":[],"jetpack_publicize_connections":[],"jetpack_featured_media_url":"https:\/\/i0.wp.com\/agrund.com\/wp-content\/uploads\/sites\/6\/2014\/02\/slide15.jpg?fit=960%2C300&ssl=1","jetpack_sharing_enabled":true,"jetpack_shortlink":"https:\/\/wp.me\/p3Hz0n-oMu","jetpack_likes_enabled":true,"_links":{"self":[{"href":"https:\/\/agrund.com\/index.php\/wp-json\/wp\/v2\/posts\/95262"}],"collection":[{"href":"https:\/\/agrund.com\/index.php\/wp-json\/wp\/v2\/posts"}],"about":[{"href":"https:\/\/agrund.com\/index.php\/wp-json\/wp\/v2\/types\/post"}],"author":[{"embeddable":true,"href":"https:\/\/agrund.com\/index.php\/wp-json\/wp\/v2\/users\/1"}],"replies":[{"embeddable":true,"href":"https:\/\/agrund.com\/index.php\/wp-json\/wp\/v2\/comments?post=95262"}],"version-history":[{"count":0,"href":"https:\/\/agrund.com\/index.php\/wp-json\/wp\/v2\/posts\/95262\/revisions"}],"wp:featuredmedia":[{"embeddable":true,"href":"https:\/\/agrund.com\/index.php\/wp-json\/wp\/v2\/media\/95265"}],"wp:attachment":[{"href":"https:\/\/agrund.com\/index.php\/wp-json\/wp\/v2\/media?parent=95262"}],"wp:term":[{"taxonomy":"category","embeddable":true,"href":"https:\/\/agrund.com\/index.php\/wp-json\/wp\/v2\/categories?post=95262"},{"taxonomy":"post_tag","embeddable":true,"href":"https:\/\/agrund.com\/index.php\/wp-json\/wp\/v2\/tags?post=95262"}],"curies":[{"name":"wp","href":"https:\/\/api.w.org\/{rel}","templated":true}]}}