{"id":95251,"date":"2014-02-04T22:00:36","date_gmt":"2014-02-05T00:00:36","guid":{"rendered":"http:\/\/www.agrund.com\/?p=95251"},"modified":"2014-02-04T15:59:47","modified_gmt":"2014-02-04T17:59:47","slug":"riccardo-tisci-desembarca-no-brasil-para-o-4o-inspiration-gala-da-amfar","status":"publish","type":"post","link":"https:\/\/agrund.com\/index.php\/riccardo-tisci-desembarca-no-brasil-para-o-4o-inspiration-gala-da-amfar\/","title":{"rendered":"Riccardo Tisci desembarca no Brasil para o 4\u00ba Inspiration Gala da amfAR"},"content":{"rendered":"<p>H\u00e1 algum tempo atr\u00e1s o Agrund.com j\u00e1 havia confirmado<a href=\"http:\/\/www.agrund.com\/kate-moss-participara-do-4o-inspiration-gala-da-amfar-no-brasil\/\"> AQUI<\/a> a presen\u00e7a de Kate Moss e Keneth Collen como co-chairs no 4\u00ba Inspiration Gala da amfAR, em S\u00e3o Paulo, se lembram?<\/p>\n<p>Pois agora tem mais um nome de peso confirmado no evento: Riccardo Tisci, diretor criativo da Givenchy, ser\u00e1 o chair do gala beneficente!<\/p>\n<p>Outra nova informa\u00e7\u00e3o \u00e9 que Janet Jackson ir\u00e1 receber o Inspiration Awards. O evento acontecer\u00e1 no dia 04 de abril. Vamos aguardar!<\/p>\n<div id=\"attachment_95252\" style=\"width: 560px\" class=\"wp-caption aligncenter\"><a href=\"https:\/\/i0.wp.com\/www.agrund.com\/wp-content\/uploads\/sites\/6\/2014\/02\/riccardo-tisci-desembarca-no-brasil-para-o-4o-inspiration-gala-da-amfar.jpg\"><img aria-describedby=\"caption-attachment-95252\" data-attachment-id=\"95252\" data-permalink=\"https:\/\/agrund.com\/index.php\/riccardo-tisci-desembarca-no-brasil-para-o-4o-inspiration-gala-da-amfar\/riccardo-tisci-desembarca-no-brasil-para-o-4o-inspiration-gala-da-amfar\/\" data-orig-file=\"https:\/\/i0.wp.com\/agrund.com\/wp-content\/uploads\/sites\/6\/2014\/02\/riccardo-tisci-desembarca-no-brasil-para-o-4o-inspiration-gala-da-amfar.jpg?fit=550%2C313&amp;ssl=1\" data-orig-size=\"550,313\" data-comments-opened=\"1\" data-image-meta=\"{&quot;aperture&quot;:&quot;0&quot;,&quot;credit&quot;:&quot;&quot;,&quot;camera&quot;:&quot;&quot;,&quot;caption&quot;:&quot;&quot;,&quot;created_timestamp&quot;:&quot;0&quot;,&quot;copyright&quot;:&quot;&quot;,&quot;focal_length&quot;:&quot;0&quot;,&quot;iso&quot;:&quot;0&quot;,&quot;shutter_speed&quot;:&quot;0&quot;,&quot;title&quot;:&quot;&quot;}\" data-image-title=\"riccardo-tisci-desembarca-no-brasil-para-o-4o-inspiration-gala-da-amfar\" data-image-description=\"\" data-image-caption=\"&lt;p&gt;Riccardo Tisci desembarca no Brasil para o 4\u00ba Inspiration Gala da amfAR &lt;\/p&gt;\n\" data-medium-file=\"https:\/\/i0.wp.com\/agrund.com\/wp-content\/uploads\/sites\/6\/2014\/02\/riccardo-tisci-desembarca-no-brasil-para-o-4o-inspiration-gala-da-amfar.jpg?fit=300%2C170&amp;ssl=1\" data-large-file=\"https:\/\/i0.wp.com\/agrund.com\/wp-content\/uploads\/sites\/6\/2014\/02\/riccardo-tisci-desembarca-no-brasil-para-o-4o-inspiration-gala-da-amfar.jpg?fit=550%2C313&amp;ssl=1\" decoding=\"async\" loading=\"lazy\" class=\"size-large wp-image-95252\" alt=\"Riccardo Tisci desembarca no Brasil para o 4\u00ba Inspiration Gala da amfAR \" src=\"https:\/\/i0.wp.com\/www.agrund.com\/wp-content\/uploads\/sites\/6\/cache\/2014\/02\/riccardo-tisci-desembarca-no-brasil-para-o-4o-inspiration-gala-da-amfar\/1248394870.jpg?resize=550%2C313\" width=\"550\" height=\"313\" data-recalc-dims=\"1\" \/><\/a><p id=\"caption-attachment-95252\" class=\"wp-caption-text\">Riccardo Tisci desembarca no Brasil para o 4\u00ba Inspiration Gala da amfAR<\/p><\/div>\n<p>Imagem: Reprodu\u00e7\u00e3o.<\/p>\n","protected":false},"excerpt":{"rendered":"<p>H\u00e1 algum tempo atr\u00e1s o Agrund.com j\u00e1 havia confirmado AQUI a presen\u00e7a de Kate Moss e Keneth Collen como co-chairs no 4\u00ba Inspiration Gala da amfAR, em S\u00e3o Paulo, se lembram? Pois agora tem mais um nome de peso confirmado no evento: Riccardo Tisci, diretor criativo da Givenchy, ser\u00e1 o chair do gala beneficente! Outra [&hellip;]<\/p>\n","protected":false},"author":1,"featured_media":95253,"comment_status":"open","ping_status":"open","sticky":false,"template":"","format":"standard","meta":{"jetpack_post_was_ever_published":false,"_jetpack_newsletter_access":"","jetpack_publicize_message":"","jetpack_is_tweetstorm":false,"jetpack_publicize_feature_enabled":true,"jetpack_social_post_already_shared":true,"jetpack_social_options":{"image_generator_settings":{"template":"highway","enabled":false}}},"categories":[2],"tags":[],"jetpack_publicize_connections":[],"jetpack_featured_media_url":"https:\/\/i0.wp.com\/agrund.com\/wp-content\/uploads\/sites\/6\/2014\/02\/slide13.jpg?fit=960%2C300&ssl=1","jetpack_sharing_enabled":true,"jetpack_shortlink":"https:\/\/wp.me\/p3Hz0n-oMj","jetpack_likes_enabled":true,"_links":{"self":[{"href":"https:\/\/agrund.com\/index.php\/wp-json\/wp\/v2\/posts\/95251"}],"collection":[{"href":"https:\/\/agrund.com\/index.php\/wp-json\/wp\/v2\/posts"}],"about":[{"href":"https:\/\/agrund.com\/index.php\/wp-json\/wp\/v2\/types\/post"}],"author":[{"embeddable":true,"href":"https:\/\/agrund.com\/index.php\/wp-json\/wp\/v2\/users\/1"}],"replies":[{"embeddable":true,"href":"https:\/\/agrund.com\/index.php\/wp-json\/wp\/v2\/comments?post=95251"}],"version-history":[{"count":0,"href":"https:\/\/agrund.com\/index.php\/wp-json\/wp\/v2\/posts\/95251\/revisions"}],"wp:featuredmedia":[{"embeddable":true,"href":"https:\/\/agrund.com\/index.php\/wp-json\/wp\/v2\/media\/95253"}],"wp:attachment":[{"href":"https:\/\/agrund.com\/index.php\/wp-json\/wp\/v2\/media?parent=95251"}],"wp:term":[{"taxonomy":"category","embeddable":true,"href":"https:\/\/agrund.com\/index.php\/wp-json\/wp\/v2\/categories?post=95251"},{"taxonomy":"post_tag","embeddable":true,"href":"https:\/\/agrund.com\/index.php\/wp-json\/wp\/v2\/tags?post=95251"}],"curies":[{"name":"wp","href":"https:\/\/api.w.org\/{rel}","templated":true}]}}