{"id":95247,"date":"2014-02-04T20:00:10","date_gmt":"2014-02-04T22:00:10","guid":{"rendered":"http:\/\/www.agrund.com\/?p=95247"},"modified":"2014-02-04T15:57:27","modified_gmt":"2014-02-04T17:57:27","slug":"palestra-victoria-beckham-falara-de-moda-na-parsons-the-new-school-for-design","status":"publish","type":"post","link":"https:\/\/agrund.com\/index.php\/palestra-victoria-beckham-falara-de-moda-na-parsons-the-new-school-for-design\/","title":{"rendered":"Palestra :: Victoria Beckham falar\u00e1 de moda na  &#8216;Parsons The New School for Design&#8217;"},"content":{"rendered":"<p>Victoria Beckham dar\u00e1 uma palestra sobre sua carreira durante a Semana de Moda de Nova York.<br \/>\nA cantora que virou designer vai se juntar a Simon Collins, reitor da universidade de moda &#8216;Parsons The New School for Design&#8217;, depois do seu desfile no dia 9 de fevereiro, como membro da s\u00e9rie &#8220;Conversando Sobre&#8221;.<br \/>\nDe acordo com o WWD, Victoria foi convidada para discutir como ela estabeleceu sua marca com um nome respeit\u00e1vel na ind\u00fastria da moda, bem como tamb\u00e9m contar alguns segredos sobre suas inspira\u00e7\u00f5es de design.<br \/>\nA palestra ser\u00e1 realizada no novo Audit\u00f3rio John L. Tishman no Centro Universit\u00e1rio da faculdade de moda.<br \/>\nEnquanto isso, a m\u00e3e de Brooklyn, 14 , Romeo, 11, Cruz, 8, e Harper, de dois anos, revelou recentemente que ela prospera com a press\u00e3o constante na sua carreira como designer de moda.<br \/>\nEla admitiu em um Twitter Q&amp;A na semana passada: &#8220;Ele [o trabalho] \u00e9 bastante estressante, mas eu sou t\u00e3o aben\u00e7oada por ter um trabalho que eu amo que eu transformo essa tens\u00e3o em energia positiva. Eu amo isso desde que eu era crian\u00e7a. \u00c9 incrivelmente gratificante ter uma carreira perseguindo uma paix\u00e3o&#8221;.<\/p>\n<div id=\"attachment_95248\" style=\"width: 560px\" class=\"wp-caption aligncenter\"><a href=\"https:\/\/i0.wp.com\/www.agrund.com\/wp-content\/uploads\/sites\/6\/2014\/02\/palestra-victoria-beckham-falara-de-moda-na-parsons-the-new-school-for-design.jpg\"><img aria-describedby=\"caption-attachment-95248\" data-attachment-id=\"95248\" data-permalink=\"https:\/\/agrund.com\/index.php\/palestra-victoria-beckham-falara-de-moda-na-parsons-the-new-school-for-design\/palestra-victoria-beckham-falara-de-moda-na-parsons-the-new-school-for-design\/\" data-orig-file=\"https:\/\/i0.wp.com\/agrund.com\/wp-content\/uploads\/sites\/6\/2014\/02\/palestra-victoria-beckham-falara-de-moda-na-parsons-the-new-school-for-design.jpg?fit=550%2C310&amp;ssl=1\" data-orig-size=\"550,310\" data-comments-opened=\"1\" data-image-meta=\"{&quot;aperture&quot;:&quot;0&quot;,&quot;credit&quot;:&quot;&quot;,&quot;camera&quot;:&quot;&quot;,&quot;caption&quot;:&quot;&quot;,&quot;created_timestamp&quot;:&quot;0&quot;,&quot;copyright&quot;:&quot;&quot;,&quot;focal_length&quot;:&quot;0&quot;,&quot;iso&quot;:&quot;0&quot;,&quot;shutter_speed&quot;:&quot;0&quot;,&quot;title&quot;:&quot;&quot;}\" data-image-title=\"palestra-victoria-beckham-falara-de-moda-na-parsons-the-new-school-for-design\" data-image-description=\"\" data-image-caption=\"&lt;p&gt;Palestra :: Victoria Beckham falar\u00e1 de moda na  &#8216;Parsons The New School for Design&#8217;&lt;\/p&gt;\n\" data-medium-file=\"https:\/\/i0.wp.com\/agrund.com\/wp-content\/uploads\/sites\/6\/2014\/02\/palestra-victoria-beckham-falara-de-moda-na-parsons-the-new-school-for-design.jpg?fit=300%2C169&amp;ssl=1\" data-large-file=\"https:\/\/i0.wp.com\/agrund.com\/wp-content\/uploads\/sites\/6\/2014\/02\/palestra-victoria-beckham-falara-de-moda-na-parsons-the-new-school-for-design.jpg?fit=550%2C310&amp;ssl=1\" decoding=\"async\" loading=\"lazy\" class=\"size-large wp-image-95248\" alt=\"Palestra :: Victoria Beckham falar\u00e1 de moda na  'Parsons The New School for Design'\" src=\"https:\/\/i0.wp.com\/www.agrund.com\/wp-content\/uploads\/sites\/6\/cache\/2014\/02\/palestra-victoria-beckham-falara-de-moda-na-parsons-the-new-school-for-design\/457197632.jpg?resize=550%2C310\" width=\"550\" height=\"310\" data-recalc-dims=\"1\" \/><\/a><p id=\"caption-attachment-95248\" class=\"wp-caption-text\">Palestra :: Victoria Beckham falar\u00e1 de moda na &#8216;Parsons The New School for Design&#8217;<\/p><\/div>\n<p>&nbsp;<\/p>\n","protected":false},"excerpt":{"rendered":"<p>Victoria Beckham dar\u00e1 uma palestra sobre sua carreira durante a Semana de Moda de Nova York. A cantora que virou designer vai se juntar a Simon Collins, reitor da universidade de moda &#8216;Parsons The New School for Design&#8217;, depois do seu desfile no dia 9 de fevereiro, como membro da s\u00e9rie &#8220;Conversando Sobre&#8221;. De acordo [&hellip;]<\/p>\n","protected":false},"author":1,"featured_media":95249,"comment_status":"open","ping_status":"open","sticky":false,"template":"","format":"standard","meta":{"jetpack_post_was_ever_published":false,"_jetpack_newsletter_access":"","jetpack_publicize_message":"","jetpack_is_tweetstorm":false,"jetpack_publicize_feature_enabled":true,"jetpack_social_post_already_shared":true,"jetpack_social_options":{"image_generator_settings":{"template":"highway","enabled":false}}},"categories":[2],"tags":[],"jetpack_publicize_connections":[],"jetpack_featured_media_url":"https:\/\/i0.wp.com\/agrund.com\/wp-content\/uploads\/sites\/6\/2014\/02\/slide12.jpg?fit=960%2C300&ssl=1","jetpack_sharing_enabled":true,"jetpack_shortlink":"https:\/\/wp.me\/p3Hz0n-oMf","jetpack_likes_enabled":true,"_links":{"self":[{"href":"https:\/\/agrund.com\/index.php\/wp-json\/wp\/v2\/posts\/95247"}],"collection":[{"href":"https:\/\/agrund.com\/index.php\/wp-json\/wp\/v2\/posts"}],"about":[{"href":"https:\/\/agrund.com\/index.php\/wp-json\/wp\/v2\/types\/post"}],"author":[{"embeddable":true,"href":"https:\/\/agrund.com\/index.php\/wp-json\/wp\/v2\/users\/1"}],"replies":[{"embeddable":true,"href":"https:\/\/agrund.com\/index.php\/wp-json\/wp\/v2\/comments?post=95247"}],"version-history":[{"count":0,"href":"https:\/\/agrund.com\/index.php\/wp-json\/wp\/v2\/posts\/95247\/revisions"}],"wp:featuredmedia":[{"embeddable":true,"href":"https:\/\/agrund.com\/index.php\/wp-json\/wp\/v2\/media\/95249"}],"wp:attachment":[{"href":"https:\/\/agrund.com\/index.php\/wp-json\/wp\/v2\/media?parent=95247"}],"wp:term":[{"taxonomy":"category","embeddable":true,"href":"https:\/\/agrund.com\/index.php\/wp-json\/wp\/v2\/categories?post=95247"},{"taxonomy":"post_tag","embeddable":true,"href":"https:\/\/agrund.com\/index.php\/wp-json\/wp\/v2\/tags?post=95247"}],"curies":[{"name":"wp","href":"https:\/\/api.w.org\/{rel}","templated":true}]}}