{"id":95241,"date":"2014-02-04T18:00:41","date_gmt":"2014-02-04T20:00:41","guid":{"rendered":"http:\/\/www.agrund.com\/?p=95241"},"modified":"2014-02-04T15:56:02","modified_gmt":"2014-02-04T17:56:02","slug":"irmas-kardashian-lancam-colecao-de-oculos-de-sol","status":"publish","type":"post","link":"https:\/\/agrund.com\/index.php\/irmas-kardashian-lancam-colecao-de-oculos-de-sol\/","title":{"rendered":"Irm\u00e3s Kardashian lan\u00e7am cole\u00e7\u00e3o de \u00f3culos de sol"},"content":{"rendered":"<p>As irm\u00e3s Kardashian est\u00e3o sempre se aventurando no mundo da moda e da beleza, n\u00e3o \u00e9 mesmo? Depois do \u00faltimo lan\u00e7amento da &#8220;Kardashian Beauty&#8221; em 2013, agora as irm\u00e3s acabam de anunciar uma cole\u00e7\u00e3o de \u00f3culos de sol.<\/p>\n<p>Kim, Khloe e Kourtney assinam modelos estilo aviadores com arma\u00e7\u00f5es de a\u00e7o inoxid\u00e1vel banhados a ouro 10 quilates. Isso mesmo, o glamour das irm\u00e3s n\u00e3o fica de fora nem da cole\u00e7\u00e3o de \u00f3culos.<\/p>\n<p>Cada \u00f3culos custa $249, o que seria cerca de R$599, e j\u00e1 est\u00e1 dispon\u00edvel na loja virtual Kardashion Kollection. Confira:<\/p>\n<div id=\"attachment_95242\" style=\"width: 560px\" class=\"wp-caption aligncenter\"><a href=\"https:\/\/i0.wp.com\/www.agrund.com\/wp-content\/uploads\/sites\/6\/2014\/02\/irmas-kardashian-lancam-colecao-de-oculos-de-sol-1.jpg\"><img aria-describedby=\"caption-attachment-95242\" data-attachment-id=\"95242\" data-permalink=\"https:\/\/agrund.com\/index.php\/irmas-kardashian-lancam-colecao-de-oculos-de-sol\/irmas-kardashian-lancam-colecao-de-oculos-de-sol-1\/\" data-orig-file=\"https:\/\/i0.wp.com\/agrund.com\/wp-content\/uploads\/sites\/6\/2014\/02\/irmas-kardashian-lancam-colecao-de-oculos-de-sol-1.jpg?fit=550%2C550&amp;ssl=1\" data-orig-size=\"550,550\" data-comments-opened=\"1\" data-image-meta=\"{&quot;aperture&quot;:&quot;0&quot;,&quot;credit&quot;:&quot;&quot;,&quot;camera&quot;:&quot;&quot;,&quot;caption&quot;:&quot;&quot;,&quot;created_timestamp&quot;:&quot;0&quot;,&quot;copyright&quot;:&quot;&quot;,&quot;focal_length&quot;:&quot;0&quot;,&quot;iso&quot;:&quot;0&quot;,&quot;shutter_speed&quot;:&quot;0&quot;,&quot;title&quot;:&quot;&quot;}\" data-image-title=\"irmas-kardashian-lancam-colecao-de-oculos-de-sol (1)\" data-image-description=\"\" data-image-caption=\"&lt;p&gt;Irm\u00e3s Kardashian lan\u00e7am cole\u00e7\u00e3o de \u00f3culos de sol &lt;\/p&gt;\n\" data-medium-file=\"https:\/\/i0.wp.com\/agrund.com\/wp-content\/uploads\/sites\/6\/2014\/02\/irmas-kardashian-lancam-colecao-de-oculos-de-sol-1.jpg?fit=300%2C300&amp;ssl=1\" data-large-file=\"https:\/\/i0.wp.com\/agrund.com\/wp-content\/uploads\/sites\/6\/2014\/02\/irmas-kardashian-lancam-colecao-de-oculos-de-sol-1.jpg?fit=550%2C550&amp;ssl=1\" decoding=\"async\" loading=\"lazy\" class=\"size-large wp-image-95242\" alt=\"Irm\u00e3s Kardashian lan\u00e7am cole\u00e7\u00e3o de \u00f3culos de sol \" src=\"https:\/\/i0.wp.com\/www.agrund.com\/wp-content\/uploads\/sites\/6\/cache\/2014\/02\/irmas-kardashian-lancam-colecao-de-oculos-de-sol-1\/1018230506.jpg?resize=550%2C550\" width=\"550\" height=\"550\" data-recalc-dims=\"1\" \/><\/a><p id=\"caption-attachment-95242\" class=\"wp-caption-text\">Irm\u00e3s Kardashian lan\u00e7am cole\u00e7\u00e3o de \u00f3culos de sol<\/p><\/div>\n<div id=\"attachment_95243\" style=\"width: 560px\" class=\"wp-caption aligncenter\"><a href=\"https:\/\/i0.wp.com\/www.agrund.com\/wp-content\/uploads\/sites\/6\/2014\/02\/irmas-kardashian-lancam-colecao-de-oculos-de-sol-2.jpg\"><img aria-describedby=\"caption-attachment-95243\" data-attachment-id=\"95243\" data-permalink=\"https:\/\/agrund.com\/index.php\/irmas-kardashian-lancam-colecao-de-oculos-de-sol\/irmas-kardashian-lancam-colecao-de-oculos-de-sol-2\/\" data-orig-file=\"https:\/\/i0.wp.com\/agrund.com\/wp-content\/uploads\/sites\/6\/2014\/02\/irmas-kardashian-lancam-colecao-de-oculos-de-sol-2.jpg?fit=550%2C550&amp;ssl=1\" data-orig-size=\"550,550\" data-comments-opened=\"1\" data-image-meta=\"{&quot;aperture&quot;:&quot;0&quot;,&quot;credit&quot;:&quot;&quot;,&quot;camera&quot;:&quot;&quot;,&quot;caption&quot;:&quot;&quot;,&quot;created_timestamp&quot;:&quot;0&quot;,&quot;copyright&quot;:&quot;&quot;,&quot;focal_length&quot;:&quot;0&quot;,&quot;iso&quot;:&quot;0&quot;,&quot;shutter_speed&quot;:&quot;0&quot;,&quot;title&quot;:&quot;&quot;}\" data-image-title=\"irmas-kardashian-lancam-colecao-de-oculos-de-sol (2)\" data-image-description=\"\" data-image-caption=\"&lt;p&gt;Irm\u00e3s Kardashian lan\u00e7am cole\u00e7\u00e3o de \u00f3culos de sol &lt;\/p&gt;\n\" data-medium-file=\"https:\/\/i0.wp.com\/agrund.com\/wp-content\/uploads\/sites\/6\/2014\/02\/irmas-kardashian-lancam-colecao-de-oculos-de-sol-2.jpg?fit=300%2C300&amp;ssl=1\" data-large-file=\"https:\/\/i0.wp.com\/agrund.com\/wp-content\/uploads\/sites\/6\/2014\/02\/irmas-kardashian-lancam-colecao-de-oculos-de-sol-2.jpg?fit=550%2C550&amp;ssl=1\" decoding=\"async\" loading=\"lazy\" class=\"size-large wp-image-95243\" alt=\"Irm\u00e3s Kardashian lan\u00e7am cole\u00e7\u00e3o de \u00f3culos de sol \" src=\"https:\/\/i0.wp.com\/www.agrund.com\/wp-content\/uploads\/sites\/6\/cache\/2014\/02\/irmas-kardashian-lancam-colecao-de-oculos-de-sol-2\/2990534921.jpg?resize=550%2C550\" width=\"550\" height=\"550\" data-recalc-dims=\"1\" \/><\/a><p id=\"caption-attachment-95243\" class=\"wp-caption-text\">Irm\u00e3s Kardashian lan\u00e7am cole\u00e7\u00e3o de \u00f3culos de sol<\/p><\/div>\n<div id=\"attachment_95244\" style=\"width: 560px\" class=\"wp-caption aligncenter\"><a href=\"https:\/\/i0.wp.com\/www.agrund.com\/wp-content\/uploads\/sites\/6\/2014\/02\/irmas-kardashian-lancam-colecao-de-oculos-de-sol-3.jpg\"><img aria-describedby=\"caption-attachment-95244\" data-attachment-id=\"95244\" data-permalink=\"https:\/\/agrund.com\/index.php\/irmas-kardashian-lancam-colecao-de-oculos-de-sol\/irmas-kardashian-lancam-colecao-de-oculos-de-sol-3\/\" data-orig-file=\"https:\/\/i0.wp.com\/agrund.com\/wp-content\/uploads\/sites\/6\/2014\/02\/irmas-kardashian-lancam-colecao-de-oculos-de-sol-3.jpg?fit=550%2C487&amp;ssl=1\" data-orig-size=\"550,487\" data-comments-opened=\"1\" data-image-meta=\"{&quot;aperture&quot;:&quot;0&quot;,&quot;credit&quot;:&quot;&quot;,&quot;camera&quot;:&quot;&quot;,&quot;caption&quot;:&quot;&quot;,&quot;created_timestamp&quot;:&quot;0&quot;,&quot;copyright&quot;:&quot;&quot;,&quot;focal_length&quot;:&quot;0&quot;,&quot;iso&quot;:&quot;0&quot;,&quot;shutter_speed&quot;:&quot;0&quot;,&quot;title&quot;:&quot;&quot;}\" data-image-title=\"irmas-kardashian-lancam-colecao-de-oculos-de-sol (3)\" data-image-description=\"\" data-image-caption=\"&lt;p&gt;Irm\u00e3s Kardashian lan\u00e7am cole\u00e7\u00e3o de \u00f3culos de sol &lt;\/p&gt;\n\" data-medium-file=\"https:\/\/i0.wp.com\/agrund.com\/wp-content\/uploads\/sites\/6\/2014\/02\/irmas-kardashian-lancam-colecao-de-oculos-de-sol-3.jpg?fit=300%2C265&amp;ssl=1\" data-large-file=\"https:\/\/i0.wp.com\/agrund.com\/wp-content\/uploads\/sites\/6\/2014\/02\/irmas-kardashian-lancam-colecao-de-oculos-de-sol-3.jpg?fit=550%2C487&amp;ssl=1\" decoding=\"async\" loading=\"lazy\" class=\"size-large wp-image-95244\" alt=\"Irm\u00e3s Kardashian lan\u00e7am cole\u00e7\u00e3o de \u00f3culos de sol \" src=\"https:\/\/i0.wp.com\/www.agrund.com\/wp-content\/uploads\/sites\/6\/cache\/2014\/02\/irmas-kardashian-lancam-colecao-de-oculos-de-sol-3\/2123755927.jpg?resize=550%2C487\" width=\"550\" height=\"487\" data-recalc-dims=\"1\" \/><\/a><p id=\"caption-attachment-95244\" class=\"wp-caption-text\">Irm\u00e3s Kardashian lan\u00e7am cole\u00e7\u00e3o de \u00f3culos de sol<\/p><\/div>\n<p>Imagens: Reprodu\u00e7\u00e3o.<\/p>\n","protected":false},"excerpt":{"rendered":"<p>As irm\u00e3s Kardashian est\u00e3o sempre se aventurando no mundo da moda e da beleza, n\u00e3o \u00e9 mesmo? Depois do \u00faltimo lan\u00e7amento da &#8220;Kardashian Beauty&#8221; em 2013, agora as irm\u00e3s acabam de anunciar uma cole\u00e7\u00e3o de \u00f3culos de sol. Kim, Khloe e Kourtney assinam modelos estilo aviadores com arma\u00e7\u00f5es de a\u00e7o inoxid\u00e1vel banhados a ouro 10 [&hellip;]<\/p>\n","protected":false},"author":1,"featured_media":95245,"comment_status":"open","ping_status":"open","sticky":false,"template":"","format":"standard","meta":{"jetpack_post_was_ever_published":false,"_jetpack_newsletter_access":"","jetpack_publicize_message":"","jetpack_is_tweetstorm":false,"jetpack_publicize_feature_enabled":true,"jetpack_social_post_already_shared":true,"jetpack_social_options":{"image_generator_settings":{"template":"highway","enabled":false}}},"categories":[2],"tags":[],"jetpack_publicize_connections":[],"jetpack_featured_media_url":"https:\/\/i0.wp.com\/agrund.com\/wp-content\/uploads\/sites\/6\/2014\/02\/slide10.jpg?fit=960%2C300&ssl=1","jetpack_sharing_enabled":true,"jetpack_shortlink":"https:\/\/wp.me\/p3Hz0n-oM9","jetpack_likes_enabled":true,"_links":{"self":[{"href":"https:\/\/agrund.com\/index.php\/wp-json\/wp\/v2\/posts\/95241"}],"collection":[{"href":"https:\/\/agrund.com\/index.php\/wp-json\/wp\/v2\/posts"}],"about":[{"href":"https:\/\/agrund.com\/index.php\/wp-json\/wp\/v2\/types\/post"}],"author":[{"embeddable":true,"href":"https:\/\/agrund.com\/index.php\/wp-json\/wp\/v2\/users\/1"}],"replies":[{"embeddable":true,"href":"https:\/\/agrund.com\/index.php\/wp-json\/wp\/v2\/comments?post=95241"}],"version-history":[{"count":0,"href":"https:\/\/agrund.com\/index.php\/wp-json\/wp\/v2\/posts\/95241\/revisions"}],"wp:featuredmedia":[{"embeddable":true,"href":"https:\/\/agrund.com\/index.php\/wp-json\/wp\/v2\/media\/95245"}],"wp:attachment":[{"href":"https:\/\/agrund.com\/index.php\/wp-json\/wp\/v2\/media?parent=95241"}],"wp:term":[{"taxonomy":"category","embeddable":true,"href":"https:\/\/agrund.com\/index.php\/wp-json\/wp\/v2\/categories?post=95241"},{"taxonomy":"post_tag","embeddable":true,"href":"https:\/\/agrund.com\/index.php\/wp-json\/wp\/v2\/tags?post=95241"}],"curies":[{"name":"wp","href":"https:\/\/api.w.org\/{rel}","templated":true}]}}