{"id":95207,"date":"2014-02-04T13:00:34","date_gmt":"2014-02-04T15:00:34","guid":{"rendered":"http:\/\/www.agrund.com\/?p=95207"},"modified":"2014-02-04T08:24:28","modified_gmt":"2014-02-04T10:24:28","slug":"camila-pitanga-estrela-nova-campanha-de-alexandre-herchcovitch","status":"publish","type":"post","link":"https:\/\/agrund.com\/index.php\/camila-pitanga-estrela-nova-campanha-de-alexandre-herchcovitch\/","title":{"rendered":"Camila Pitanga estrela nova campanha de Alexandre Herchcovitch"},"content":{"rendered":"<p>Alexandre Herchcovitch decidiu investir em v\u00eddeos que traduzissem bem o conceito de sua marca na sua nova campanha inverno 2014. Para isso, o estilista convocou um time de peso composto pelo fot\u00f3grafo Bob Wolfenson, o maquiador Robert Estev\u00e3o, o styling Mauricio Ianes e a atriz Camila Pitanga.<\/p>\n<p>O primeiro v\u00eddeo estrelado por Camila j\u00e1 foi divulgado e nele j\u00e1 podemos perceber a atmosfera de suspense que a campanha ter\u00e1. Aperte o play:<\/p>\n<p><span class=\"embed-youtube\" style=\"text-align:center; display: block;\"><iframe loading=\"lazy\" class=\"youtube-player\" width=\"640\" height=\"360\" src=\"https:\/\/www.youtube.com\/embed\/XT3e6i4I2_g?version=3&#038;rel=1&#038;showsearch=0&#038;showinfo=1&#038;iv_load_policy=1&#038;fs=1&#038;hl=pt-BR&#038;autohide=2&#038;wmode=transparent\" allowfullscreen=\"true\" style=\"border:0;\" sandbox=\"allow-scripts allow-same-origin allow-popups allow-presentation\"><\/iframe><\/span><\/p>\n<div id=\"attachment_95208\" style=\"width: 510px\" class=\"wp-caption aligncenter\"><a href=\"https:\/\/i0.wp.com\/www.agrund.com\/wp-content\/uploads\/sites\/6\/2014\/02\/camila-pitanga-estrela-nova-campanha-de-alexandre-herchcovitch.jpg\"><img aria-describedby=\"caption-attachment-95208\" data-attachment-id=\"95208\" data-permalink=\"https:\/\/agrund.com\/index.php\/camila-pitanga-estrela-nova-campanha-de-alexandre-herchcovitch\/camila-pitanga-estrela-nova-campanha-de-alexandre-herchcovitch\/\" data-orig-file=\"https:\/\/i0.wp.com\/agrund.com\/wp-content\/uploads\/sites\/6\/2014\/02\/camila-pitanga-estrela-nova-campanha-de-alexandre-herchcovitch.jpg?fit=500%2C334&amp;ssl=1\" data-orig-size=\"500,334\" data-comments-opened=\"1\" data-image-meta=\"{&quot;aperture&quot;:&quot;0&quot;,&quot;credit&quot;:&quot;&quot;,&quot;camera&quot;:&quot;&quot;,&quot;caption&quot;:&quot;&quot;,&quot;created_timestamp&quot;:&quot;0&quot;,&quot;copyright&quot;:&quot;&quot;,&quot;focal_length&quot;:&quot;0&quot;,&quot;iso&quot;:&quot;0&quot;,&quot;shutter_speed&quot;:&quot;0&quot;,&quot;title&quot;:&quot;&quot;}\" data-image-title=\"camila-pitanga-estrela-nova-campanha-de-alexandre-herchcovitch\" data-image-description=\"\" data-image-caption=\"&lt;p&gt;Camila Pitanga estrela nova campanha de Alexandre Herchcovitch&lt;\/p&gt;\n\" data-medium-file=\"https:\/\/i0.wp.com\/agrund.com\/wp-content\/uploads\/sites\/6\/2014\/02\/camila-pitanga-estrela-nova-campanha-de-alexandre-herchcovitch.jpg?fit=300%2C200&amp;ssl=1\" data-large-file=\"https:\/\/i0.wp.com\/agrund.com\/wp-content\/uploads\/sites\/6\/2014\/02\/camila-pitanga-estrela-nova-campanha-de-alexandre-herchcovitch.jpg?fit=500%2C334&amp;ssl=1\" decoding=\"async\" loading=\"lazy\" class=\"size-large wp-image-95208\" alt=\"Camila Pitanga estrela nova campanha de Alexandre Herchcovitch\" src=\"https:\/\/i0.wp.com\/www.agrund.com\/wp-content\/uploads\/sites\/6\/cache\/2014\/02\/camila-pitanga-estrela-nova-campanha-de-alexandre-herchcovitch\/4199266629.jpg?resize=500%2C334\" width=\"500\" height=\"334\" data-recalc-dims=\"1\" \/><\/a><p id=\"caption-attachment-95208\" class=\"wp-caption-text\">Camila Pitanga estrela nova campanha de Alexandre Herchcovitch<\/p><\/div>\n<p>Imagem e V\u00eddeo: Reprodu\u00e7\u00e3o.<\/p>\n","protected":false},"excerpt":{"rendered":"<p>Alexandre Herchcovitch decidiu investir em v\u00eddeos que traduzissem bem o conceito de sua marca na sua nova campanha inverno 2014. Para isso, o estilista convocou um time de peso composto pelo fot\u00f3grafo Bob Wolfenson, o maquiador Robert Estev\u00e3o, o styling Mauricio Ianes e a atriz Camila Pitanga. O primeiro v\u00eddeo estrelado por Camila j\u00e1 foi [&hellip;]<\/p>\n","protected":false},"author":1,"featured_media":95209,"comment_status":"open","ping_status":"open","sticky":false,"template":"","format":"standard","meta":{"jetpack_post_was_ever_published":false,"_jetpack_newsletter_access":"","jetpack_publicize_message":"","jetpack_is_tweetstorm":false,"jetpack_publicize_feature_enabled":true,"jetpack_social_post_already_shared":true,"jetpack_social_options":{"image_generator_settings":{"template":"highway","enabled":false}}},"categories":[2],"tags":[],"jetpack_publicize_connections":[],"jetpack_featured_media_url":"https:\/\/i0.wp.com\/agrund.com\/wp-content\/uploads\/sites\/6\/2014\/02\/slideale.jpg?fit=960%2C300&ssl=1","jetpack_sharing_enabled":true,"jetpack_shortlink":"https:\/\/wp.me\/p3Hz0n-oLB","jetpack_likes_enabled":true,"_links":{"self":[{"href":"https:\/\/agrund.com\/index.php\/wp-json\/wp\/v2\/posts\/95207"}],"collection":[{"href":"https:\/\/agrund.com\/index.php\/wp-json\/wp\/v2\/posts"}],"about":[{"href":"https:\/\/agrund.com\/index.php\/wp-json\/wp\/v2\/types\/post"}],"author":[{"embeddable":true,"href":"https:\/\/agrund.com\/index.php\/wp-json\/wp\/v2\/users\/1"}],"replies":[{"embeddable":true,"href":"https:\/\/agrund.com\/index.php\/wp-json\/wp\/v2\/comments?post=95207"}],"version-history":[{"count":0,"href":"https:\/\/agrund.com\/index.php\/wp-json\/wp\/v2\/posts\/95207\/revisions"}],"wp:featuredmedia":[{"embeddable":true,"href":"https:\/\/agrund.com\/index.php\/wp-json\/wp\/v2\/media\/95209"}],"wp:attachment":[{"href":"https:\/\/agrund.com\/index.php\/wp-json\/wp\/v2\/media?parent=95207"}],"wp:term":[{"taxonomy":"category","embeddable":true,"href":"https:\/\/agrund.com\/index.php\/wp-json\/wp\/v2\/categories?post=95207"},{"taxonomy":"post_tag","embeddable":true,"href":"https:\/\/agrund.com\/index.php\/wp-json\/wp\/v2\/tags?post=95207"}],"curies":[{"name":"wp","href":"https:\/\/api.w.org\/{rel}","templated":true}]}}