{"id":95191,"date":"2014-02-04T11:00:06","date_gmt":"2014-02-04T13:00:06","guid":{"rendered":"http:\/\/www.agrund.com\/?p=95191"},"modified":"2014-02-04T08:20:03","modified_gmt":"2014-02-04T10:20:03","slug":"carolina-herrera-escala-gisele-bundchen-para-sua-nova-campanha","status":"publish","type":"post","link":"https:\/\/agrund.com\/index.php\/carolina-herrera-escala-gisele-bundchen-para-sua-nova-campanha\/","title":{"rendered":"Carolina Herrera escala Gisele B\u00fcndchen para sua nova campanha"},"content":{"rendered":"<p>Gisele B\u00fcndchen \u00e9 a nova garota-propaganda da nova fragr\u00e2ncia 212 Vip, da Carolina Herrera. Nos cliques, a top aparece bel\u00edssima em um vestido longo branco na companhia dos modelos Marlon Teixeira e Jon Kortajarena.<\/p>\n<p>A campanha ainda ganhou um v\u00eddeo de divulga\u00e7\u00e3o onde Gisele \u00e9 convidada vip de uma festa super exclusiva e \u00fanica, assim como a proposta do perfume. Confira:<br \/>\n<span class=\"embed-youtube\" style=\"text-align:center; display: block;\"><iframe loading=\"lazy\" class=\"youtube-player\" width=\"640\" height=\"360\" src=\"https:\/\/www.youtube.com\/embed\/8T8jjMqigQc?version=3&#038;rel=1&#038;showsearch=0&#038;showinfo=1&#038;iv_load_policy=1&#038;fs=1&#038;hl=pt-BR&#038;autohide=2&#038;wmode=transparent\" allowfullscreen=\"true\" style=\"border:0;\" sandbox=\"allow-scripts allow-same-origin allow-popups allow-presentation\"><\/iframe><\/span><\/p>\n<div id=\"attachment_95192\" style=\"width: 510px\" class=\"wp-caption aligncenter\"><a href=\"https:\/\/i0.wp.com\/www.agrund.com\/wp-content\/uploads\/sites\/6\/2014\/02\/carolina-herrera-escala-gisele-bundchen-para-sua-nova-campanha-1.jpg\"><img aria-describedby=\"caption-attachment-95192\" data-attachment-id=\"95192\" data-permalink=\"https:\/\/agrund.com\/index.php\/carolina-herrera-escala-gisele-bundchen-para-sua-nova-campanha\/carolina-herrera-escala-gisele-bundchen-para-sua-nova-campanha-1\/\" data-orig-file=\"https:\/\/i0.wp.com\/agrund.com\/wp-content\/uploads\/sites\/6\/2014\/02\/carolina-herrera-escala-gisele-bundchen-para-sua-nova-campanha-1.jpg?fit=500%2C726&amp;ssl=1\" data-orig-size=\"500,726\" data-comments-opened=\"1\" data-image-meta=\"{&quot;aperture&quot;:&quot;0&quot;,&quot;credit&quot;:&quot;&quot;,&quot;camera&quot;:&quot;&quot;,&quot;caption&quot;:&quot;&quot;,&quot;created_timestamp&quot;:&quot;0&quot;,&quot;copyright&quot;:&quot;&quot;,&quot;focal_length&quot;:&quot;0&quot;,&quot;iso&quot;:&quot;0&quot;,&quot;shutter_speed&quot;:&quot;0&quot;,&quot;title&quot;:&quot;&quot;}\" data-image-title=\"carolina-herrera-escala-gisele-bundchen-para-sua-nova-campanha (1)\" data-image-description=\"\" data-image-caption=\"&lt;p&gt;Carolina Herrera escala Gisele B\u00fcndchen para sua nova campanha&lt;\/p&gt;\n\" data-medium-file=\"https:\/\/i0.wp.com\/agrund.com\/wp-content\/uploads\/sites\/6\/2014\/02\/carolina-herrera-escala-gisele-bundchen-para-sua-nova-campanha-1.jpg?fit=206%2C300&amp;ssl=1\" data-large-file=\"https:\/\/i0.wp.com\/agrund.com\/wp-content\/uploads\/sites\/6\/2014\/02\/carolina-herrera-escala-gisele-bundchen-para-sua-nova-campanha-1.jpg?fit=500%2C726&amp;ssl=1\" decoding=\"async\" loading=\"lazy\" class=\"size-large wp-image-95192\" alt=\"Carolina Herrera escala Gisele B\u00fcndchen para sua nova campanha\" src=\"https:\/\/i0.wp.com\/www.agrund.com\/wp-content\/uploads\/sites\/6\/cache\/2014\/02\/carolina-herrera-escala-gisele-bundchen-para-sua-nova-campanha-1\/3453964723.jpg?resize=500%2C726\" width=\"500\" height=\"726\" data-recalc-dims=\"1\" \/><\/a><p id=\"caption-attachment-95192\" class=\"wp-caption-text\">Carolina Herrera escala Gisele B\u00fcndchen para sua nova campanha<\/p><\/div>\n<div id=\"attachment_95193\" style=\"width: 510px\" class=\"wp-caption aligncenter\"><a href=\"https:\/\/i0.wp.com\/www.agrund.com\/wp-content\/uploads\/sites\/6\/2014\/02\/carolina-herrera-escala-gisele-bundchen-para-sua-nova-campanha-2.jpg\"><img aria-describedby=\"caption-attachment-95193\" data-attachment-id=\"95193\" data-permalink=\"https:\/\/agrund.com\/index.php\/carolina-herrera-escala-gisele-bundchen-para-sua-nova-campanha\/carolina-herrera-escala-gisele-bundchen-para-sua-nova-campanha-2\/\" data-orig-file=\"https:\/\/i0.wp.com\/agrund.com\/wp-content\/uploads\/sites\/6\/2014\/02\/carolina-herrera-escala-gisele-bundchen-para-sua-nova-campanha-2.jpg?fit=500%2C726&amp;ssl=1\" data-orig-size=\"500,726\" data-comments-opened=\"1\" data-image-meta=\"{&quot;aperture&quot;:&quot;0&quot;,&quot;credit&quot;:&quot;&quot;,&quot;camera&quot;:&quot;&quot;,&quot;caption&quot;:&quot;&quot;,&quot;created_timestamp&quot;:&quot;0&quot;,&quot;copyright&quot;:&quot;&quot;,&quot;focal_length&quot;:&quot;0&quot;,&quot;iso&quot;:&quot;0&quot;,&quot;shutter_speed&quot;:&quot;0&quot;,&quot;title&quot;:&quot;&quot;}\" data-image-title=\"carolina-herrera-escala-gisele-bundchen-para-sua-nova-campanha (2)\" data-image-description=\"\" data-image-caption=\"&lt;p&gt;Carolina Herrera escala Gisele B\u00fcndchen para sua nova campanha&lt;\/p&gt;\n\" data-medium-file=\"https:\/\/i0.wp.com\/agrund.com\/wp-content\/uploads\/sites\/6\/2014\/02\/carolina-herrera-escala-gisele-bundchen-para-sua-nova-campanha-2.jpg?fit=206%2C300&amp;ssl=1\" data-large-file=\"https:\/\/i0.wp.com\/agrund.com\/wp-content\/uploads\/sites\/6\/2014\/02\/carolina-herrera-escala-gisele-bundchen-para-sua-nova-campanha-2.jpg?fit=500%2C726&amp;ssl=1\" decoding=\"async\" loading=\"lazy\" class=\"size-large wp-image-95193\" alt=\"Carolina Herrera escala Gisele B\u00fcndchen para sua nova campanha\" src=\"https:\/\/i0.wp.com\/www.agrund.com\/wp-content\/uploads\/sites\/6\/cache\/2014\/02\/carolina-herrera-escala-gisele-bundchen-para-sua-nova-campanha-2\/1129338448.jpg?resize=500%2C726\" width=\"500\" height=\"726\" data-recalc-dims=\"1\" \/><\/a><p id=\"caption-attachment-95193\" class=\"wp-caption-text\">Carolina Herrera escala Gisele B\u00fcndchen para sua nova campanha<\/p><\/div>\n<p>Imagens e V\u00eddeo: Reprodu\u00e7\u00e3o.<\/p>\n","protected":false},"excerpt":{"rendered":"<p>Gisele B\u00fcndchen \u00e9 a nova garota-propaganda da nova fragr\u00e2ncia 212 Vip, da Carolina Herrera. Nos cliques, a top aparece bel\u00edssima em um vestido longo branco na companhia dos modelos Marlon Teixeira e Jon Kortajarena. A campanha ainda ganhou um v\u00eddeo de divulga\u00e7\u00e3o onde Gisele \u00e9 convidada vip de uma festa super exclusiva e \u00fanica, assim [&hellip;]<\/p>\n","protected":false},"author":1,"featured_media":95194,"comment_status":"open","ping_status":"open","sticky":false,"template":"","format":"standard","meta":{"jetpack_post_was_ever_published":false,"_jetpack_newsletter_access":"","jetpack_publicize_message":"","jetpack_is_tweetstorm":false,"jetpack_publicize_feature_enabled":true,"jetpack_social_post_already_shared":true,"jetpack_social_options":{"image_generator_settings":{"template":"highway","enabled":false}}},"categories":[2],"tags":[],"jetpack_publicize_connections":[],"jetpack_featured_media_url":"https:\/\/i0.wp.com\/agrund.com\/wp-content\/uploads\/sites\/6\/2014\/02\/slide8.jpg?fit=960%2C300&ssl=1","jetpack_sharing_enabled":true,"jetpack_shortlink":"https:\/\/wp.me\/p3Hz0n-oLl","jetpack_likes_enabled":true,"_links":{"self":[{"href":"https:\/\/agrund.com\/index.php\/wp-json\/wp\/v2\/posts\/95191"}],"collection":[{"href":"https:\/\/agrund.com\/index.php\/wp-json\/wp\/v2\/posts"}],"about":[{"href":"https:\/\/agrund.com\/index.php\/wp-json\/wp\/v2\/types\/post"}],"author":[{"embeddable":true,"href":"https:\/\/agrund.com\/index.php\/wp-json\/wp\/v2\/users\/1"}],"replies":[{"embeddable":true,"href":"https:\/\/agrund.com\/index.php\/wp-json\/wp\/v2\/comments?post=95191"}],"version-history":[{"count":0,"href":"https:\/\/agrund.com\/index.php\/wp-json\/wp\/v2\/posts\/95191\/revisions"}],"wp:featuredmedia":[{"embeddable":true,"href":"https:\/\/agrund.com\/index.php\/wp-json\/wp\/v2\/media\/95194"}],"wp:attachment":[{"href":"https:\/\/agrund.com\/index.php\/wp-json\/wp\/v2\/media?parent=95191"}],"wp:term":[{"taxonomy":"category","embeddable":true,"href":"https:\/\/agrund.com\/index.php\/wp-json\/wp\/v2\/categories?post=95191"},{"taxonomy":"post_tag","embeddable":true,"href":"https:\/\/agrund.com\/index.php\/wp-json\/wp\/v2\/tags?post=95191"}],"curies":[{"name":"wp","href":"https:\/\/api.w.org\/{rel}","templated":true}]}}