{"id":95049,"date":"2014-01-31T19:00:36","date_gmt":"2014-01-31T21:00:36","guid":{"rendered":"http:\/\/www.agrund.com\/?p=95049"},"modified":"2014-01-31T18:29:59","modified_gmt":"2014-01-31T20:29:59","slug":"richard-gere-ataca-de-produtor-no-longa-time-out-of-mind","status":"publish","type":"post","link":"https:\/\/agrund.com\/index.php\/richard-gere-ataca-de-produtor-no-longa-time-out-of-mind\/","title":{"rendered":"Richard Gere \u201c ataca\u201d de produtor  no longa &#8216;Time Out of Mind&#8217;"},"content":{"rendered":"<p>O ator Richard Gere est\u00e1 muito entusiasmado em se juntar ao diretor Oren Moverman para o drama que se passa em Nova York e que gira em torno de um homem trabalhando para reconstruir sua vida e se reconectar com sua filha distante depois de ficar desabrigado.<br \/>\nGere foi citado dizendo: &#8220;&#8216;Time Out Of Mind&#8217; me deixou obcecado por muitos anos, \u00e9 uma hist\u00f3ria profundamente humana que n\u00f3s estamos determinados em transformar em um filme poderoso e que fala com todo mundo. Eu estou orgulhoso e encantado em estar colaborando com o brilhante diretor e roteirista Oren Moverman em contar uma hist\u00f3ria emocional e descompromissada sobre perda, conex\u00e3o e possibilidade de reden\u00e7\u00e3o&#8221;.<br \/>\nMoverman est\u00e1 contente que a hist\u00f3ria vai permitir uma discuss\u00e3o sobre &#8220;problemas sociais&#8221; com que um grande n\u00famero de pessoas pode se relacionar.<br \/>\nEle acrescentou: &#8220;Richard \u00e9 um ator que eu admiro h\u00e1 um longo tempo e eu estou honrado em estar trabalhando com ele em um filme que trata de problemas sociais enquanto conta uma hist\u00f3ria humana e acess\u00edvel sobre um homem sem posses e que tamb\u00e9m \u00e9 um pai, um amante, um amigo e uma estat\u00edstica que merece a nossa aten\u00e7\u00e3o&#8221;.<br \/>\nMoverman &#8211; cujo filme &#8220;O Mensageiro&#8221; recebeu o Oscar de &#8220;Melhor Roteiro Original&#8221;- adaptou a hist\u00f3ria de um roteiro escrito por seu colega nomeado pela Academy Award, Jeffrey Caine. A produ\u00e7\u00e3o de &#8220;Time Out of Mind&#8221; vai come\u00e7ar em mar\u00e7o.<\/p>\n<div id=\"attachment_95050\" style=\"width: 650px\" class=\"wp-caption aligncenter\"><a href=\"https:\/\/i0.wp.com\/www.agrund.com\/wp-content\/uploads\/sites\/6\/2014\/01\/richard-gere-ataca-de-produtor-no-longa-time-out-of-mind.jpg\"><img aria-describedby=\"caption-attachment-95050\" data-attachment-id=\"95050\" data-permalink=\"https:\/\/agrund.com\/index.php\/richard-gere-ataca-de-produtor-no-longa-time-out-of-mind\/richard-gere-ataca-de-produtor-no-longa-time-out-of-mind\/\" data-orig-file=\"https:\/\/i0.wp.com\/agrund.com\/wp-content\/uploads\/sites\/6\/2014\/01\/richard-gere-ataca-de-produtor-no-longa-time-out-of-mind.jpg?fit=640%2C360&amp;ssl=1\" data-orig-size=\"640,360\" data-comments-opened=\"1\" data-image-meta=\"{&quot;aperture&quot;:&quot;0&quot;,&quot;credit&quot;:&quot;&quot;,&quot;camera&quot;:&quot;&quot;,&quot;caption&quot;:&quot;&quot;,&quot;created_timestamp&quot;:&quot;0&quot;,&quot;copyright&quot;:&quot;&quot;,&quot;focal_length&quot;:&quot;0&quot;,&quot;iso&quot;:&quot;0&quot;,&quot;shutter_speed&quot;:&quot;0&quot;,&quot;title&quot;:&quot;&quot;}\" data-image-title=\"richard-gere-ataca-de-produtor-no-longa-time-out-of-mind\" data-image-description=\"\" data-image-caption=\"&lt;p&gt;Richard Gere \u201c ataca\u201d de produtor  no longa &#8216;Time Out of Mind&#8217;&lt;\/p&gt;\n\" data-medium-file=\"https:\/\/i0.wp.com\/agrund.com\/wp-content\/uploads\/sites\/6\/2014\/01\/richard-gere-ataca-de-produtor-no-longa-time-out-of-mind.jpg?fit=300%2C168&amp;ssl=1\" data-large-file=\"https:\/\/i0.wp.com\/agrund.com\/wp-content\/uploads\/sites\/6\/2014\/01\/richard-gere-ataca-de-produtor-no-longa-time-out-of-mind.jpg?fit=640%2C360&amp;ssl=1\" decoding=\"async\" loading=\"lazy\" class=\"size-large wp-image-95050\" alt=\"Richard Gere \u201c ataca\u201d de produtor  no longa 'Time Out of Mind'\" src=\"https:\/\/i0.wp.com\/www.agrund.com\/wp-content\/uploads\/sites\/6\/cache\/2014\/01\/richard-gere-ataca-de-produtor-no-longa-time-out-of-mind\/835227070.jpg?resize=640%2C360\" width=\"640\" height=\"360\" data-recalc-dims=\"1\" \/><\/a><p id=\"caption-attachment-95050\" class=\"wp-caption-text\">Richard Gere \u201c ataca\u201d de produtor no longa &#8216;Time Out of Mind&#8217;<\/p><\/div>\n<p>Imagem: Reprodu\u00e7\u00e3o.<\/p>\n","protected":false},"excerpt":{"rendered":"<p>O ator Richard Gere est\u00e1 muito entusiasmado em se juntar ao diretor Oren Moverman para o drama que se passa em Nova York e que gira em torno de um homem trabalhando para reconstruir sua vida e se reconectar com sua filha distante depois de ficar desabrigado. Gere foi citado dizendo: &#8220;&#8216;Time Out Of Mind&#8217; [&hellip;]<\/p>\n","protected":false},"author":1,"featured_media":95051,"comment_status":"open","ping_status":"open","sticky":false,"template":"","format":"standard","meta":{"jetpack_post_was_ever_published":false,"_jetpack_newsletter_access":"","jetpack_publicize_message":"","jetpack_is_tweetstorm":false,"jetpack_publicize_feature_enabled":true,"jetpack_social_post_already_shared":true,"jetpack_social_options":{"image_generator_settings":{"template":"highway","enabled":false}}},"categories":[2],"tags":[],"jetpack_publicize_connections":[],"jetpack_featured_media_url":"https:\/\/i0.wp.com\/agrund.com\/wp-content\/uploads\/sites\/6\/2014\/01\/slide190.jpg?fit=960%2C300&ssl=1","jetpack_sharing_enabled":true,"jetpack_shortlink":"https:\/\/wp.me\/p3Hz0n-oJ3","jetpack_likes_enabled":true,"_links":{"self":[{"href":"https:\/\/agrund.com\/index.php\/wp-json\/wp\/v2\/posts\/95049"}],"collection":[{"href":"https:\/\/agrund.com\/index.php\/wp-json\/wp\/v2\/posts"}],"about":[{"href":"https:\/\/agrund.com\/index.php\/wp-json\/wp\/v2\/types\/post"}],"author":[{"embeddable":true,"href":"https:\/\/agrund.com\/index.php\/wp-json\/wp\/v2\/users\/1"}],"replies":[{"embeddable":true,"href":"https:\/\/agrund.com\/index.php\/wp-json\/wp\/v2\/comments?post=95049"}],"version-history":[{"count":0,"href":"https:\/\/agrund.com\/index.php\/wp-json\/wp\/v2\/posts\/95049\/revisions"}],"wp:featuredmedia":[{"embeddable":true,"href":"https:\/\/agrund.com\/index.php\/wp-json\/wp\/v2\/media\/95051"}],"wp:attachment":[{"href":"https:\/\/agrund.com\/index.php\/wp-json\/wp\/v2\/media?parent=95049"}],"wp:term":[{"taxonomy":"category","embeddable":true,"href":"https:\/\/agrund.com\/index.php\/wp-json\/wp\/v2\/categories?post=95049"},{"taxonomy":"post_tag","embeddable":true,"href":"https:\/\/agrund.com\/index.php\/wp-json\/wp\/v2\/tags?post=95049"}],"curies":[{"name":"wp","href":"https:\/\/api.w.org\/{rel}","templated":true}]}}