{"id":94982,"date":"2014-01-30T22:00:21","date_gmt":"2014-01-31T00:00:21","guid":{"rendered":"http:\/\/www.agrund.com\/?p=94982"},"modified":"2014-01-30T15:34:26","modified_gmt":"2014-01-30T17:34:26","slug":"neymar-estrela-campanha-de-eyewear","status":"publish","type":"post","link":"https:\/\/agrund.com\/index.php\/neymar-estrela-campanha-de-eyewear\/","title":{"rendered":"Neymar estrela campanha de eyewear"},"content":{"rendered":"<p>Voc\u00eas se lembram quando contamos <a href=\"http:\/\/www.agrund.com\/brasileiro-e-o-novo-embaixador-da-police\/\">AQUI<\/a> que Neymar era o novo embaixador da marca de \u00f3culos Police? Pois o craque j\u00e1 ganhou sua primeira campanha!<\/p>\n<p>A marca espanhola divulgou hoje as primeiras imagens de sua nova campanha, onde Neymar aparece usando arma\u00e7\u00f5es de \u00f3culos de sol e de grau que t\u00eam uma pegada urbana.<\/p>\n<p>Os cliques do fot\u00f3grafo Rankin ainda trazem de fundo a frase &#8220;My Game, My Rules&#8221;, que em portugu\u00eas \u00e9 &#8220;Meu jogo, minhas regras&#8221;.<\/p>\n<p>Parece que o sucesso n\u00e3o ficar\u00e1 apenas no futebol!<\/p>\n<div id=\"attachment_94983\" style=\"width: 510px\" class=\"wp-caption aligncenter\"><a href=\"https:\/\/i0.wp.com\/www.agrund.com\/wp-content\/uploads\/sites\/6\/2014\/01\/neymar-estrela-campanha-de-eyewear-1.jpg\"><img aria-describedby=\"caption-attachment-94983\" data-attachment-id=\"94983\" data-permalink=\"https:\/\/agrund.com\/index.php\/neymar-estrela-campanha-de-eyewear\/neymar-estrela-campanha-de-eyewear-1\/\" data-orig-file=\"https:\/\/i0.wp.com\/agrund.com\/wp-content\/uploads\/sites\/6\/2014\/01\/neymar-estrela-campanha-de-eyewear-1.jpg?fit=500%2C750&amp;ssl=1\" data-orig-size=\"500,750\" data-comments-opened=\"1\" data-image-meta=\"{&quot;aperture&quot;:&quot;0&quot;,&quot;credit&quot;:&quot;&quot;,&quot;camera&quot;:&quot;&quot;,&quot;caption&quot;:&quot;&quot;,&quot;created_timestamp&quot;:&quot;0&quot;,&quot;copyright&quot;:&quot;&quot;,&quot;focal_length&quot;:&quot;0&quot;,&quot;iso&quot;:&quot;0&quot;,&quot;shutter_speed&quot;:&quot;0&quot;,&quot;title&quot;:&quot;&quot;}\" data-image-title=\"neymar-estrela-campanha-de-eyewear (1)\" data-image-description=\"\" data-image-caption=\"&lt;p&gt;Neymar estrela campanha de eyewear&lt;\/p&gt;\n\" data-medium-file=\"https:\/\/i0.wp.com\/agrund.com\/wp-content\/uploads\/sites\/6\/2014\/01\/neymar-estrela-campanha-de-eyewear-1.jpg?fit=200%2C300&amp;ssl=1\" data-large-file=\"https:\/\/i0.wp.com\/agrund.com\/wp-content\/uploads\/sites\/6\/2014\/01\/neymar-estrela-campanha-de-eyewear-1.jpg?fit=500%2C750&amp;ssl=1\" decoding=\"async\" loading=\"lazy\" class=\"size-large wp-image-94983\" alt=\"Neymar estrela campanha de eyewear\" src=\"https:\/\/i0.wp.com\/www.agrund.com\/wp-content\/uploads\/sites\/6\/cache\/2014\/01\/neymar-estrela-campanha-de-eyewear-1\/3068431314.jpg?resize=500%2C750\" width=\"500\" height=\"750\" data-recalc-dims=\"1\" \/><\/a><p id=\"caption-attachment-94983\" class=\"wp-caption-text\">Neymar estrela campanha de eyewear<\/p><\/div>\n<div id=\"attachment_94984\" style=\"width: 510px\" class=\"wp-caption aligncenter\"><a href=\"https:\/\/i0.wp.com\/www.agrund.com\/wp-content\/uploads\/sites\/6\/2014\/01\/neymar-estrela-campanha-de-eyewear-2.jpg\"><img aria-describedby=\"caption-attachment-94984\" data-attachment-id=\"94984\" data-permalink=\"https:\/\/agrund.com\/index.php\/neymar-estrela-campanha-de-eyewear\/neymar-estrela-campanha-de-eyewear-2\/\" data-orig-file=\"https:\/\/i0.wp.com\/agrund.com\/wp-content\/uploads\/sites\/6\/2014\/01\/neymar-estrela-campanha-de-eyewear-2.jpg?fit=500%2C333&amp;ssl=1\" data-orig-size=\"500,333\" data-comments-opened=\"1\" data-image-meta=\"{&quot;aperture&quot;:&quot;0&quot;,&quot;credit&quot;:&quot;&quot;,&quot;camera&quot;:&quot;&quot;,&quot;caption&quot;:&quot;&quot;,&quot;created_timestamp&quot;:&quot;0&quot;,&quot;copyright&quot;:&quot;&quot;,&quot;focal_length&quot;:&quot;0&quot;,&quot;iso&quot;:&quot;0&quot;,&quot;shutter_speed&quot;:&quot;0&quot;,&quot;title&quot;:&quot;&quot;}\" data-image-title=\"neymar-estrela-campanha-de-eyewear (2)\" data-image-description=\"\" data-image-caption=\"&lt;p&gt;Neymar estrela campanha de eyewear&lt;\/p&gt;\n\" data-medium-file=\"https:\/\/i0.wp.com\/agrund.com\/wp-content\/uploads\/sites\/6\/2014\/01\/neymar-estrela-campanha-de-eyewear-2.jpg?fit=300%2C199&amp;ssl=1\" data-large-file=\"https:\/\/i0.wp.com\/agrund.com\/wp-content\/uploads\/sites\/6\/2014\/01\/neymar-estrela-campanha-de-eyewear-2.jpg?fit=500%2C333&amp;ssl=1\" decoding=\"async\" loading=\"lazy\" class=\"size-large wp-image-94984\" alt=\"Neymar estrela campanha de eyewear\" src=\"https:\/\/i0.wp.com\/www.agrund.com\/wp-content\/uploads\/sites\/6\/cache\/2014\/01\/neymar-estrela-campanha-de-eyewear-2\/946572337.jpg?resize=500%2C333\" width=\"500\" height=\"333\" data-recalc-dims=\"1\" \/><\/a><p id=\"caption-attachment-94984\" class=\"wp-caption-text\">Neymar estrela campanha de eyewear<\/p><\/div>\n<div id=\"attachment_94985\" style=\"width: 510px\" class=\"wp-caption aligncenter\"><a href=\"https:\/\/i0.wp.com\/www.agrund.com\/wp-content\/uploads\/sites\/6\/2014\/01\/neymar-estrela-campanha-de-eyewear-3.jpg\"><img aria-describedby=\"caption-attachment-94985\" data-attachment-id=\"94985\" data-permalink=\"https:\/\/agrund.com\/index.php\/neymar-estrela-campanha-de-eyewear\/neymar-estrela-campanha-de-eyewear-3\/\" data-orig-file=\"https:\/\/i0.wp.com\/agrund.com\/wp-content\/uploads\/sites\/6\/2014\/01\/neymar-estrela-campanha-de-eyewear-3.jpg?fit=500%2C333&amp;ssl=1\" data-orig-size=\"500,333\" data-comments-opened=\"1\" data-image-meta=\"{&quot;aperture&quot;:&quot;0&quot;,&quot;credit&quot;:&quot;&quot;,&quot;camera&quot;:&quot;&quot;,&quot;caption&quot;:&quot;&quot;,&quot;created_timestamp&quot;:&quot;0&quot;,&quot;copyright&quot;:&quot;&quot;,&quot;focal_length&quot;:&quot;0&quot;,&quot;iso&quot;:&quot;0&quot;,&quot;shutter_speed&quot;:&quot;0&quot;,&quot;title&quot;:&quot;&quot;}\" data-image-title=\"neymar-estrela-campanha-de-eyewear (3)\" data-image-description=\"\" data-image-caption=\"&lt;p&gt;Neymar estrela campanha de eyewear&lt;\/p&gt;\n\" data-medium-file=\"https:\/\/i0.wp.com\/agrund.com\/wp-content\/uploads\/sites\/6\/2014\/01\/neymar-estrela-campanha-de-eyewear-3.jpg?fit=300%2C199&amp;ssl=1\" data-large-file=\"https:\/\/i0.wp.com\/agrund.com\/wp-content\/uploads\/sites\/6\/2014\/01\/neymar-estrela-campanha-de-eyewear-3.jpg?fit=500%2C333&amp;ssl=1\" decoding=\"async\" loading=\"lazy\" class=\"size-large wp-image-94985\" alt=\"Neymar estrela campanha de eyewear\" src=\"https:\/\/i0.wp.com\/www.agrund.com\/wp-content\/uploads\/sites\/6\/cache\/2014\/01\/neymar-estrela-campanha-de-eyewear-3\/4106325167.jpg?resize=500%2C333\" width=\"500\" height=\"333\" data-recalc-dims=\"1\" \/><\/a><p id=\"caption-attachment-94985\" class=\"wp-caption-text\">Neymar estrela campanha de eyewear<\/p><\/div>\n<div id=\"attachment_94986\" style=\"width: 510px\" class=\"wp-caption aligncenter\"><a href=\"https:\/\/i0.wp.com\/www.agrund.com\/wp-content\/uploads\/sites\/6\/2014\/01\/neymar-estrela-campanha-de-eyewear-4.jpg\"><img aria-describedby=\"caption-attachment-94986\" data-attachment-id=\"94986\" data-permalink=\"https:\/\/agrund.com\/index.php\/neymar-estrela-campanha-de-eyewear\/neymar-estrela-campanha-de-eyewear-4\/\" data-orig-file=\"https:\/\/i0.wp.com\/agrund.com\/wp-content\/uploads\/sites\/6\/2014\/01\/neymar-estrela-campanha-de-eyewear-4.jpg?fit=500%2C333&amp;ssl=1\" data-orig-size=\"500,333\" data-comments-opened=\"1\" data-image-meta=\"{&quot;aperture&quot;:&quot;0&quot;,&quot;credit&quot;:&quot;&quot;,&quot;camera&quot;:&quot;&quot;,&quot;caption&quot;:&quot;&quot;,&quot;created_timestamp&quot;:&quot;0&quot;,&quot;copyright&quot;:&quot;&quot;,&quot;focal_length&quot;:&quot;0&quot;,&quot;iso&quot;:&quot;0&quot;,&quot;shutter_speed&quot;:&quot;0&quot;,&quot;title&quot;:&quot;&quot;}\" data-image-title=\"neymar-estrela-campanha-de-eyewear (4)\" data-image-description=\"\" data-image-caption=\"&lt;p&gt;Neymar estrela campanha de eyewear&lt;\/p&gt;\n\" data-medium-file=\"https:\/\/i0.wp.com\/agrund.com\/wp-content\/uploads\/sites\/6\/2014\/01\/neymar-estrela-campanha-de-eyewear-4.jpg?fit=300%2C199&amp;ssl=1\" data-large-file=\"https:\/\/i0.wp.com\/agrund.com\/wp-content\/uploads\/sites\/6\/2014\/01\/neymar-estrela-campanha-de-eyewear-4.jpg?fit=500%2C333&amp;ssl=1\" decoding=\"async\" loading=\"lazy\" class=\"size-large wp-image-94986\" alt=\"Neymar estrela campanha de eyewear\" src=\"https:\/\/i0.wp.com\/www.agrund.com\/wp-content\/uploads\/sites\/6\/cache\/2014\/01\/neymar-estrela-campanha-de-eyewear-4\/4261709238.jpg?resize=500%2C333\" width=\"500\" height=\"333\" data-recalc-dims=\"1\" \/><\/a><p id=\"caption-attachment-94986\" class=\"wp-caption-text\">Neymar estrela campanha de eyewear<\/p><\/div>\n<p>Imagens: Reprodu\u00e7\u00e3o.<\/p>\n","protected":false},"excerpt":{"rendered":"<p>Voc\u00eas se lembram quando contamos AQUI que Neymar era o novo embaixador da marca de \u00f3culos Police? Pois o craque j\u00e1 ganhou sua primeira campanha! A marca espanhola divulgou hoje as primeiras imagens de sua nova campanha, onde Neymar aparece usando arma\u00e7\u00f5es de \u00f3culos de sol e de grau que t\u00eam uma pegada urbana. Os [&hellip;]<\/p>\n","protected":false},"author":1,"featured_media":94987,"comment_status":"open","ping_status":"open","sticky":false,"template":"","format":"standard","meta":{"jetpack_post_was_ever_published":false,"_jetpack_newsletter_access":"","jetpack_publicize_message":"","jetpack_is_tweetstorm":false,"jetpack_publicize_feature_enabled":true,"jetpack_social_post_already_shared":true,"jetpack_social_options":{"image_generator_settings":{"template":"highway","enabled":false}}},"categories":[2],"tags":[],"jetpack_publicize_connections":[],"jetpack_featured_media_url":"https:\/\/i0.wp.com\/agrund.com\/wp-content\/uploads\/sites\/6\/2014\/01\/slideney.jpg?fit=960%2C300&ssl=1","jetpack_sharing_enabled":true,"jetpack_shortlink":"https:\/\/wp.me\/p3Hz0n-oHY","jetpack_likes_enabled":true,"_links":{"self":[{"href":"https:\/\/agrund.com\/index.php\/wp-json\/wp\/v2\/posts\/94982"}],"collection":[{"href":"https:\/\/agrund.com\/index.php\/wp-json\/wp\/v2\/posts"}],"about":[{"href":"https:\/\/agrund.com\/index.php\/wp-json\/wp\/v2\/types\/post"}],"author":[{"embeddable":true,"href":"https:\/\/agrund.com\/index.php\/wp-json\/wp\/v2\/users\/1"}],"replies":[{"embeddable":true,"href":"https:\/\/agrund.com\/index.php\/wp-json\/wp\/v2\/comments?post=94982"}],"version-history":[{"count":0,"href":"https:\/\/agrund.com\/index.php\/wp-json\/wp\/v2\/posts\/94982\/revisions"}],"wp:featuredmedia":[{"embeddable":true,"href":"https:\/\/agrund.com\/index.php\/wp-json\/wp\/v2\/media\/94987"}],"wp:attachment":[{"href":"https:\/\/agrund.com\/index.php\/wp-json\/wp\/v2\/media?parent=94982"}],"wp:term":[{"taxonomy":"category","embeddable":true,"href":"https:\/\/agrund.com\/index.php\/wp-json\/wp\/v2\/categories?post=94982"},{"taxonomy":"post_tag","embeddable":true,"href":"https:\/\/agrund.com\/index.php\/wp-json\/wp\/v2\/tags?post=94982"}],"curies":[{"name":"wp","href":"https:\/\/api.w.org\/{rel}","templated":true}]}}