{"id":94975,"date":"2014-01-30T21:00:16","date_gmt":"2014-01-30T23:00:16","guid":{"rendered":"http:\/\/www.agrund.com\/?p=94975"},"modified":"2014-01-30T15:32:14","modified_gmt":"2014-01-30T17:32:14","slug":"melissa-promove-exposicao-com-colecao-apresentada-no-spfw","status":"publish","type":"post","link":"https:\/\/agrund.com\/index.php\/melissa-promove-exposicao-com-colecao-apresentada-no-spfw\/","title":{"rendered":"Melissa promove exposi\u00e7\u00e3o com cole\u00e7\u00e3o apresentada no SPFW"},"content":{"rendered":"<p>Se voc\u00ea n\u00e3o acompanhou o desfile na Melissa na temporada de inverno 2014 do SPFW ou gostaria de ver novamente, esta \u00e9 a sua oportunidade! A partir de hoje (30), a marca promove uma exposi\u00e7\u00e3o em sua Galeria na cidade de S\u00e3o Paulo com os 10 melhores looks de seu desfile.<\/p>\n<p>Os sapatos s\u00e3o inspirados nas diferentes etnias ao redor do mundo e como n\u00e3o poderia ser diferente, as roupas que comp\u00f5em os looks s\u00e3o multicoloridas e tiveram styling de Daniel Ueda e Pedro Salles.<\/p>\n<p>A entrada \u00e9 gratuita, n\u00e3o deixe de conferir!<\/p>\n<p>Galeria Melissa S\u00e3o Paulo<br \/>\nRua Oscar Freire, 827<\/p>\n<div id=\"attachment_94976\" style=\"width: 510px\" class=\"wp-caption aligncenter\"><a href=\"https:\/\/i0.wp.com\/www.agrund.com\/wp-content\/uploads\/sites\/6\/2014\/01\/melissa-promove-exposicao-com-colecao-apresentada-no-spfw-1.jpg\"><img aria-describedby=\"caption-attachment-94976\" data-attachment-id=\"94976\" data-permalink=\"https:\/\/agrund.com\/index.php\/melissa-promove-exposicao-com-colecao-apresentada-no-spfw\/melissa-promove-exposicao-com-colecao-apresentada-no-spfw-1\/\" data-orig-file=\"https:\/\/i0.wp.com\/agrund.com\/wp-content\/uploads\/sites\/6\/2014\/01\/melissa-promove-exposicao-com-colecao-apresentada-no-spfw-1.jpg?fit=500%2C333&amp;ssl=1\" data-orig-size=\"500,333\" data-comments-opened=\"1\" data-image-meta=\"{&quot;aperture&quot;:&quot;0&quot;,&quot;credit&quot;:&quot;&quot;,&quot;camera&quot;:&quot;&quot;,&quot;caption&quot;:&quot;&quot;,&quot;created_timestamp&quot;:&quot;0&quot;,&quot;copyright&quot;:&quot;&quot;,&quot;focal_length&quot;:&quot;0&quot;,&quot;iso&quot;:&quot;0&quot;,&quot;shutter_speed&quot;:&quot;0&quot;,&quot;title&quot;:&quot;&quot;}\" data-image-title=\"melissa-promove-exposicao-com-colecao-apresentada-no-spfw (1)\" data-image-description=\"\" data-image-caption=\"&lt;p&gt;Melissa promove exposi\u00e7\u00e3o com cole\u00e7\u00e3o apresentada no SPFW&lt;\/p&gt;\n\" data-medium-file=\"https:\/\/i0.wp.com\/agrund.com\/wp-content\/uploads\/sites\/6\/2014\/01\/melissa-promove-exposicao-com-colecao-apresentada-no-spfw-1.jpg?fit=300%2C199&amp;ssl=1\" data-large-file=\"https:\/\/i0.wp.com\/agrund.com\/wp-content\/uploads\/sites\/6\/2014\/01\/melissa-promove-exposicao-com-colecao-apresentada-no-spfw-1.jpg?fit=500%2C333&amp;ssl=1\" decoding=\"async\" loading=\"lazy\" class=\"size-large wp-image-94976\" alt=\"Melissa promove exposi\u00e7\u00e3o com cole\u00e7\u00e3o apresentada no SPFW\" src=\"https:\/\/i0.wp.com\/www.agrund.com\/wp-content\/uploads\/sites\/6\/cache\/2014\/01\/melissa-promove-exposicao-com-colecao-apresentada-no-spfw-1\/1065380085.jpg?resize=500%2C333\" width=\"500\" height=\"333\" data-recalc-dims=\"1\" \/><\/a><p id=\"caption-attachment-94976\" class=\"wp-caption-text\">Melissa promove exposi\u00e7\u00e3o com cole\u00e7\u00e3o apresentada no SPFW<\/p><\/div>\n<div id=\"attachment_94977\" style=\"width: 510px\" class=\"wp-caption aligncenter\"><a href=\"https:\/\/i0.wp.com\/www.agrund.com\/wp-content\/uploads\/sites\/6\/2014\/01\/melissa-promove-exposicao-com-colecao-apresentada-no-spfw-2.jpg\"><img aria-describedby=\"caption-attachment-94977\" data-attachment-id=\"94977\" data-permalink=\"https:\/\/agrund.com\/index.php\/melissa-promove-exposicao-com-colecao-apresentada-no-spfw\/melissa-promove-exposicao-com-colecao-apresentada-no-spfw-2\/\" data-orig-file=\"https:\/\/i0.wp.com\/agrund.com\/wp-content\/uploads\/sites\/6\/2014\/01\/melissa-promove-exposicao-com-colecao-apresentada-no-spfw-2.jpg?fit=500%2C333&amp;ssl=1\" data-orig-size=\"500,333\" data-comments-opened=\"1\" data-image-meta=\"{&quot;aperture&quot;:&quot;0&quot;,&quot;credit&quot;:&quot;&quot;,&quot;camera&quot;:&quot;&quot;,&quot;caption&quot;:&quot;&quot;,&quot;created_timestamp&quot;:&quot;0&quot;,&quot;copyright&quot;:&quot;&quot;,&quot;focal_length&quot;:&quot;0&quot;,&quot;iso&quot;:&quot;0&quot;,&quot;shutter_speed&quot;:&quot;0&quot;,&quot;title&quot;:&quot;&quot;}\" data-image-title=\"melissa-promove-exposicao-com-colecao-apresentada-no-spfw (2)\" data-image-description=\"\" data-image-caption=\"&lt;p&gt;Melissa promove exposi\u00e7\u00e3o com cole\u00e7\u00e3o apresentada no SPFW&lt;\/p&gt;\n\" data-medium-file=\"https:\/\/i0.wp.com\/agrund.com\/wp-content\/uploads\/sites\/6\/2014\/01\/melissa-promove-exposicao-com-colecao-apresentada-no-spfw-2.jpg?fit=300%2C199&amp;ssl=1\" data-large-file=\"https:\/\/i0.wp.com\/agrund.com\/wp-content\/uploads\/sites\/6\/2014\/01\/melissa-promove-exposicao-com-colecao-apresentada-no-spfw-2.jpg?fit=500%2C333&amp;ssl=1\" decoding=\"async\" loading=\"lazy\" class=\"size-large wp-image-94977\" alt=\"Melissa promove exposi\u00e7\u00e3o com cole\u00e7\u00e3o apresentada no SPFW\" src=\"https:\/\/i0.wp.com\/www.agrund.com\/wp-content\/uploads\/sites\/6\/cache\/2014\/01\/melissa-promove-exposicao-com-colecao-apresentada-no-spfw-2\/2970578710.jpg?resize=500%2C333\" width=\"500\" height=\"333\" data-recalc-dims=\"1\" \/><\/a><p id=\"caption-attachment-94977\" class=\"wp-caption-text\">Melissa promove exposi\u00e7\u00e3o com cole\u00e7\u00e3o apresentada no SPFW<\/p><\/div>\n<div id=\"attachment_94978\" style=\"width: 510px\" class=\"wp-caption aligncenter\"><a href=\"https:\/\/i0.wp.com\/www.agrund.com\/wp-content\/uploads\/sites\/6\/2014\/01\/melissa-promove-exposicao-com-colecao-apresentada-no-spfw-3.jpg\"><img aria-describedby=\"caption-attachment-94978\" data-attachment-id=\"94978\" data-permalink=\"https:\/\/agrund.com\/index.php\/melissa-promove-exposicao-com-colecao-apresentada-no-spfw\/melissa-promove-exposicao-com-colecao-apresentada-no-spfw-3\/\" data-orig-file=\"https:\/\/i0.wp.com\/agrund.com\/wp-content\/uploads\/sites\/6\/2014\/01\/melissa-promove-exposicao-com-colecao-apresentada-no-spfw-3.jpg?fit=500%2C333&amp;ssl=1\" data-orig-size=\"500,333\" data-comments-opened=\"1\" data-image-meta=\"{&quot;aperture&quot;:&quot;0&quot;,&quot;credit&quot;:&quot;&quot;,&quot;camera&quot;:&quot;&quot;,&quot;caption&quot;:&quot;&quot;,&quot;created_timestamp&quot;:&quot;0&quot;,&quot;copyright&quot;:&quot;&quot;,&quot;focal_length&quot;:&quot;0&quot;,&quot;iso&quot;:&quot;0&quot;,&quot;shutter_speed&quot;:&quot;0&quot;,&quot;title&quot;:&quot;&quot;}\" data-image-title=\"melissa-promove-exposicao-com-colecao-apresentada-no-spfw (3)\" data-image-description=\"\" data-image-caption=\"&lt;p&gt;Melissa promove exposi\u00e7\u00e3o com cole\u00e7\u00e3o apresentada no SPFW&lt;\/p&gt;\n\" data-medium-file=\"https:\/\/i0.wp.com\/agrund.com\/wp-content\/uploads\/sites\/6\/2014\/01\/melissa-promove-exposicao-com-colecao-apresentada-no-spfw-3.jpg?fit=300%2C199&amp;ssl=1\" data-large-file=\"https:\/\/i0.wp.com\/agrund.com\/wp-content\/uploads\/sites\/6\/2014\/01\/melissa-promove-exposicao-com-colecao-apresentada-no-spfw-3.jpg?fit=500%2C333&amp;ssl=1\" decoding=\"async\" loading=\"lazy\" class=\"size-large wp-image-94978\" alt=\"Melissa promove exposi\u00e7\u00e3o com cole\u00e7\u00e3o apresentada no SPFW\" src=\"https:\/\/i0.wp.com\/www.agrund.com\/wp-content\/uploads\/sites\/6\/cache\/2014\/01\/melissa-promove-exposicao-com-colecao-apresentada-no-spfw-3\/2107993992.jpg?resize=500%2C333\" width=\"500\" height=\"333\" data-recalc-dims=\"1\" \/><\/a><p id=\"caption-attachment-94978\" class=\"wp-caption-text\">Melissa promove exposi\u00e7\u00e3o com cole\u00e7\u00e3o apresentada no SPFW<\/p><\/div>\n<div id=\"attachment_94979\" style=\"width: 510px\" class=\"wp-caption aligncenter\"><a href=\"https:\/\/i0.wp.com\/www.agrund.com\/wp-content\/uploads\/sites\/6\/2014\/01\/melissa-promove-exposicao-com-colecao-apresentada-no-spfw-4.jpg\"><img aria-describedby=\"caption-attachment-94979\" data-attachment-id=\"94979\" data-permalink=\"https:\/\/agrund.com\/index.php\/melissa-promove-exposicao-com-colecao-apresentada-no-spfw\/melissa-promove-exposicao-com-colecao-apresentada-no-spfw-4\/\" data-orig-file=\"https:\/\/i0.wp.com\/agrund.com\/wp-content\/uploads\/sites\/6\/2014\/01\/melissa-promove-exposicao-com-colecao-apresentada-no-spfw-4.jpg?fit=500%2C333&amp;ssl=1\" data-orig-size=\"500,333\" data-comments-opened=\"1\" data-image-meta=\"{&quot;aperture&quot;:&quot;0&quot;,&quot;credit&quot;:&quot;&quot;,&quot;camera&quot;:&quot;&quot;,&quot;caption&quot;:&quot;&quot;,&quot;created_timestamp&quot;:&quot;0&quot;,&quot;copyright&quot;:&quot;&quot;,&quot;focal_length&quot;:&quot;0&quot;,&quot;iso&quot;:&quot;0&quot;,&quot;shutter_speed&quot;:&quot;0&quot;,&quot;title&quot;:&quot;&quot;}\" data-image-title=\"melissa-promove-exposicao-com-colecao-apresentada-no-spfw (4)\" data-image-description=\"\" data-image-caption=\"&lt;p&gt;Melissa promove exposi\u00e7\u00e3o com cole\u00e7\u00e3o apresentada no SPFW&lt;\/p&gt;\n\" data-medium-file=\"https:\/\/i0.wp.com\/agrund.com\/wp-content\/uploads\/sites\/6\/2014\/01\/melissa-promove-exposicao-com-colecao-apresentada-no-spfw-4.jpg?fit=300%2C199&amp;ssl=1\" data-large-file=\"https:\/\/i0.wp.com\/agrund.com\/wp-content\/uploads\/sites\/6\/2014\/01\/melissa-promove-exposicao-com-colecao-apresentada-no-spfw-4.jpg?fit=500%2C333&amp;ssl=1\" decoding=\"async\" loading=\"lazy\" class=\"size-large wp-image-94979\" alt=\"Melissa promove exposi\u00e7\u00e3o com cole\u00e7\u00e3o apresentada no SPFW\" src=\"https:\/\/i0.wp.com\/www.agrund.com\/wp-content\/uploads\/sites\/6\/cache\/2014\/01\/melissa-promove-exposicao-com-colecao-apresentada-no-spfw-4\/2002806417.jpg?resize=500%2C333\" width=\"500\" height=\"333\" data-recalc-dims=\"1\" \/><\/a><p id=\"caption-attachment-94979\" class=\"wp-caption-text\">Melissa promove exposi\u00e7\u00e3o com cole\u00e7\u00e3o apresentada no SPFW<\/p><\/div>\n<p>Imagens: Reprodu\u00e7\u00e3o.<\/p>\n","protected":false},"excerpt":{"rendered":"<p>Se voc\u00ea n\u00e3o acompanhou o desfile na Melissa na temporada de inverno 2014 do SPFW ou gostaria de ver novamente, esta \u00e9 a sua oportunidade! A partir de hoje (30), a marca promove uma exposi\u00e7\u00e3o em sua Galeria na cidade de S\u00e3o Paulo com os 10 melhores looks de seu desfile. Os sapatos s\u00e3o inspirados [&hellip;]<\/p>\n","protected":false},"author":1,"featured_media":94980,"comment_status":"open","ping_status":"open","sticky":false,"template":"","format":"standard","meta":{"jetpack_post_was_ever_published":false,"_jetpack_newsletter_access":"","jetpack_publicize_message":"","jetpack_is_tweetstorm":false,"jetpack_publicize_feature_enabled":true,"jetpack_social_post_already_shared":true,"jetpack_social_options":{"image_generator_settings":{"template":"highway","enabled":false}}},"categories":[2],"tags":[],"jetpack_publicize_connections":[],"jetpack_featured_media_url":"https:\/\/i0.wp.com\/agrund.com\/wp-content\/uploads\/sites\/6\/2014\/01\/slide182.jpg?fit=960%2C300&ssl=1","jetpack_sharing_enabled":true,"jetpack_shortlink":"https:\/\/wp.me\/p3Hz0n-oHR","jetpack_likes_enabled":true,"_links":{"self":[{"href":"https:\/\/agrund.com\/index.php\/wp-json\/wp\/v2\/posts\/94975"}],"collection":[{"href":"https:\/\/agrund.com\/index.php\/wp-json\/wp\/v2\/posts"}],"about":[{"href":"https:\/\/agrund.com\/index.php\/wp-json\/wp\/v2\/types\/post"}],"author":[{"embeddable":true,"href":"https:\/\/agrund.com\/index.php\/wp-json\/wp\/v2\/users\/1"}],"replies":[{"embeddable":true,"href":"https:\/\/agrund.com\/index.php\/wp-json\/wp\/v2\/comments?post=94975"}],"version-history":[{"count":0,"href":"https:\/\/agrund.com\/index.php\/wp-json\/wp\/v2\/posts\/94975\/revisions"}],"wp:featuredmedia":[{"embeddable":true,"href":"https:\/\/agrund.com\/index.php\/wp-json\/wp\/v2\/media\/94980"}],"wp:attachment":[{"href":"https:\/\/agrund.com\/index.php\/wp-json\/wp\/v2\/media?parent=94975"}],"wp:term":[{"taxonomy":"category","embeddable":true,"href":"https:\/\/agrund.com\/index.php\/wp-json\/wp\/v2\/categories?post=94975"},{"taxonomy":"post_tag","embeddable":true,"href":"https:\/\/agrund.com\/index.php\/wp-json\/wp\/v2\/tags?post=94975"}],"curies":[{"name":"wp","href":"https:\/\/api.w.org\/{rel}","templated":true}]}}