{"id":94926,"date":"2014-01-30T14:00:40","date_gmt":"2014-01-30T16:00:40","guid":{"rendered":"http:\/\/www.agrund.com\/?p=94926"},"modified":"2014-01-30T10:01:40","modified_gmt":"2014-01-30T12:01:40","slug":"fendi-lanca-documentario-fashion","status":"publish","type":"post","link":"https:\/\/agrund.com\/index.php\/fendi-lanca-documentario-fashion\/","title":{"rendered":"Fendi lan\u00e7a document\u00e1rio fashion"},"content":{"rendered":"<p>A Fendi est\u00e1 preparando um document\u00e1rio de 15 minutos sobre os tr\u00eas eventos de moda que a grife promoveu em 2013. O &#8220;Inside the Mothership&#8221; \u00e9 dirigido pelo franc\u00eas Lo\u00efc Pringent, que j\u00e1 trabalhou com a marca anteriormente, e cont\u00e9m imagens do desenvolvimento e dos bastidores do desfile da cole\u00e7\u00e3o primavera\/ver\u00e3o 2014; da mostra &#8220;Making Dreams Fendi and the Cinema&#8221; e da abertura da flagship da Fendi em Mil\u00e3o.<\/p>\n<p>O lan\u00e7amento acontecer\u00e1 no dia 05 de fevereiro, mas enquanto n\u00e3o chega voc\u00ea pode assistir ao teaser de divulga\u00e7\u00e3o:<br \/>\n<span class=\"embed-youtube\" style=\"text-align:center; display: block;\"><iframe loading=\"lazy\" class=\"youtube-player\" width=\"640\" height=\"360\" src=\"https:\/\/www.youtube.com\/embed\/OD2QLiS-2Uo?version=3&#038;rel=1&#038;showsearch=0&#038;showinfo=1&#038;iv_load_policy=1&#038;fs=1&#038;hl=pt-BR&#038;autohide=2&#038;wmode=transparent\" allowfullscreen=\"true\" style=\"border:0;\" sandbox=\"allow-scripts allow-same-origin allow-popups allow-presentation\"><\/iframe><\/span><\/p>\n<div id=\"attachment_94927\" style=\"width: 560px\" class=\"wp-caption aligncenter\"><a href=\"https:\/\/i0.wp.com\/www.agrund.com\/wp-content\/uploads\/sites\/6\/2014\/01\/fendi-lanca-documentario-fashion-1.jpg\"><img aria-describedby=\"caption-attachment-94927\" data-attachment-id=\"94927\" data-permalink=\"https:\/\/agrund.com\/index.php\/fendi-lanca-documentario-fashion\/fendi-lanca-documentario-fashion-1\/\" data-orig-file=\"https:\/\/i0.wp.com\/agrund.com\/wp-content\/uploads\/sites\/6\/2014\/01\/fendi-lanca-documentario-fashion-1.jpg?fit=550%2C393&amp;ssl=1\" data-orig-size=\"550,393\" data-comments-opened=\"1\" data-image-meta=\"{&quot;aperture&quot;:&quot;0&quot;,&quot;credit&quot;:&quot;&quot;,&quot;camera&quot;:&quot;&quot;,&quot;caption&quot;:&quot;&quot;,&quot;created_timestamp&quot;:&quot;0&quot;,&quot;copyright&quot;:&quot;&quot;,&quot;focal_length&quot;:&quot;0&quot;,&quot;iso&quot;:&quot;0&quot;,&quot;shutter_speed&quot;:&quot;0&quot;,&quot;title&quot;:&quot;&quot;}\" data-image-title=\"fendi-lanca-documentario-fashion (1)\" data-image-description=\"\" data-image-caption=\"&lt;p&gt;Fendi lan\u00e7a document\u00e1rio fashion &lt;\/p&gt;\n\" data-medium-file=\"https:\/\/i0.wp.com\/agrund.com\/wp-content\/uploads\/sites\/6\/2014\/01\/fendi-lanca-documentario-fashion-1.jpg?fit=300%2C214&amp;ssl=1\" data-large-file=\"https:\/\/i0.wp.com\/agrund.com\/wp-content\/uploads\/sites\/6\/2014\/01\/fendi-lanca-documentario-fashion-1.jpg?fit=550%2C393&amp;ssl=1\" decoding=\"async\" loading=\"lazy\" class=\"size-large wp-image-94927\" alt=\"Fendi lan\u00e7a document\u00e1rio fashion \" src=\"https:\/\/i0.wp.com\/www.agrund.com\/wp-content\/uploads\/sites\/6\/cache\/2014\/01\/fendi-lanca-documentario-fashion-1\/2826215997.jpg?resize=550%2C393\" width=\"550\" height=\"393\" data-recalc-dims=\"1\" \/><\/a><p id=\"caption-attachment-94927\" class=\"wp-caption-text\">Fendi lan\u00e7a document\u00e1rio fashion<\/p><\/div>\n<div id=\"attachment_94928\" style=\"width: 560px\" class=\"wp-caption aligncenter\"><a href=\"https:\/\/i0.wp.com\/www.agrund.com\/wp-content\/uploads\/sites\/6\/2014\/01\/fendi-lanca-documentario-fashion-2.jpg\"><img aria-describedby=\"caption-attachment-94928\" data-attachment-id=\"94928\" data-permalink=\"https:\/\/agrund.com\/index.php\/fendi-lanca-documentario-fashion\/fendi-lanca-documentario-fashion-2\/\" data-orig-file=\"https:\/\/i0.wp.com\/agrund.com\/wp-content\/uploads\/sites\/6\/2014\/01\/fendi-lanca-documentario-fashion-2.jpg?fit=550%2C368&amp;ssl=1\" data-orig-size=\"550,368\" data-comments-opened=\"1\" data-image-meta=\"{&quot;aperture&quot;:&quot;0&quot;,&quot;credit&quot;:&quot;&quot;,&quot;camera&quot;:&quot;&quot;,&quot;caption&quot;:&quot;&quot;,&quot;created_timestamp&quot;:&quot;0&quot;,&quot;copyright&quot;:&quot;&quot;,&quot;focal_length&quot;:&quot;0&quot;,&quot;iso&quot;:&quot;0&quot;,&quot;shutter_speed&quot;:&quot;0&quot;,&quot;title&quot;:&quot;&quot;}\" data-image-title=\"fendi-lanca-documentario-fashion (2)\" data-image-description=\"\" data-image-caption=\"&lt;p&gt;Fendi lan\u00e7a document\u00e1rio fashion &lt;\/p&gt;\n\" data-medium-file=\"https:\/\/i0.wp.com\/agrund.com\/wp-content\/uploads\/sites\/6\/2014\/01\/fendi-lanca-documentario-fashion-2.jpg?fit=300%2C200&amp;ssl=1\" data-large-file=\"https:\/\/i0.wp.com\/agrund.com\/wp-content\/uploads\/sites\/6\/2014\/01\/fendi-lanca-documentario-fashion-2.jpg?fit=550%2C368&amp;ssl=1\" decoding=\"async\" loading=\"lazy\" class=\"size-large wp-image-94928\" alt=\"Fendi lan\u00e7a document\u00e1rio fashion \" src=\"https:\/\/i0.wp.com\/www.agrund.com\/wp-content\/uploads\/sites\/6\/cache\/2014\/01\/fendi-lanca-documentario-fashion-2\/654026206.jpg?resize=550%2C368\" width=\"550\" height=\"368\" data-recalc-dims=\"1\" \/><\/a><p id=\"caption-attachment-94928\" class=\"wp-caption-text\">Fendi lan\u00e7a document\u00e1rio fashion<\/p><\/div>\n<div id=\"attachment_94929\" style=\"width: 560px\" class=\"wp-caption aligncenter\"><a href=\"https:\/\/i0.wp.com\/www.agrund.com\/wp-content\/uploads\/sites\/6\/2014\/01\/fendi-lanca-documentario-fashion-3.jpg\"><img aria-describedby=\"caption-attachment-94929\" data-attachment-id=\"94929\" data-permalink=\"https:\/\/agrund.com\/index.php\/fendi-lanca-documentario-fashion\/fendi-lanca-documentario-fashion-3\/\" data-orig-file=\"https:\/\/i0.wp.com\/agrund.com\/wp-content\/uploads\/sites\/6\/2014\/01\/fendi-lanca-documentario-fashion-3.jpg?fit=550%2C344&amp;ssl=1\" data-orig-size=\"550,344\" data-comments-opened=\"1\" data-image-meta=\"{&quot;aperture&quot;:&quot;0&quot;,&quot;credit&quot;:&quot;&quot;,&quot;camera&quot;:&quot;&quot;,&quot;caption&quot;:&quot;&quot;,&quot;created_timestamp&quot;:&quot;0&quot;,&quot;copyright&quot;:&quot;&quot;,&quot;focal_length&quot;:&quot;0&quot;,&quot;iso&quot;:&quot;0&quot;,&quot;shutter_speed&quot;:&quot;0&quot;,&quot;title&quot;:&quot;&quot;}\" data-image-title=\"fendi-lanca-documentario-fashion (3)\" data-image-description=\"\" data-image-caption=\"&lt;p&gt;Fendi lan\u00e7a document\u00e1rio fashion &lt;\/p&gt;\n\" data-medium-file=\"https:\/\/i0.wp.com\/agrund.com\/wp-content\/uploads\/sites\/6\/2014\/01\/fendi-lanca-documentario-fashion-3.jpg?fit=300%2C187&amp;ssl=1\" data-large-file=\"https:\/\/i0.wp.com\/agrund.com\/wp-content\/uploads\/sites\/6\/2014\/01\/fendi-lanca-documentario-fashion-3.jpg?fit=550%2C344&amp;ssl=1\" decoding=\"async\" loading=\"lazy\" class=\"size-large wp-image-94929\" alt=\"Fendi lan\u00e7a document\u00e1rio fashion \" src=\"https:\/\/i0.wp.com\/www.agrund.com\/wp-content\/uploads\/sites\/6\/cache\/2014\/01\/fendi-lanca-documentario-fashion-3\/3931219264.jpg?resize=550%2C344\" width=\"550\" height=\"344\" data-recalc-dims=\"1\" \/><\/a><p id=\"caption-attachment-94929\" class=\"wp-caption-text\">Fendi lan\u00e7a document\u00e1rio fashion<\/p><\/div>\n<p>Imagem e V\u00eddeo: Reprodu\u00e7\u00e3o.<\/p>\n","protected":false},"excerpt":{"rendered":"<p>A Fendi est\u00e1 preparando um document\u00e1rio de 15 minutos sobre os tr\u00eas eventos de moda que a grife promoveu em 2013. O &#8220;Inside the Mothership&#8221; \u00e9 dirigido pelo franc\u00eas Lo\u00efc Pringent, que j\u00e1 trabalhou com a marca anteriormente, e cont\u00e9m imagens do desenvolvimento e dos bastidores do desfile da cole\u00e7\u00e3o primavera\/ver\u00e3o 2014; da mostra &#8220;Making [&hellip;]<\/p>\n","protected":false},"author":1,"featured_media":94930,"comment_status":"open","ping_status":"open","sticky":false,"template":"","format":"standard","meta":{"jetpack_post_was_ever_published":false,"_jetpack_newsletter_access":"","jetpack_publicize_message":"","jetpack_is_tweetstorm":false,"jetpack_publicize_feature_enabled":true,"jetpack_social_post_already_shared":true,"jetpack_social_options":{"image_generator_settings":{"template":"highway","enabled":false}}},"categories":[2],"tags":[],"jetpack_publicize_connections":[],"jetpack_featured_media_url":"https:\/\/i0.wp.com\/agrund.com\/wp-content\/uploads\/sites\/6\/2014\/01\/slide178.jpg?fit=960%2C300&ssl=1","jetpack_sharing_enabled":true,"jetpack_shortlink":"https:\/\/wp.me\/p3Hz0n-oH4","jetpack_likes_enabled":true,"_links":{"self":[{"href":"https:\/\/agrund.com\/index.php\/wp-json\/wp\/v2\/posts\/94926"}],"collection":[{"href":"https:\/\/agrund.com\/index.php\/wp-json\/wp\/v2\/posts"}],"about":[{"href":"https:\/\/agrund.com\/index.php\/wp-json\/wp\/v2\/types\/post"}],"author":[{"embeddable":true,"href":"https:\/\/agrund.com\/index.php\/wp-json\/wp\/v2\/users\/1"}],"replies":[{"embeddable":true,"href":"https:\/\/agrund.com\/index.php\/wp-json\/wp\/v2\/comments?post=94926"}],"version-history":[{"count":0,"href":"https:\/\/agrund.com\/index.php\/wp-json\/wp\/v2\/posts\/94926\/revisions"}],"wp:featuredmedia":[{"embeddable":true,"href":"https:\/\/agrund.com\/index.php\/wp-json\/wp\/v2\/media\/94930"}],"wp:attachment":[{"href":"https:\/\/agrund.com\/index.php\/wp-json\/wp\/v2\/media?parent=94926"}],"wp:term":[{"taxonomy":"category","embeddable":true,"href":"https:\/\/agrund.com\/index.php\/wp-json\/wp\/v2\/categories?post=94926"},{"taxonomy":"post_tag","embeddable":true,"href":"https:\/\/agrund.com\/index.php\/wp-json\/wp\/v2\/tags?post=94926"}],"curies":[{"name":"wp","href":"https:\/\/api.w.org\/{rel}","templated":true}]}}