{"id":94922,"date":"2014-01-30T12:00:59","date_gmt":"2014-01-30T14:00:59","guid":{"rendered":"http:\/\/www.agrund.com\/?p=94922"},"modified":"2014-01-30T09:59:32","modified_gmt":"2014-01-30T11:59:32","slug":"meryl-streep-nao-tem-empatia-por-seu-personagem-em-album-de-familia","status":"publish","type":"post","link":"https:\/\/agrund.com\/index.php\/meryl-streep-nao-tem-empatia-por-seu-personagem-em-album-de-familia\/","title":{"rendered":"Meryl Streep n\u00e3o tem empatia por seu personagem em &#8216;\u00c1lbum de Fam\u00edlia&#8217;"},"content":{"rendered":"<p>A lend\u00e1ria atriz Meryl Streep n\u00e3o tem &#8220;empatia&#8221; com seu personagem no filme &#8220;\u00c1lbum de Fam\u00edlia&#8221;. Ela, que ganhou o recorde de 18 nomina\u00e7\u00f5es ao Oscar por sua atua\u00e7\u00e3o como a doente de c\u00e2ncer Violet Weston no drama familiar &#8211; admite que n\u00e3o queria interpretar o papel e s\u00f3 aceitou a pedido de uma amiga pr\u00f3xima.<\/p>\n<p>Ela contou ao ITV Lorraine, programa de TV brit\u00e2nico: &#8220;Eu n\u00e3o queria interpretar o papel. Imagina se algu\u00e9m ia querer interpretar um personagem com c\u00e2ncer na boca, que est\u00e1 fazendo quimioterapia, com n\u00e1useas o tempo todo, \u00e9 viciada em drogas, em p\u00edlulas para dor e \u00e9 malvada como uma cobra? Uma mulher que os filhos e o marido a odeiam tanto que ela se suicidou. Ah sim, eu quero participar!&#8221;.<br \/>\n&#8220;A raz\u00e3o pela qual eu aceitei este papel \u00e9 porque eu uma grande amiga me disse: &#8216;Meryl, voc\u00ea teve uma excelente m\u00e3e, voc\u00ea deve fazer isso por todos os que n\u00e3o tiveram&#8217;. Eu acho que as pessoas pensar\u00e3o da mesma forma em n\u00e3o ter empatia com ela&#8221;.<br \/>\nStreep atua com Julia Roberts, que interpreta sua filha B\u00e1rbara no filme. As duas foram indicadas ao Oscar este ano, Roberts como melhor atriz coadjuvante.<\/p>\n<div id=\"attachment_94923\" style=\"width: 560px\" class=\"wp-caption aligncenter\"><a href=\"https:\/\/i0.wp.com\/www.agrund.com\/wp-content\/uploads\/sites\/6\/2014\/01\/meryl-streep-nao-tem-empatia-por-seu-personagem-em-album-de-familia.jpg\"><img aria-describedby=\"caption-attachment-94923\" data-attachment-id=\"94923\" data-permalink=\"https:\/\/agrund.com\/index.php\/meryl-streep-nao-tem-empatia-por-seu-personagem-em-album-de-familia\/meryl-streep-nao-tem-empatia-por-seu-personagem-em-album-de-familia\/\" data-orig-file=\"https:\/\/i0.wp.com\/agrund.com\/wp-content\/uploads\/sites\/6\/2014\/01\/meryl-streep-nao-tem-empatia-por-seu-personagem-em-album-de-familia.jpg?fit=550%2C754&amp;ssl=1\" data-orig-size=\"550,754\" data-comments-opened=\"1\" data-image-meta=\"{&quot;aperture&quot;:&quot;0&quot;,&quot;credit&quot;:&quot;&quot;,&quot;camera&quot;:&quot;&quot;,&quot;caption&quot;:&quot;&quot;,&quot;created_timestamp&quot;:&quot;0&quot;,&quot;copyright&quot;:&quot;&quot;,&quot;focal_length&quot;:&quot;0&quot;,&quot;iso&quot;:&quot;0&quot;,&quot;shutter_speed&quot;:&quot;0&quot;,&quot;title&quot;:&quot;&quot;}\" data-image-title=\"meryl-streep-nao-tem-empatia-por-seu-personagem-em-album-de-familia\" data-image-description=\"\" data-image-caption=\"&lt;p&gt;Meryl Streep n\u00e3o tem empatia por seu personagem em &#8216;\u00c1lbum de Fam\u00edlia&#8217;&lt;\/p&gt;\n\" data-medium-file=\"https:\/\/i0.wp.com\/agrund.com\/wp-content\/uploads\/sites\/6\/2014\/01\/meryl-streep-nao-tem-empatia-por-seu-personagem-em-album-de-familia.jpg?fit=218%2C300&amp;ssl=1\" data-large-file=\"https:\/\/i0.wp.com\/agrund.com\/wp-content\/uploads\/sites\/6\/2014\/01\/meryl-streep-nao-tem-empatia-por-seu-personagem-em-album-de-familia.jpg?fit=550%2C754&amp;ssl=1\" decoding=\"async\" loading=\"lazy\" class=\"size-large wp-image-94923\" alt=\"Meryl Streep n\u00e3o tem empatia por seu personagem em '\u00c1lbum de Fam\u00edlia'\" src=\"https:\/\/i0.wp.com\/www.agrund.com\/wp-content\/uploads\/sites\/6\/cache\/2014\/01\/meryl-streep-nao-tem-empatia-por-seu-personagem-em-album-de-familia\/2834747259.jpg?resize=550%2C754\" width=\"550\" height=\"754\" data-recalc-dims=\"1\" \/><\/a><p id=\"caption-attachment-94923\" class=\"wp-caption-text\">Meryl Streep n\u00e3o tem empatia por seu personagem em &#8216;\u00c1lbum de Fam\u00edlia&#8217;<\/p><\/div>\n<p>Imagem: Reprodu\u00e7\u00e3o.<\/p>\n","protected":false},"excerpt":{"rendered":"<p>A lend\u00e1ria atriz Meryl Streep n\u00e3o tem &#8220;empatia&#8221; com seu personagem no filme &#8220;\u00c1lbum de Fam\u00edlia&#8221;. Ela, que ganhou o recorde de 18 nomina\u00e7\u00f5es ao Oscar por sua atua\u00e7\u00e3o como a doente de c\u00e2ncer Violet Weston no drama familiar &#8211; admite que n\u00e3o queria interpretar o papel e s\u00f3 aceitou a pedido de uma amiga [&hellip;]<\/p>\n","protected":false},"author":1,"featured_media":94924,"comment_status":"open","ping_status":"open","sticky":false,"template":"","format":"standard","meta":{"jetpack_post_was_ever_published":false,"_jetpack_newsletter_access":"","jetpack_publicize_message":"","jetpack_is_tweetstorm":false,"jetpack_publicize_feature_enabled":true,"jetpack_social_post_already_shared":true,"jetpack_social_options":{"image_generator_settings":{"template":"highway","enabled":false}}},"categories":[2],"tags":[],"jetpack_publicize_connections":[],"jetpack_featured_media_url":"https:\/\/i0.wp.com\/agrund.com\/wp-content\/uploads\/sites\/6\/2014\/01\/slide177.jpg?fit=960%2C300&ssl=1","jetpack_sharing_enabled":true,"jetpack_shortlink":"https:\/\/wp.me\/p3Hz0n-oH0","jetpack_likes_enabled":true,"_links":{"self":[{"href":"https:\/\/agrund.com\/index.php\/wp-json\/wp\/v2\/posts\/94922"}],"collection":[{"href":"https:\/\/agrund.com\/index.php\/wp-json\/wp\/v2\/posts"}],"about":[{"href":"https:\/\/agrund.com\/index.php\/wp-json\/wp\/v2\/types\/post"}],"author":[{"embeddable":true,"href":"https:\/\/agrund.com\/index.php\/wp-json\/wp\/v2\/users\/1"}],"replies":[{"embeddable":true,"href":"https:\/\/agrund.com\/index.php\/wp-json\/wp\/v2\/comments?post=94922"}],"version-history":[{"count":0,"href":"https:\/\/agrund.com\/index.php\/wp-json\/wp\/v2\/posts\/94922\/revisions"}],"wp:featuredmedia":[{"embeddable":true,"href":"https:\/\/agrund.com\/index.php\/wp-json\/wp\/v2\/media\/94924"}],"wp:attachment":[{"href":"https:\/\/agrund.com\/index.php\/wp-json\/wp\/v2\/media?parent=94922"}],"wp:term":[{"taxonomy":"category","embeddable":true,"href":"https:\/\/agrund.com\/index.php\/wp-json\/wp\/v2\/categories?post=94922"},{"taxonomy":"post_tag","embeddable":true,"href":"https:\/\/agrund.com\/index.php\/wp-json\/wp\/v2\/tags?post=94922"}],"curies":[{"name":"wp","href":"https:\/\/api.w.org\/{rel}","templated":true}]}}