{"id":94894,"date":"2014-01-29T21:00:27","date_gmt":"2014-01-29T23:00:27","guid":{"rendered":"http:\/\/www.agrund.com\/?p=94894"},"modified":"2014-01-29T18:05:59","modified_gmt":"2014-01-29T20:05:59","slug":"paulo-martinez-lanca-livro-de-moda","status":"publish","type":"post","link":"https:\/\/agrund.com\/index.php\/paulo-martinez-lanca-livro-de-moda\/","title":{"rendered":"Paulo Martinez lan\u00e7a livro de moda"},"content":{"rendered":"<p>O super stylist e editor de moda Paulo Martinez acaba de lan\u00e7ar em evento privado seu livro \u201cModa \u00e9 F#%@\u201d. Mas n\u00e3o se preocupe porque no dia 4 de fevereiro, pr\u00f3ximo, Paulo estar\u00e1 na Livraria Cultura do Shopping Iguatemi para lan\u00e7ar a colet\u00e2nea de fotos de sua vida e de seus trabalhos. O livro tra\u00e7a o perfil profissional do stylist, que \u00e9 um dos mais queridos da cena fashion, al\u00e9m de ser um dos mais competentes tamb\u00e9m.<\/p>\n<p>A publica\u00e7\u00e3o feita pela Luste Editores \u00e9 t\u00e3o sofisticada e simples quanto o pr\u00f3prio Paulo Martinez. S\u00e3o mais de 200 p\u00e1ginas onde podemos ver e apreciar muitas imagens concebidas e criadas por ele para diversas publica\u00e7\u00f5es. O mais legal \u00e9 observar que agora, no Brasil, temos um livro de conta a hist\u00f3ria da moda moderna atrav\u00e9s de imagens, assinadas pelo editor e stylist.<\/p>\n<p>N\u00f3s estaremos l\u00e1 no lan\u00e7amento e traremos mais informa\u00e7\u00f5es para voc\u00eas. Por enquanto fiquem com algumas imagens do livro.<\/p>\n<div id=\"attachment_94895\" style=\"width: 560px\" class=\"wp-caption aligncenter\"><a href=\"https:\/\/i0.wp.com\/www.agrund.com\/wp-content\/uploads\/sites\/6\/2014\/01\/paulo-martinez-lanca-livro-de-moda-1.jpg\"><img aria-describedby=\"caption-attachment-94895\" data-attachment-id=\"94895\" data-permalink=\"https:\/\/agrund.com\/index.php\/paulo-martinez-lanca-livro-de-moda\/paulo-martinez-lanca-livro-de-moda-1\/\" data-orig-file=\"https:\/\/i0.wp.com\/agrund.com\/wp-content\/uploads\/sites\/6\/2014\/01\/paulo-martinez-lanca-livro-de-moda-1.jpg?fit=550%2C344&amp;ssl=1\" data-orig-size=\"550,344\" data-comments-opened=\"1\" data-image-meta=\"{&quot;aperture&quot;:&quot;0&quot;,&quot;credit&quot;:&quot;&quot;,&quot;camera&quot;:&quot;&quot;,&quot;caption&quot;:&quot;&quot;,&quot;created_timestamp&quot;:&quot;0&quot;,&quot;copyright&quot;:&quot;&quot;,&quot;focal_length&quot;:&quot;0&quot;,&quot;iso&quot;:&quot;0&quot;,&quot;shutter_speed&quot;:&quot;0&quot;,&quot;title&quot;:&quot;&quot;}\" data-image-title=\"paulo-martinez-lanca-livro-de-moda (1)\" data-image-description=\"\" data-image-caption=\"&lt;p&gt;Paulo Martinez lan\u00e7a livro de moda&lt;\/p&gt;\n\" data-medium-file=\"https:\/\/i0.wp.com\/agrund.com\/wp-content\/uploads\/sites\/6\/2014\/01\/paulo-martinez-lanca-livro-de-moda-1.jpg?fit=300%2C187&amp;ssl=1\" data-large-file=\"https:\/\/i0.wp.com\/agrund.com\/wp-content\/uploads\/sites\/6\/2014\/01\/paulo-martinez-lanca-livro-de-moda-1.jpg?fit=550%2C344&amp;ssl=1\" decoding=\"async\" loading=\"lazy\" class=\"size-large wp-image-94895\" alt=\"Paulo Martinez lan\u00e7a livro de moda\" src=\"https:\/\/i0.wp.com\/www.agrund.com\/wp-content\/uploads\/sites\/6\/cache\/2014\/01\/paulo-martinez-lanca-livro-de-moda-1\/1096002338.jpg?resize=550%2C344\" width=\"550\" height=\"344\" data-recalc-dims=\"1\" \/><\/a><p id=\"caption-attachment-94895\" class=\"wp-caption-text\">Paulo Martinez lan\u00e7a livro de moda<\/p><\/div>\n<div id=\"attachment_94896\" style=\"width: 560px\" class=\"wp-caption aligncenter\"><a href=\"https:\/\/i0.wp.com\/www.agrund.com\/wp-content\/uploads\/sites\/6\/2014\/01\/paulo-martinez-lanca-livro-de-moda-2.jpg\"><img aria-describedby=\"caption-attachment-94896\" data-attachment-id=\"94896\" data-permalink=\"https:\/\/agrund.com\/index.php\/paulo-martinez-lanca-livro-de-moda\/paulo-martinez-lanca-livro-de-moda-2\/\" data-orig-file=\"https:\/\/i0.wp.com\/agrund.com\/wp-content\/uploads\/sites\/6\/2014\/01\/paulo-martinez-lanca-livro-de-moda-2.jpg?fit=550%2C344&amp;ssl=1\" data-orig-size=\"550,344\" data-comments-opened=\"1\" data-image-meta=\"{&quot;aperture&quot;:&quot;0&quot;,&quot;credit&quot;:&quot;&quot;,&quot;camera&quot;:&quot;&quot;,&quot;caption&quot;:&quot;&quot;,&quot;created_timestamp&quot;:&quot;0&quot;,&quot;copyright&quot;:&quot;&quot;,&quot;focal_length&quot;:&quot;0&quot;,&quot;iso&quot;:&quot;0&quot;,&quot;shutter_speed&quot;:&quot;0&quot;,&quot;title&quot;:&quot;&quot;}\" data-image-title=\"paulo-martinez-lanca-livro-de-moda (2)\" data-image-description=\"\" data-image-caption=\"&lt;p&gt;Paulo Martinez lan\u00e7a livro de moda&lt;\/p&gt;\n\" data-medium-file=\"https:\/\/i0.wp.com\/agrund.com\/wp-content\/uploads\/sites\/6\/2014\/01\/paulo-martinez-lanca-livro-de-moda-2.jpg?fit=300%2C187&amp;ssl=1\" data-large-file=\"https:\/\/i0.wp.com\/agrund.com\/wp-content\/uploads\/sites\/6\/2014\/01\/paulo-martinez-lanca-livro-de-moda-2.jpg?fit=550%2C344&amp;ssl=1\" decoding=\"async\" loading=\"lazy\" class=\"size-large wp-image-94896\" alt=\"Paulo Martinez lan\u00e7a livro de moda\" src=\"https:\/\/i0.wp.com\/www.agrund.com\/wp-content\/uploads\/sites\/6\/cache\/2014\/01\/paulo-martinez-lanca-livro-de-moda-2\/3487345857.jpg?resize=550%2C344\" width=\"550\" height=\"344\" data-recalc-dims=\"1\" \/><\/a><p id=\"caption-attachment-94896\" class=\"wp-caption-text\">Paulo Martinez lan\u00e7a livro de moda<\/p><\/div>\n<div id=\"attachment_94897\" style=\"width: 560px\" class=\"wp-caption aligncenter\"><a href=\"https:\/\/i0.wp.com\/www.agrund.com\/wp-content\/uploads\/sites\/6\/2014\/01\/paulo-martinez-lanca-livro-de-moda-3.jpg\"><img aria-describedby=\"caption-attachment-94897\" data-attachment-id=\"94897\" data-permalink=\"https:\/\/agrund.com\/index.php\/paulo-martinez-lanca-livro-de-moda\/paulo-martinez-lanca-livro-de-moda-3\/\" data-orig-file=\"https:\/\/i0.wp.com\/agrund.com\/wp-content\/uploads\/sites\/6\/2014\/01\/paulo-martinez-lanca-livro-de-moda-3.jpg?fit=550%2C344&amp;ssl=1\" data-orig-size=\"550,344\" data-comments-opened=\"1\" data-image-meta=\"{&quot;aperture&quot;:&quot;0&quot;,&quot;credit&quot;:&quot;&quot;,&quot;camera&quot;:&quot;&quot;,&quot;caption&quot;:&quot;&quot;,&quot;created_timestamp&quot;:&quot;0&quot;,&quot;copyright&quot;:&quot;&quot;,&quot;focal_length&quot;:&quot;0&quot;,&quot;iso&quot;:&quot;0&quot;,&quot;shutter_speed&quot;:&quot;0&quot;,&quot;title&quot;:&quot;&quot;}\" data-image-title=\"paulo-martinez-lanca-livro-de-moda (3)\" data-image-description=\"\" data-image-caption=\"&lt;p&gt;Paulo Martinez lan\u00e7a livro de moda&lt;\/p&gt;\n\" data-medium-file=\"https:\/\/i0.wp.com\/agrund.com\/wp-content\/uploads\/sites\/6\/2014\/01\/paulo-martinez-lanca-livro-de-moda-3.jpg?fit=300%2C187&amp;ssl=1\" data-large-file=\"https:\/\/i0.wp.com\/agrund.com\/wp-content\/uploads\/sites\/6\/2014\/01\/paulo-martinez-lanca-livro-de-moda-3.jpg?fit=550%2C344&amp;ssl=1\" decoding=\"async\" loading=\"lazy\" class=\"size-large wp-image-94897\" alt=\"Paulo Martinez lan\u00e7a livro de moda\" src=\"https:\/\/i0.wp.com\/www.agrund.com\/wp-content\/uploads\/sites\/6\/cache\/2014\/01\/paulo-martinez-lanca-livro-de-moda-3\/58109023.jpg?resize=550%2C344\" width=\"550\" height=\"344\" data-recalc-dims=\"1\" \/><\/a><p id=\"caption-attachment-94897\" class=\"wp-caption-text\">Paulo Martinez lan\u00e7a livro de moda<\/p><\/div>\n<p>Imagens: Divulga\u00e7\u00e3o.<\/p>\n","protected":false},"excerpt":{"rendered":"<p>O super stylist e editor de moda Paulo Martinez acaba de lan\u00e7ar em evento privado seu livro \u201cModa \u00e9 F#%@\u201d. Mas n\u00e3o se preocupe porque no dia 4 de fevereiro, pr\u00f3ximo, Paulo estar\u00e1 na Livraria Cultura do Shopping Iguatemi para lan\u00e7ar a colet\u00e2nea de fotos de sua vida e de seus trabalhos. O livro tra\u00e7a [&hellip;]<\/p>\n","protected":false},"author":1,"featured_media":94898,"comment_status":"open","ping_status":"open","sticky":false,"template":"","format":"standard","meta":{"jetpack_post_was_ever_published":false,"_jetpack_newsletter_access":"","jetpack_publicize_message":"","jetpack_is_tweetstorm":false,"jetpack_publicize_feature_enabled":true,"jetpack_social_post_already_shared":true,"jetpack_social_options":{"image_generator_settings":{"template":"highway","enabled":false}}},"categories":[2],"tags":[],"jetpack_publicize_connections":[],"jetpack_featured_media_url":"https:\/\/i0.wp.com\/agrund.com\/wp-content\/uploads\/sites\/6\/2014\/01\/slidea.jpg?fit=960%2C300&ssl=1","jetpack_sharing_enabled":true,"jetpack_shortlink":"https:\/\/wp.me\/p3Hz0n-oGy","jetpack_likes_enabled":true,"_links":{"self":[{"href":"https:\/\/agrund.com\/index.php\/wp-json\/wp\/v2\/posts\/94894"}],"collection":[{"href":"https:\/\/agrund.com\/index.php\/wp-json\/wp\/v2\/posts"}],"about":[{"href":"https:\/\/agrund.com\/index.php\/wp-json\/wp\/v2\/types\/post"}],"author":[{"embeddable":true,"href":"https:\/\/agrund.com\/index.php\/wp-json\/wp\/v2\/users\/1"}],"replies":[{"embeddable":true,"href":"https:\/\/agrund.com\/index.php\/wp-json\/wp\/v2\/comments?post=94894"}],"version-history":[{"count":0,"href":"https:\/\/agrund.com\/index.php\/wp-json\/wp\/v2\/posts\/94894\/revisions"}],"wp:featuredmedia":[{"embeddable":true,"href":"https:\/\/agrund.com\/index.php\/wp-json\/wp\/v2\/media\/94898"}],"wp:attachment":[{"href":"https:\/\/agrund.com\/index.php\/wp-json\/wp\/v2\/media?parent=94894"}],"wp:term":[{"taxonomy":"category","embeddable":true,"href":"https:\/\/agrund.com\/index.php\/wp-json\/wp\/v2\/categories?post=94894"},{"taxonomy":"post_tag","embeddable":true,"href":"https:\/\/agrund.com\/index.php\/wp-json\/wp\/v2\/tags?post=94894"}],"curies":[{"name":"wp","href":"https:\/\/api.w.org\/{rel}","templated":true}]}}