{"id":94884,"date":"2014-01-29T18:00:36","date_gmt":"2014-01-29T20:00:36","guid":{"rendered":"http:\/\/www.agrund.com\/?p=94884"},"modified":"2014-01-29T15:27:59","modified_gmt":"2014-01-29T17:27:59","slug":"oscar-magico-de-oz-vai-ser-comemorado-na-cerimonia","status":"publish","type":"post","link":"https:\/\/agrund.com\/index.php\/oscar-magico-de-oz-vai-ser-comemorado-na-cerimonia\/","title":{"rendered":"Oscar :: M\u00e1gico de Oz vai ser comemorado na cerim\u00f4nia"},"content":{"rendered":"<p>O Oscar vai celebrar o anivers\u00e1rio de 75 anos do &#8220;M\u00e1gico de Oz&#8221;. O ic\u00f4nico filme de aventura musical estrelado pela falecida Judy Garland &#8211; que recebeu seis nomea\u00e7\u00f5es ao Oscar no ano de 1939 &#8211; receber\u00e1 um tributo especial na 86\u00b0 edi\u00e7\u00e3o do Academy Awards, que vai acontecer no dia 02 de mar\u00e7o, em Los Angeles, pleno Carnaval no Brasil.<\/p>\n<p>Os produtores do show, Craig Zadan e Neil Meron disseram: &#8220;N\u00f3s estamos encantados em celebrar o anivers\u00e1rio de um dos filmes mais amados de todos os tempos, este ano no Oscar&#8221;. &#8220;M\u00e1gico de Oz&#8221; &#8211; baseado no romance infantil de L. Frank Baum &#8211; ganhou dois Oscars por &#8220;Melhor Trilha Sonora Original&#8221; e &#8220;Melhor M\u00fasica&#8221; na 12\u00b0 edi\u00e7\u00e3o do Academy Awards, mas perdeu por muito pouco o pr\u00eamio de &#8220;Melhor Filme&#8221; para a hist\u00f3ria de amor durante a guerra civil, &#8220;E O Vento Levou&#8221;.<\/p>\n<p>O conto de fantasia conta a hist\u00f3ria de uma jovem garota chamada Dorothy que se encontra no mundo m\u00e1gico e m\u00edstico de Oz, onde ela embarca em uma aventura com seus novos amigos, o Le\u00e3o, o Espantalho, e o Homem de Lata, na esperan\u00e7a de retornar para o Kansas.<\/p>\n<p>Ao longo dos anos a hist\u00f3ria foi reinterpretada numerosas vezes, ganhando vers\u00f5es em forma de musicais da Broadway e da adapta\u00e7\u00e3o afro-americana do show da Broadway, &#8220;The Wiz&#8221;, a qual mais tarde contou com as estrelas Michael Jackson e Diana Ross, no remake de 1978.<\/p>\n<div id=\"attachment_94885\" style=\"width: 560px\" class=\"wp-caption aligncenter\"><a href=\"https:\/\/i0.wp.com\/www.agrund.com\/wp-content\/uploads\/sites\/6\/2014\/01\/oscar-magico-de-oz-vai-ser-comemorado-na-cerimonia.jpg\"><img aria-describedby=\"caption-attachment-94885\" data-attachment-id=\"94885\" data-permalink=\"https:\/\/agrund.com\/index.php\/oscar-magico-de-oz-vai-ser-comemorado-na-cerimonia\/oscar-magico-de-oz-vai-ser-comemorado-na-cerimonia\/\" data-orig-file=\"https:\/\/i0.wp.com\/agrund.com\/wp-content\/uploads\/sites\/6\/2014\/01\/oscar-magico-de-oz-vai-ser-comemorado-na-cerimonia.jpg?fit=550%2C309&amp;ssl=1\" data-orig-size=\"550,309\" data-comments-opened=\"1\" data-image-meta=\"{&quot;aperture&quot;:&quot;0&quot;,&quot;credit&quot;:&quot;&quot;,&quot;camera&quot;:&quot;&quot;,&quot;caption&quot;:&quot;&quot;,&quot;created_timestamp&quot;:&quot;0&quot;,&quot;copyright&quot;:&quot;&quot;,&quot;focal_length&quot;:&quot;0&quot;,&quot;iso&quot;:&quot;0&quot;,&quot;shutter_speed&quot;:&quot;0&quot;,&quot;title&quot;:&quot;&quot;}\" data-image-title=\"oscar-magico-de-oz-vai-ser-comemorado-na-cerimonia\" data-image-description=\"\" data-image-caption=\"&lt;p&gt;Oscar :: M\u00e1gico de Oz vai ser comemorado na cerim\u00f4nia&lt;\/p&gt;\n\" data-medium-file=\"https:\/\/i0.wp.com\/agrund.com\/wp-content\/uploads\/sites\/6\/2014\/01\/oscar-magico-de-oz-vai-ser-comemorado-na-cerimonia.jpg?fit=300%2C168&amp;ssl=1\" data-large-file=\"https:\/\/i0.wp.com\/agrund.com\/wp-content\/uploads\/sites\/6\/2014\/01\/oscar-magico-de-oz-vai-ser-comemorado-na-cerimonia.jpg?fit=550%2C309&amp;ssl=1\" decoding=\"async\" loading=\"lazy\" class=\"size-large wp-image-94885\" alt=\"Oscar :: M\u00e1gico de Oz vai ser comemorado na cerim\u00f4nia\" src=\"https:\/\/i0.wp.com\/www.agrund.com\/wp-content\/uploads\/sites\/6\/cache\/2014\/01\/oscar-magico-de-oz-vai-ser-comemorado-na-cerimonia\/1127571645.jpg?resize=550%2C309\" width=\"550\" height=\"309\" data-recalc-dims=\"1\" \/><\/a><p id=\"caption-attachment-94885\" class=\"wp-caption-text\">Oscar :: M\u00e1gico de Oz vai ser comemorado na cerim\u00f4nia<\/p><\/div>\n<p>Imagem: Reprodu\u00e7\u00e3o.<\/p>\n","protected":false},"excerpt":{"rendered":"<p>O Oscar vai celebrar o anivers\u00e1rio de 75 anos do &#8220;M\u00e1gico de Oz&#8221;. O ic\u00f4nico filme de aventura musical estrelado pela falecida Judy Garland &#8211; que recebeu seis nomea\u00e7\u00f5es ao Oscar no ano de 1939 &#8211; receber\u00e1 um tributo especial na 86\u00b0 edi\u00e7\u00e3o do Academy Awards, que vai acontecer no dia 02 de mar\u00e7o, em [&hellip;]<\/p>\n","protected":false},"author":1,"featured_media":94886,"comment_status":"open","ping_status":"open","sticky":false,"template":"","format":"standard","meta":{"jetpack_post_was_ever_published":false,"_jetpack_newsletter_access":"","jetpack_publicize_message":"","jetpack_is_tweetstorm":false,"jetpack_publicize_feature_enabled":true,"jetpack_social_post_already_shared":true,"jetpack_social_options":{"image_generator_settings":{"template":"highway","enabled":false}}},"categories":[2],"tags":[],"jetpack_publicize_connections":[],"jetpack_featured_media_url":"https:\/\/i0.wp.com\/agrund.com\/wp-content\/uploads\/sites\/6\/2014\/01\/slideoz.jpg?fit=960%2C300&ssl=1","jetpack_sharing_enabled":true,"jetpack_shortlink":"https:\/\/wp.me\/p3Hz0n-oGo","jetpack_likes_enabled":true,"_links":{"self":[{"href":"https:\/\/agrund.com\/index.php\/wp-json\/wp\/v2\/posts\/94884"}],"collection":[{"href":"https:\/\/agrund.com\/index.php\/wp-json\/wp\/v2\/posts"}],"about":[{"href":"https:\/\/agrund.com\/index.php\/wp-json\/wp\/v2\/types\/post"}],"author":[{"embeddable":true,"href":"https:\/\/agrund.com\/index.php\/wp-json\/wp\/v2\/users\/1"}],"replies":[{"embeddable":true,"href":"https:\/\/agrund.com\/index.php\/wp-json\/wp\/v2\/comments?post=94884"}],"version-history":[{"count":0,"href":"https:\/\/agrund.com\/index.php\/wp-json\/wp\/v2\/posts\/94884\/revisions"}],"wp:featuredmedia":[{"embeddable":true,"href":"https:\/\/agrund.com\/index.php\/wp-json\/wp\/v2\/media\/94886"}],"wp:attachment":[{"href":"https:\/\/agrund.com\/index.php\/wp-json\/wp\/v2\/media?parent=94884"}],"wp:term":[{"taxonomy":"category","embeddable":true,"href":"https:\/\/agrund.com\/index.php\/wp-json\/wp\/v2\/categories?post=94884"},{"taxonomy":"post_tag","embeddable":true,"href":"https:\/\/agrund.com\/index.php\/wp-json\/wp\/v2\/tags?post=94884"}],"curies":[{"name":"wp","href":"https:\/\/api.w.org\/{rel}","templated":true}]}}