{"id":94871,"date":"2014-01-29T16:00:32","date_gmt":"2014-01-29T18:00:32","guid":{"rendered":"http:\/\/www.agrund.com\/?p=94871"},"modified":"2014-01-29T14:54:18","modified_gmt":"2014-01-29T16:54:18","slug":"jason-dohring-fala-de-seu-novo-personagem-em-veronica-mars","status":"publish","type":"post","link":"https:\/\/agrund.com\/index.php\/jason-dohring-fala-de-seu-novo-personagem-em-veronica-mars\/","title":{"rendered":"Jason Dohring fala de seu novo personagem em &#8216;Veronica Mars&#8217;"},"content":{"rendered":"<p>O ator de 31 anos Jason Dohring repetir\u00e1 o papel de Logan no pr\u00f3ximo drama de mist\u00e9rio baseado na s\u00e9rie de TV hom\u00f4nima. Dohring diz que seu personagem o permite explorar diferentes &#8220;profundezas&#8221; ao atuar de forma &#8220;engra\u00e7ada&#8221;, equilibrando as hist\u00f3rias mais s\u00e9rias como a rela\u00e7\u00e3o entre ele e seu pai.<\/p>\n<p>Ele explicou ao site focusfilm.co.uk: &#8220;O personagem \u00e9 escrito com tanta profundidade e certa banalidade. Desde com\u00e9dia ao sarcasmo, podemos presenciar de tudo. E tamb\u00e9m tem o relacionamento com o pai, que \u00e9 muito tenso e amargo. A cena mais comovente de relacionamento foi com o personagem de Veronica. Por isso eu acho que \u00e9 o trabalho dos sonhos, ao sair da escola de atores voc\u00ea meio que pede para ter papeis como esse para interpretar&#8221;.<\/p>\n<p>Dohring tamb\u00e9m insiste que os aspectos do seu ego mudaram, pois ele ainda tem a sagacidade, o que faz com que seus f\u00e3s se familiarizem.<br \/>\nO gal\u00e3 adicionou: &#8220;Ele foi capaz de encontrar disciplina em sua vida, mas ainda assim continua sendo ele mesmo. Ele possui muitos di\u00e1logos e Rob sempre escreve \u00f3timos scripts, que me d\u00e3o vergonha e tomar como cr\u00e9dito. Eu queria n\u00e3o ter intelig\u00eancia!&#8221;.<\/p>\n<div id=\"attachment_94872\" style=\"width: 560px\" class=\"wp-caption aligncenter\"><a href=\"https:\/\/i0.wp.com\/www.agrund.com\/wp-content\/uploads\/sites\/6\/2014\/01\/jason-dohring-fala-de-seu-novo-personagem-em-veronica-mars.jpg\"><img aria-describedby=\"caption-attachment-94872\" data-attachment-id=\"94872\" data-permalink=\"https:\/\/agrund.com\/index.php\/jason-dohring-fala-de-seu-novo-personagem-em-veronica-mars\/jason-dohring-fala-de-seu-novo-personagem-em-veronica-mars\/\" data-orig-file=\"https:\/\/i0.wp.com\/agrund.com\/wp-content\/uploads\/sites\/6\/2014\/01\/jason-dohring-fala-de-seu-novo-personagem-em-veronica-mars.jpg?fit=550%2C698&amp;ssl=1\" data-orig-size=\"550,698\" data-comments-opened=\"1\" data-image-meta=\"{&quot;aperture&quot;:&quot;0&quot;,&quot;credit&quot;:&quot;&quot;,&quot;camera&quot;:&quot;&quot;,&quot;caption&quot;:&quot;&quot;,&quot;created_timestamp&quot;:&quot;0&quot;,&quot;copyright&quot;:&quot;&quot;,&quot;focal_length&quot;:&quot;0&quot;,&quot;iso&quot;:&quot;0&quot;,&quot;shutter_speed&quot;:&quot;0&quot;,&quot;title&quot;:&quot;&quot;}\" data-image-title=\"jason-dohring-fala-de-seu-novo-personagem-em-veronica-mars\" data-image-description=\"\" data-image-caption=\"&lt;p&gt;Jason Dohring fala de seu novo personagem em &#8216;Veronica Mars&#8217; &lt;\/p&gt;\n\" data-medium-file=\"https:\/\/i0.wp.com\/agrund.com\/wp-content\/uploads\/sites\/6\/2014\/01\/jason-dohring-fala-de-seu-novo-personagem-em-veronica-mars.jpg?fit=236%2C300&amp;ssl=1\" data-large-file=\"https:\/\/i0.wp.com\/agrund.com\/wp-content\/uploads\/sites\/6\/2014\/01\/jason-dohring-fala-de-seu-novo-personagem-em-veronica-mars.jpg?fit=550%2C698&amp;ssl=1\" decoding=\"async\" loading=\"lazy\" class=\"size-large wp-image-94872\" alt=\"Jason Dohring fala de seu novo personagem em 'Veronica Mars' \" src=\"https:\/\/i0.wp.com\/www.agrund.com\/wp-content\/uploads\/sites\/6\/cache\/2014\/01\/jason-dohring-fala-de-seu-novo-personagem-em-veronica-mars\/3578585443.jpg?resize=550%2C698\" width=\"550\" height=\"698\" data-recalc-dims=\"1\" \/><\/a><p id=\"caption-attachment-94872\" class=\"wp-caption-text\">Jason Dohring fala de seu novo personagem em &#8216;Veronica Mars&#8217;<\/p><\/div>\n<p>Imagem: Reprodu\u00e7\u00e3o.<\/p>\n","protected":false},"excerpt":{"rendered":"<p>O ator de 31 anos Jason Dohring repetir\u00e1 o papel de Logan no pr\u00f3ximo drama de mist\u00e9rio baseado na s\u00e9rie de TV hom\u00f4nima. Dohring diz que seu personagem o permite explorar diferentes &#8220;profundezas&#8221; ao atuar de forma &#8220;engra\u00e7ada&#8221;, equilibrando as hist\u00f3rias mais s\u00e9rias como a rela\u00e7\u00e3o entre ele e seu pai. Ele explicou ao site [&hellip;]<\/p>\n","protected":false},"author":1,"featured_media":94873,"comment_status":"open","ping_status":"open","sticky":false,"template":"","format":"standard","meta":{"jetpack_post_was_ever_published":false,"_jetpack_newsletter_access":"","jetpack_publicize_message":"","jetpack_is_tweetstorm":false,"jetpack_publicize_feature_enabled":true,"jetpack_social_post_already_shared":true,"jetpack_social_options":{"image_generator_settings":{"template":"highway","enabled":false}}},"categories":[2],"tags":[],"jetpack_publicize_connections":[],"jetpack_featured_media_url":"https:\/\/i0.wp.com\/agrund.com\/wp-content\/uploads\/sites\/6\/2014\/01\/slide173.jpg?fit=960%2C300&ssl=1","jetpack_sharing_enabled":true,"jetpack_shortlink":"https:\/\/wp.me\/p3Hz0n-oGb","jetpack_likes_enabled":true,"_links":{"self":[{"href":"https:\/\/agrund.com\/index.php\/wp-json\/wp\/v2\/posts\/94871"}],"collection":[{"href":"https:\/\/agrund.com\/index.php\/wp-json\/wp\/v2\/posts"}],"about":[{"href":"https:\/\/agrund.com\/index.php\/wp-json\/wp\/v2\/types\/post"}],"author":[{"embeddable":true,"href":"https:\/\/agrund.com\/index.php\/wp-json\/wp\/v2\/users\/1"}],"replies":[{"embeddable":true,"href":"https:\/\/agrund.com\/index.php\/wp-json\/wp\/v2\/comments?post=94871"}],"version-history":[{"count":0,"href":"https:\/\/agrund.com\/index.php\/wp-json\/wp\/v2\/posts\/94871\/revisions"}],"wp:featuredmedia":[{"embeddable":true,"href":"https:\/\/agrund.com\/index.php\/wp-json\/wp\/v2\/media\/94873"}],"wp:attachment":[{"href":"https:\/\/agrund.com\/index.php\/wp-json\/wp\/v2\/media?parent=94871"}],"wp:term":[{"taxonomy":"category","embeddable":true,"href":"https:\/\/agrund.com\/index.php\/wp-json\/wp\/v2\/categories?post=94871"},{"taxonomy":"post_tag","embeddable":true,"href":"https:\/\/agrund.com\/index.php\/wp-json\/wp\/v2\/tags?post=94871"}],"curies":[{"name":"wp","href":"https:\/\/api.w.org\/{rel}","templated":true}]}}