{"id":94863,"date":"2014-01-29T15:00:12","date_gmt":"2014-01-29T17:00:12","guid":{"rendered":"http:\/\/www.agrund.com\/?p=94863"},"modified":"2014-01-29T14:30:26","modified_gmt":"2014-01-29T16:30:26","slug":"os-novos-produtos-de-skincare-da-yves-saint-laurent","status":"publish","type":"post","link":"https:\/\/agrund.com\/index.php\/os-novos-produtos-de-skincare-da-yves-saint-laurent\/","title":{"rendered":"Os novos produtos de skincare da Yves Saint Laurent"},"content":{"rendered":"<p>A Yves Saint Laurent acaba de anunciar seus novos produtos de beauty e aposta no a\u00e7afr\u00e3o como seu principal ingrediente.<br \/>\nA cole\u00e7\u00e3o &#8220;Or Rouge&#8221; \u00e9 composta por tr\u00eas cremes que cont\u00e9m a\u00e7afr\u00e3o em suas f\u00f3rmulas e prometem trabalhar a arquitetura da pele retardando seu processo de envelhecimento, deixando-a assim mais jovem e vi\u00e7osa.<\/p>\n<p>O lan\u00e7amento acontecer\u00e1 primeiramente na Gr\u00e3-Bretanha, no m\u00eas de fevereiro, seguido pelos Estados Unidos em mar\u00e7o e em todo o mundo no m\u00eas de Abril. Vamos aguardar!<\/p>\n<div id=\"attachment_94864\" style=\"width: 610px\" class=\"wp-caption aligncenter\"><a href=\"https:\/\/i0.wp.com\/www.agrund.com\/wp-content\/uploads\/sites\/6\/2014\/01\/os-novos-produtos-de-skincare-da-yves-saint-laurent-2.jpg\"><img aria-describedby=\"caption-attachment-94864\" data-attachment-id=\"94864\" data-permalink=\"https:\/\/agrund.com\/index.php\/os-novos-produtos-de-skincare-da-yves-saint-laurent\/os-novos-produtos-de-skincare-da-yves-saint-laurent-2\/\" data-orig-file=\"https:\/\/i0.wp.com\/agrund.com\/wp-content\/uploads\/sites\/6\/2014\/01\/os-novos-produtos-de-skincare-da-yves-saint-laurent-2.jpg?fit=641%2C458&amp;ssl=1\" data-orig-size=\"641,458\" data-comments-opened=\"1\" data-image-meta=\"{&quot;aperture&quot;:&quot;0&quot;,&quot;credit&quot;:&quot;&quot;,&quot;camera&quot;:&quot;&quot;,&quot;caption&quot;:&quot;&quot;,&quot;created_timestamp&quot;:&quot;0&quot;,&quot;copyright&quot;:&quot;&quot;,&quot;focal_length&quot;:&quot;0&quot;,&quot;iso&quot;:&quot;0&quot;,&quot;shutter_speed&quot;:&quot;0&quot;,&quot;title&quot;:&quot;&quot;}\" data-image-title=\"os-novos-produtos-de-skincare-da-yves-saint-laurent (2)\" data-image-description=\"\" data-image-caption=\"&lt;p&gt;os-novos-produtos-de-skincare-da-yves-saint-laurent&lt;\/p&gt;\n\" data-medium-file=\"https:\/\/i0.wp.com\/agrund.com\/wp-content\/uploads\/sites\/6\/2014\/01\/os-novos-produtos-de-skincare-da-yves-saint-laurent-2.jpg?fit=300%2C214&amp;ssl=1\" data-large-file=\"https:\/\/i0.wp.com\/agrund.com\/wp-content\/uploads\/sites\/6\/2014\/01\/os-novos-produtos-de-skincare-da-yves-saint-laurent-2.jpg?fit=641%2C458&amp;ssl=1\" decoding=\"async\" loading=\"lazy\" class=\" wp-image-94864  \" alt=\"os-novos-produtos-de-skincare-da-yves-saint-laurent\" src=\"https:\/\/i0.wp.com\/www.agrund.com\/wp-content\/uploads\/sites\/6\/cache\/2014\/01\/os-novos-produtos-de-skincare-da-yves-saint-laurent-2\/279117507.jpg?resize=600%2C425\" width=\"600\" height=\"425\" data-recalc-dims=\"1\" \/><\/a><p id=\"caption-attachment-94864\" class=\"wp-caption-text\">Os novos produtos de skincare da Yves Saint Laurent<\/p><\/div>\n<div id=\"attachment_94865\" style=\"width: 610px\" class=\"wp-caption aligncenter\"><a href=\"https:\/\/i0.wp.com\/www.agrund.com\/wp-content\/uploads\/sites\/6\/2014\/01\/os-novos-produtos-de-skincare-da-yves-saint-laurent.jpg\"><img aria-describedby=\"caption-attachment-94865\" data-attachment-id=\"94865\" data-permalink=\"https:\/\/agrund.com\/index.php\/os-novos-produtos-de-skincare-da-yves-saint-laurent\/os-novos-produtos-de-skincare-da-yves-saint-laurent\/\" data-orig-file=\"https:\/\/i0.wp.com\/agrund.com\/wp-content\/uploads\/sites\/6\/2014\/01\/os-novos-produtos-de-skincare-da-yves-saint-laurent.jpg?fit=600%2C425&amp;ssl=1\" data-orig-size=\"600,425\" data-comments-opened=\"1\" data-image-meta=\"{&quot;aperture&quot;:&quot;0&quot;,&quot;credit&quot;:&quot;&quot;,&quot;camera&quot;:&quot;&quot;,&quot;caption&quot;:&quot;&quot;,&quot;created_timestamp&quot;:&quot;0&quot;,&quot;copyright&quot;:&quot;&quot;,&quot;focal_length&quot;:&quot;0&quot;,&quot;iso&quot;:&quot;0&quot;,&quot;shutter_speed&quot;:&quot;0&quot;,&quot;title&quot;:&quot;&quot;}\" data-image-title=\"os-novos-produtos-de-skincare-da-yves-saint-laurent\" data-image-description=\"\" data-image-caption=\"&lt;p&gt;os-novos-produtos-de-skincare-da-yves-saint-laurent&lt;\/p&gt;\n\" data-medium-file=\"https:\/\/i0.wp.com\/agrund.com\/wp-content\/uploads\/sites\/6\/2014\/01\/os-novos-produtos-de-skincare-da-yves-saint-laurent.jpg?fit=300%2C212&amp;ssl=1\" data-large-file=\"https:\/\/i0.wp.com\/agrund.com\/wp-content\/uploads\/sites\/6\/2014\/01\/os-novos-produtos-de-skincare-da-yves-saint-laurent.jpg?fit=600%2C425&amp;ssl=1\" decoding=\"async\" loading=\"lazy\" class=\"size-large wp-image-94865 \" alt=\"os-novos-produtos-de-skincare-da-yves-saint-laurent\" src=\"https:\/\/i0.wp.com\/www.agrund.com\/wp-content\/uploads\/sites\/6\/cache\/2014\/01\/os-novos-produtos-de-skincare-da-yves-saint-laurent\/1974271066.jpg?resize=600%2C425\" width=\"600\" height=\"425\" data-recalc-dims=\"1\" \/><\/a><p id=\"caption-attachment-94865\" class=\"wp-caption-text\">Os novos produtos de skincare da Yves Saint Laurent<\/p><\/div>\n<p>Imagem: Reprodu\u00e7\u00e3o.<\/p>\n","protected":false},"excerpt":{"rendered":"<p>A Yves Saint Laurent acaba de anunciar seus novos produtos de beauty e aposta no a\u00e7afr\u00e3o como seu principal ingrediente. A cole\u00e7\u00e3o &#8220;Or Rouge&#8221; \u00e9 composta por tr\u00eas cremes que cont\u00e9m a\u00e7afr\u00e3o em suas f\u00f3rmulas e prometem trabalhar a arquitetura da pele retardando seu processo de envelhecimento, deixando-a assim mais jovem e vi\u00e7osa. O lan\u00e7amento [&hellip;]<\/p>\n","protected":false},"author":1,"featured_media":94866,"comment_status":"open","ping_status":"open","sticky":false,"template":"","format":"standard","meta":{"jetpack_post_was_ever_published":false,"_jetpack_newsletter_access":"","jetpack_publicize_message":"","jetpack_is_tweetstorm":false,"jetpack_publicize_feature_enabled":true,"jetpack_social_post_already_shared":true,"jetpack_social_options":{"image_generator_settings":{"template":"highway","enabled":false}}},"categories":[2],"tags":[],"jetpack_publicize_connections":[],"jetpack_featured_media_url":"https:\/\/i0.wp.com\/agrund.com\/wp-content\/uploads\/sites\/6\/2014\/01\/slide172.jpg?fit=960%2C300&ssl=1","jetpack_sharing_enabled":true,"jetpack_shortlink":"https:\/\/wp.me\/p3Hz0n-oG3","jetpack_likes_enabled":true,"_links":{"self":[{"href":"https:\/\/agrund.com\/index.php\/wp-json\/wp\/v2\/posts\/94863"}],"collection":[{"href":"https:\/\/agrund.com\/index.php\/wp-json\/wp\/v2\/posts"}],"about":[{"href":"https:\/\/agrund.com\/index.php\/wp-json\/wp\/v2\/types\/post"}],"author":[{"embeddable":true,"href":"https:\/\/agrund.com\/index.php\/wp-json\/wp\/v2\/users\/1"}],"replies":[{"embeddable":true,"href":"https:\/\/agrund.com\/index.php\/wp-json\/wp\/v2\/comments?post=94863"}],"version-history":[{"count":0,"href":"https:\/\/agrund.com\/index.php\/wp-json\/wp\/v2\/posts\/94863\/revisions"}],"wp:featuredmedia":[{"embeddable":true,"href":"https:\/\/agrund.com\/index.php\/wp-json\/wp\/v2\/media\/94866"}],"wp:attachment":[{"href":"https:\/\/agrund.com\/index.php\/wp-json\/wp\/v2\/media?parent=94863"}],"wp:term":[{"taxonomy":"category","embeddable":true,"href":"https:\/\/agrund.com\/index.php\/wp-json\/wp\/v2\/categories?post=94863"},{"taxonomy":"post_tag","embeddable":true,"href":"https:\/\/agrund.com\/index.php\/wp-json\/wp\/v2\/tags?post=94863"}],"curies":[{"name":"wp","href":"https:\/\/api.w.org\/{rel}","templated":true}]}}