{"id":94824,"date":"2014-01-28T20:30:15","date_gmt":"2014-01-28T22:30:15","guid":{"rendered":"http:\/\/www.agrund.com\/?p=94824"},"modified":"2014-01-28T14:40:56","modified_gmt":"2014-01-28T16:40:56","slug":"rosie-huntington-whiteley-karl-lagerfeld-e-carine-roitfeld-na-capa-da-harpers-bazaar-uk","status":"publish","type":"post","link":"https:\/\/agrund.com\/index.php\/rosie-huntington-whiteley-karl-lagerfeld-e-carine-roitfeld-na-capa-da-harpers-bazaar-uk\/","title":{"rendered":"Rosie Huntington-Whiteley, Karl Lagerfeld e Carine Roitfeld na capa da Harpers Bazaar UK"},"content":{"rendered":"<p>Rosie Huntington-Whiteley foi a escolhida para ser a garota da capa da edi\u00e7\u00e3o mar\u00e7o 2014 da Harper&#8217;s Bazaar UK. Mas o clique principal n\u00e3o conta apenas com a top, pois a revista convocou ningu\u00e9m menos que Karl Lagerfeld como fot\u00f3grafo e Carine Roitfeld para cuidar do styling.<br \/>\nProdu\u00e7\u00e3o de peso essa, n\u00e3o \u00e9 mesmo? Confira:<\/p>\n<div id=\"attachment_94825\" style=\"width: 610px\" class=\"wp-caption aligncenter\"><a href=\"https:\/\/i0.wp.com\/www.agrund.com\/wp-content\/uploads\/sites\/6\/2014\/01\/rosie-huntington-whiteley-karl-lagerfeld-e-carine-roitfeld-na-capa-da-harpers-bazaar-uk.jpg\"><img aria-describedby=\"caption-attachment-94825\" data-attachment-id=\"94825\" data-permalink=\"https:\/\/agrund.com\/index.php\/rosie-huntington-whiteley-karl-lagerfeld-e-carine-roitfeld-na-capa-da-harpers-bazaar-uk\/rosie-huntington-whiteley-karl-lagerfeld-e-carine-roitfeld-na-capa-da-harpers-bazaar-uk\/\" data-orig-file=\"https:\/\/i0.wp.com\/agrund.com\/wp-content\/uploads\/sites\/6\/2014\/01\/rosie-huntington-whiteley-karl-lagerfeld-e-carine-roitfeld-na-capa-da-harpers-bazaar-uk.jpg?fit=600%2C834&amp;ssl=1\" data-orig-size=\"600,834\" data-comments-opened=\"1\" data-image-meta=\"{&quot;aperture&quot;:&quot;0&quot;,&quot;credit&quot;:&quot;&quot;,&quot;camera&quot;:&quot;&quot;,&quot;caption&quot;:&quot;&quot;,&quot;created_timestamp&quot;:&quot;0&quot;,&quot;copyright&quot;:&quot;&quot;,&quot;focal_length&quot;:&quot;0&quot;,&quot;iso&quot;:&quot;0&quot;,&quot;shutter_speed&quot;:&quot;0&quot;,&quot;title&quot;:&quot;&quot;}\" data-image-title=\"rosie-huntington-whiteley-karl-lagerfeld-e-carine-roitfeld-na-capa-da-harpers-bazaar-uk\" data-image-description=\"\" data-image-caption=\"&lt;p&gt;Rosie Huntington-Whiteley, Karl Lagerfeld e Carine Roitfeld na capa da Harpers Bazaar UK&lt;\/p&gt;\n\" data-medium-file=\"https:\/\/i0.wp.com\/agrund.com\/wp-content\/uploads\/sites\/6\/2014\/01\/rosie-huntington-whiteley-karl-lagerfeld-e-carine-roitfeld-na-capa-da-harpers-bazaar-uk.jpg?fit=215%2C300&amp;ssl=1\" data-large-file=\"https:\/\/i0.wp.com\/agrund.com\/wp-content\/uploads\/sites\/6\/2014\/01\/rosie-huntington-whiteley-karl-lagerfeld-e-carine-roitfeld-na-capa-da-harpers-bazaar-uk.jpg?fit=600%2C834&amp;ssl=1\" decoding=\"async\" loading=\"lazy\" class=\"size-large wp-image-94825\" alt=\"Rosie Huntington-Whiteley, Karl Lagerfeld e Carine Roitfeld na capa da Harpers Bazaar UK\" src=\"https:\/\/i0.wp.com\/www.agrund.com\/wp-content\/uploads\/sites\/6\/cache\/2014\/01\/rosie-huntington-whiteley-karl-lagerfeld-e-carine-roitfeld-na-capa-da-harpers-bazaar-uk\/3060457767.jpg?resize=600%2C834\" width=\"600\" height=\"834\" data-recalc-dims=\"1\" \/><\/a><p id=\"caption-attachment-94825\" class=\"wp-caption-text\">Rosie Huntington-Whiteley, Karl Lagerfeld e Carine Roitfeld na capa da Harpers Bazaar UK<\/p><\/div>\n<p>Imagens: Reprodu\u00e7\u00e3o.<\/p>\n","protected":false},"excerpt":{"rendered":"<p>Rosie Huntington-Whiteley foi a escolhida para ser a garota da capa da edi\u00e7\u00e3o mar\u00e7o 2014 da Harper&#8217;s Bazaar UK. Mas o clique principal n\u00e3o conta apenas com a top, pois a revista convocou ningu\u00e9m menos que Karl Lagerfeld como fot\u00f3grafo e Carine Roitfeld para cuidar do styling. Produ\u00e7\u00e3o de peso essa, n\u00e3o \u00e9 mesmo? Confira: [&hellip;]<\/p>\n","protected":false},"author":1,"featured_media":94826,"comment_status":"open","ping_status":"open","sticky":false,"template":"","format":"standard","meta":{"jetpack_post_was_ever_published":false,"_jetpack_newsletter_access":"","jetpack_publicize_message":"","jetpack_is_tweetstorm":false,"jetpack_publicize_feature_enabled":true,"jetpack_social_post_already_shared":true,"jetpack_social_options":{"image_generator_settings":{"template":"highway","enabled":false}}},"categories":[2],"tags":[],"jetpack_publicize_connections":[],"jetpack_featured_media_url":"https:\/\/i0.wp.com\/agrund.com\/wp-content\/uploads\/sites\/6\/2014\/01\/slidecapa6.jpg?fit=960%2C300&ssl=1","jetpack_sharing_enabled":true,"jetpack_shortlink":"https:\/\/wp.me\/p3Hz0n-oFq","jetpack_likes_enabled":true,"_links":{"self":[{"href":"https:\/\/agrund.com\/index.php\/wp-json\/wp\/v2\/posts\/94824"}],"collection":[{"href":"https:\/\/agrund.com\/index.php\/wp-json\/wp\/v2\/posts"}],"about":[{"href":"https:\/\/agrund.com\/index.php\/wp-json\/wp\/v2\/types\/post"}],"author":[{"embeddable":true,"href":"https:\/\/agrund.com\/index.php\/wp-json\/wp\/v2\/users\/1"}],"replies":[{"embeddable":true,"href":"https:\/\/agrund.com\/index.php\/wp-json\/wp\/v2\/comments?post=94824"}],"version-history":[{"count":0,"href":"https:\/\/agrund.com\/index.php\/wp-json\/wp\/v2\/posts\/94824\/revisions"}],"wp:featuredmedia":[{"embeddable":true,"href":"https:\/\/agrund.com\/index.php\/wp-json\/wp\/v2\/media\/94826"}],"wp:attachment":[{"href":"https:\/\/agrund.com\/index.php\/wp-json\/wp\/v2\/media?parent=94824"}],"wp:term":[{"taxonomy":"category","embeddable":true,"href":"https:\/\/agrund.com\/index.php\/wp-json\/wp\/v2\/categories?post=94824"},{"taxonomy":"post_tag","embeddable":true,"href":"https:\/\/agrund.com\/index.php\/wp-json\/wp\/v2\/tags?post=94824"}],"curies":[{"name":"wp","href":"https:\/\/api.w.org\/{rel}","templated":true}]}}