{"id":94810,"date":"2014-01-28T22:00:33","date_gmt":"2014-01-29T00:00:33","guid":{"rendered":"http:\/\/www.agrund.com\/?p=94810"},"modified":"2014-01-28T14:35:13","modified_gmt":"2014-01-28T16:35:13","slug":"dueto-miley-cyrus-e-madonna-juntas","status":"publish","type":"post","link":"https:\/\/agrund.com\/index.php\/dueto-miley-cyrus-e-madonna-juntas\/","title":{"rendered":"Dueto :: Miley Cyrus e Madonna juntas"},"content":{"rendered":"<p>No pr\u00f3ximo DVD ac\u00fastico de Miley Cyrus, ela pretende se apresentar com Madonna. A cantora do hit &#8220;Wrecking Ball&#8221; est\u00e1 contando com a participa\u00e7\u00e3o da veterana do pop. O par improv\u00e1vel estava ensaiando em um est\u00fadio em Hollywood ontem (27), sendo que a colabora\u00e7\u00e3o deve ir ao ar na noite de amanh\u00e3 (29).<\/p>\n<p>A MTV comentou: &#8220;A apresenta\u00e7\u00e3o vai mostrar um lado mais \u00edntimo de Cyrus e conta com convidados surpresa para uma inesperada reinven\u00e7\u00e3o das m\u00fasicas que definiram a sua carreira, incluindo o seu primeiro e aclamado \u00e1lbum &#8220;Bangerz&#8221;.<\/p>\n<p>Miley, 21, se comparou a Madonna no passado e acredita que elas compartilham o mesmo amor pela controv\u00e9rsia e por assumir riscos. Ela refletiu recentemente: &#8220;Na noite de ontem, eu estava falando sobre algumas apresenta\u00e7\u00f5es de Madonna, e eu disse: &#8216;Em algum ponto, tudo se torna irrelevante&#8217;. Assim, ningu\u00e9m pensa mais sobre quando ela apresentou &#8216;Like a Virgem&#8217; no VMAs&#8221;.<\/p>\n<p>&#8220;Aquilo apenas se tornou o padr\u00e3o, onde \u00e9 do tipo, &#8216;Ah, \u00e9 a coisa dela&#8217;. Ent\u00e3o, eu sinto que agora que eu fiz o VMAs, aquele apenas se tornou o padr\u00e3o para mim, e ent\u00e3o em qualquer momento que eu fa\u00e7a outra coisa, eles v\u00e3o ficar do tipo, &#8216;Miley foi desinteressante hoje'&#8221;.<\/p>\n<p>E n\u00f3s vamos esperar para ver o resultado!<\/p>\n<div id=\"attachment_94811\" style=\"width: 610px\" class=\"wp-caption aligncenter\"><a href=\"https:\/\/i0.wp.com\/www.agrund.com\/wp-content\/uploads\/sites\/6\/2014\/01\/dueto-miley-cyrus-e-madonna-juntas.jpg\"><img aria-describedby=\"caption-attachment-94811\" data-attachment-id=\"94811\" data-permalink=\"https:\/\/agrund.com\/index.php\/dueto-miley-cyrus-e-madonna-juntas\/dueto-miley-cyrus-e-madonna-juntas\/\" data-orig-file=\"https:\/\/i0.wp.com\/agrund.com\/wp-content\/uploads\/sites\/6\/2014\/01\/dueto-miley-cyrus-e-madonna-juntas.jpg?fit=600%2C903&amp;ssl=1\" data-orig-size=\"600,903\" data-comments-opened=\"1\" data-image-meta=\"{&quot;aperture&quot;:&quot;0&quot;,&quot;credit&quot;:&quot;&quot;,&quot;camera&quot;:&quot;&quot;,&quot;caption&quot;:&quot;&quot;,&quot;created_timestamp&quot;:&quot;0&quot;,&quot;copyright&quot;:&quot;&quot;,&quot;focal_length&quot;:&quot;0&quot;,&quot;iso&quot;:&quot;0&quot;,&quot;shutter_speed&quot;:&quot;0&quot;,&quot;title&quot;:&quot;&quot;}\" data-image-title=\"dueto-miley-cyrus-e-madonna-juntas\" data-image-description=\"\" data-image-caption=\"&lt;p&gt;Dueto :: Miley Cyrus e Madonna juntas&lt;\/p&gt;\n\" data-medium-file=\"https:\/\/i0.wp.com\/agrund.com\/wp-content\/uploads\/sites\/6\/2014\/01\/dueto-miley-cyrus-e-madonna-juntas.jpg?fit=199%2C300&amp;ssl=1\" data-large-file=\"https:\/\/i0.wp.com\/agrund.com\/wp-content\/uploads\/sites\/6\/2014\/01\/dueto-miley-cyrus-e-madonna-juntas.jpg?fit=600%2C903&amp;ssl=1\" decoding=\"async\" loading=\"lazy\" class=\"size-large wp-image-94811\" alt=\"Dueto :: Miley Cyrus e Madonna juntas\" src=\"https:\/\/i0.wp.com\/www.agrund.com\/wp-content\/uploads\/sites\/6\/cache\/2014\/01\/dueto-miley-cyrus-e-madonna-juntas\/2286724624.jpg?resize=600%2C903\" width=\"600\" height=\"903\" data-recalc-dims=\"1\" \/><\/a><p id=\"caption-attachment-94811\" class=\"wp-caption-text\">Dueto :: Miley Cyrus e Madonna juntas<\/p><\/div>\n<p>Imagem: Reprodu\u00e7\u00e3o.<\/p>\n","protected":false},"excerpt":{"rendered":"<p>No pr\u00f3ximo DVD ac\u00fastico de Miley Cyrus, ela pretende se apresentar com Madonna. A cantora do hit &#8220;Wrecking Ball&#8221; est\u00e1 contando com a participa\u00e7\u00e3o da veterana do pop. O par improv\u00e1vel estava ensaiando em um est\u00fadio em Hollywood ontem (27), sendo que a colabora\u00e7\u00e3o deve ir ao ar na noite de amanh\u00e3 (29). A MTV [&hellip;]<\/p>\n","protected":false},"author":1,"featured_media":94812,"comment_status":"open","ping_status":"open","sticky":false,"template":"","format":"standard","meta":{"jetpack_post_was_ever_published":false,"_jetpack_newsletter_access":"","jetpack_publicize_message":"","jetpack_is_tweetstorm":false,"jetpack_publicize_feature_enabled":true,"jetpack_social_post_already_shared":true,"jetpack_social_options":{"image_generator_settings":{"template":"highway","enabled":false}}},"categories":[2],"tags":[],"jetpack_publicize_connections":[],"jetpack_featured_media_url":"https:\/\/i0.wp.com\/agrund.com\/wp-content\/uploads\/sites\/6\/2014\/01\/slide165.jpg?fit=960%2C300&ssl=1","jetpack_sharing_enabled":true,"jetpack_shortlink":"https:\/\/wp.me\/p3Hz0n-oFc","jetpack_likes_enabled":true,"_links":{"self":[{"href":"https:\/\/agrund.com\/index.php\/wp-json\/wp\/v2\/posts\/94810"}],"collection":[{"href":"https:\/\/agrund.com\/index.php\/wp-json\/wp\/v2\/posts"}],"about":[{"href":"https:\/\/agrund.com\/index.php\/wp-json\/wp\/v2\/types\/post"}],"author":[{"embeddable":true,"href":"https:\/\/agrund.com\/index.php\/wp-json\/wp\/v2\/users\/1"}],"replies":[{"embeddable":true,"href":"https:\/\/agrund.com\/index.php\/wp-json\/wp\/v2\/comments?post=94810"}],"version-history":[{"count":0,"href":"https:\/\/agrund.com\/index.php\/wp-json\/wp\/v2\/posts\/94810\/revisions"}],"wp:featuredmedia":[{"embeddable":true,"href":"https:\/\/agrund.com\/index.php\/wp-json\/wp\/v2\/media\/94812"}],"wp:attachment":[{"href":"https:\/\/agrund.com\/index.php\/wp-json\/wp\/v2\/media?parent=94810"}],"wp:term":[{"taxonomy":"category","embeddable":true,"href":"https:\/\/agrund.com\/index.php\/wp-json\/wp\/v2\/categories?post=94810"},{"taxonomy":"post_tag","embeddable":true,"href":"https:\/\/agrund.com\/index.php\/wp-json\/wp\/v2\/tags?post=94810"}],"curies":[{"name":"wp","href":"https:\/\/api.w.org\/{rel}","templated":true}]}}