{"id":94785,"date":"2014-01-28T19:00:36","date_gmt":"2014-01-28T21:00:36","guid":{"rendered":"http:\/\/www.agrund.com\/?p=94785"},"modified":"2014-01-28T11:21:47","modified_gmt":"2014-01-28T13:21:47","slug":"ivan-aguilar-apresenta-colecao-feminina-no-mercedes-benz-fashion-week","status":"publish","type":"post","link":"https:\/\/agrund.com\/index.php\/ivan-aguilar-apresenta-colecao-feminina-no-mercedes-benz-fashion-week\/","title":{"rendered":"Ivan Aguilar apresenta cole\u00e7\u00e3o feminina no Mercedes Benz Fashion Week"},"content":{"rendered":"<p>O estilista capixaba Ivan Aguilar, conhecido por sua alfaiataria de luxo voltada para homens, estreia sua primeira cole\u00e7\u00e3o feminina na cultuada semana de moda de Nova York, depois de 20 anos de carreira. Seu outono\/inverno \u00e9 inspirado na arquitetura urbana de Barcelona, na arte barroca e nos minerais e pedras preciosas do solo brasileiro. A feminilidade ficar\u00e1 por conta da cintura bem marcada, transmitindo feminilidade em formas que se alternam entre fluidas (camisas e chemises) e estruturadas (casacos, vestidos e saias) distribu\u00eddas em seus 32 looks.<\/p>\n<p>O resultado s\u00e3o pe\u00e7as ic\u00f4nicas desenvolvidas para uma mulher cosmopolita que n\u00e3o abre m\u00e3o do luxo, sempre com a m\u00e1xima qualidade da alta alfaiataria pela qual o estilista j\u00e1 \u00e9 conhecido.<\/p>\n<p>Segundo o estilista, seu neg\u00f3cio possui um estilo pr\u00f3prio e diferenciado. \u201cAs roupas entram em um processo \u00fanico de produ\u00e7\u00e3o. Por ser dirigido a um p\u00fablico seleto, na hora da cria\u00e7\u00e3o as minhas prioridades s\u00e3o \u2013 modelagem e sofistica\u00e7\u00e3o na escolha da mat\u00e9ria prima\u201d.<\/p>\n<p>Ap\u00f3s seu desfile, ele comandar\u00e1 um showroom no Hotel Hudson, localizado no n\u00famero 356W- 56th Street, NY.<\/p>\n<div id=\"attachment_94787\" style=\"width: 610px\" class=\"wp-caption aligncenter\"><a href=\"https:\/\/i0.wp.com\/www.agrund.com\/wp-content\/uploads\/sites\/6\/2014\/01\/ivan-aguilar-apresenta-colecao-feminina-no-mercedes-benz-fashion-week-1.jpg\"><img aria-describedby=\"caption-attachment-94787\" data-attachment-id=\"94787\" data-permalink=\"https:\/\/agrund.com\/index.php\/ivan-aguilar-apresenta-colecao-feminina-no-mercedes-benz-fashion-week\/ivan-aguilar-apresenta-colecao-feminina-no-mercedes-benz-fashion-week-1\/\" data-orig-file=\"https:\/\/i0.wp.com\/agrund.com\/wp-content\/uploads\/sites\/6\/2014\/01\/ivan-aguilar-apresenta-colecao-feminina-no-mercedes-benz-fashion-week-1.jpg?fit=600%2C829&amp;ssl=1\" data-orig-size=\"600,829\" data-comments-opened=\"1\" data-image-meta=\"{&quot;aperture&quot;:&quot;0&quot;,&quot;credit&quot;:&quot;&quot;,&quot;camera&quot;:&quot;&quot;,&quot;caption&quot;:&quot;&quot;,&quot;created_timestamp&quot;:&quot;0&quot;,&quot;copyright&quot;:&quot;&quot;,&quot;focal_length&quot;:&quot;0&quot;,&quot;iso&quot;:&quot;0&quot;,&quot;shutter_speed&quot;:&quot;0&quot;,&quot;title&quot;:&quot;&quot;}\" data-image-title=\"ivan-aguilar-apresenta-colecao-feminina-no-mercedes-benz-fashion-week (1)\" data-image-description=\"\" data-image-caption=\"&lt;p&gt;Ivan Aguilar apresenta cole\u00e7\u00e3o feminina no Mercedes Benz Fashion Week&lt;\/p&gt;\n\" data-medium-file=\"https:\/\/i0.wp.com\/agrund.com\/wp-content\/uploads\/sites\/6\/2014\/01\/ivan-aguilar-apresenta-colecao-feminina-no-mercedes-benz-fashion-week-1.jpg?fit=217%2C300&amp;ssl=1\" data-large-file=\"https:\/\/i0.wp.com\/agrund.com\/wp-content\/uploads\/sites\/6\/2014\/01\/ivan-aguilar-apresenta-colecao-feminina-no-mercedes-benz-fashion-week-1.jpg?fit=600%2C829&amp;ssl=1\" decoding=\"async\" loading=\"lazy\" class=\"size-large wp-image-94787\" alt=\"Ivan Aguilar apresenta cole\u00e7\u00e3o feminina no Mercedes Benz Fashion Week\" src=\"https:\/\/i0.wp.com\/www.agrund.com\/wp-content\/uploads\/sites\/6\/cache\/2014\/01\/ivan-aguilar-apresenta-colecao-feminina-no-mercedes-benz-fashion-week-1\/3774264699.jpg?resize=600%2C829\" width=\"600\" height=\"829\" data-recalc-dims=\"1\" \/><\/a><p id=\"caption-attachment-94787\" class=\"wp-caption-text\">Ivan Aguilar apresenta cole\u00e7\u00e3o feminina no Mercedes Benz Fashion Week<\/p><\/div>\n<div id=\"attachment_94788\" style=\"width: 610px\" class=\"wp-caption aligncenter\"><a href=\"https:\/\/i0.wp.com\/www.agrund.com\/wp-content\/uploads\/sites\/6\/2014\/01\/ivan-aguilar-apresenta-colecao-feminina-no-mercedes-benz-fashion-week-2.jpg\"><img aria-describedby=\"caption-attachment-94788\" data-attachment-id=\"94788\" data-permalink=\"https:\/\/agrund.com\/index.php\/ivan-aguilar-apresenta-colecao-feminina-no-mercedes-benz-fashion-week\/ivan-aguilar-apresenta-colecao-feminina-no-mercedes-benz-fashion-week-2\/\" data-orig-file=\"https:\/\/i0.wp.com\/agrund.com\/wp-content\/uploads\/sites\/6\/2014\/01\/ivan-aguilar-apresenta-colecao-feminina-no-mercedes-benz-fashion-week-2.jpg?fit=600%2C829&amp;ssl=1\" data-orig-size=\"600,829\" data-comments-opened=\"1\" data-image-meta=\"{&quot;aperture&quot;:&quot;0&quot;,&quot;credit&quot;:&quot;&quot;,&quot;camera&quot;:&quot;&quot;,&quot;caption&quot;:&quot;&quot;,&quot;created_timestamp&quot;:&quot;0&quot;,&quot;copyright&quot;:&quot;&quot;,&quot;focal_length&quot;:&quot;0&quot;,&quot;iso&quot;:&quot;0&quot;,&quot;shutter_speed&quot;:&quot;0&quot;,&quot;title&quot;:&quot;&quot;}\" data-image-title=\"ivan-aguilar-apresenta-colecao-feminina-no-mercedes-benz-fashion-week (2)\" data-image-description=\"\" data-image-caption=\"&lt;p&gt;Ivan Aguilar apresenta cole\u00e7\u00e3o feminina no Mercedes Benz Fashion Week&lt;\/p&gt;\n\" data-medium-file=\"https:\/\/i0.wp.com\/agrund.com\/wp-content\/uploads\/sites\/6\/2014\/01\/ivan-aguilar-apresenta-colecao-feminina-no-mercedes-benz-fashion-week-2.jpg?fit=217%2C300&amp;ssl=1\" data-large-file=\"https:\/\/i0.wp.com\/agrund.com\/wp-content\/uploads\/sites\/6\/2014\/01\/ivan-aguilar-apresenta-colecao-feminina-no-mercedes-benz-fashion-week-2.jpg?fit=600%2C829&amp;ssl=1\" decoding=\"async\" loading=\"lazy\" class=\"size-large wp-image-94788\" alt=\"Ivan Aguilar apresenta cole\u00e7\u00e3o feminina no Mercedes Benz Fashion Week\" src=\"https:\/\/i0.wp.com\/www.agrund.com\/wp-content\/uploads\/sites\/6\/cache\/2014\/01\/ivan-aguilar-apresenta-colecao-feminina-no-mercedes-benz-fashion-week-2\/1853469336.jpg?resize=600%2C829\" width=\"600\" height=\"829\" data-recalc-dims=\"1\" \/><\/a><p id=\"caption-attachment-94788\" class=\"wp-caption-text\">Ivan Aguilar apresenta cole\u00e7\u00e3o feminina no Mercedes Benz Fashion Week<\/p><\/div>\n<div id=\"attachment_94789\" style=\"width: 610px\" class=\"wp-caption aligncenter\"><a href=\"https:\/\/i0.wp.com\/www.agrund.com\/wp-content\/uploads\/sites\/6\/2014\/01\/ivan-aguilar-apresenta-colecao-feminina-no-mercedes-benz-fashion-week-3.jpg\"><img aria-describedby=\"caption-attachment-94789\" data-attachment-id=\"94789\" data-permalink=\"https:\/\/agrund.com\/index.php\/ivan-aguilar-apresenta-colecao-feminina-no-mercedes-benz-fashion-week\/ivan-aguilar-apresenta-colecao-feminina-no-mercedes-benz-fashion-week-3\/\" data-orig-file=\"https:\/\/i0.wp.com\/agrund.com\/wp-content\/uploads\/sites\/6\/2014\/01\/ivan-aguilar-apresenta-colecao-feminina-no-mercedes-benz-fashion-week-3.jpg?fit=600%2C829&amp;ssl=1\" data-orig-size=\"600,829\" data-comments-opened=\"1\" data-image-meta=\"{&quot;aperture&quot;:&quot;0&quot;,&quot;credit&quot;:&quot;&quot;,&quot;camera&quot;:&quot;&quot;,&quot;caption&quot;:&quot;&quot;,&quot;created_timestamp&quot;:&quot;0&quot;,&quot;copyright&quot;:&quot;&quot;,&quot;focal_length&quot;:&quot;0&quot;,&quot;iso&quot;:&quot;0&quot;,&quot;shutter_speed&quot;:&quot;0&quot;,&quot;title&quot;:&quot;&quot;}\" data-image-title=\"ivan-aguilar-apresenta-colecao-feminina-no-mercedes-benz-fashion-week (3)\" data-image-description=\"\" data-image-caption=\"&lt;p&gt;Ivan Aguilar apresenta cole\u00e7\u00e3o feminina no Mercedes Benz Fashion Week&lt;\/p&gt;\n\" data-medium-file=\"https:\/\/i0.wp.com\/agrund.com\/wp-content\/uploads\/sites\/6\/2014\/01\/ivan-aguilar-apresenta-colecao-feminina-no-mercedes-benz-fashion-week-3.jpg?fit=217%2C300&amp;ssl=1\" data-large-file=\"https:\/\/i0.wp.com\/agrund.com\/wp-content\/uploads\/sites\/6\/2014\/01\/ivan-aguilar-apresenta-colecao-feminina-no-mercedes-benz-fashion-week-3.jpg?fit=600%2C829&amp;ssl=1\" decoding=\"async\" loading=\"lazy\" class=\"size-large wp-image-94789\" alt=\"Ivan Aguilar apresenta cole\u00e7\u00e3o feminina no Mercedes Benz Fashion Week\" src=\"https:\/\/i0.wp.com\/www.agrund.com\/wp-content\/uploads\/sites\/6\/cache\/2014\/01\/ivan-aguilar-apresenta-colecao-feminina-no-mercedes-benz-fashion-week-3\/2731782662.jpg?resize=600%2C829\" width=\"600\" height=\"829\" data-recalc-dims=\"1\" \/><\/a><p id=\"caption-attachment-94789\" class=\"wp-caption-text\">Ivan Aguilar apresenta cole\u00e7\u00e3o feminina no Mercedes Benz Fashion Week<\/p><\/div>\n<div id=\"attachment_94790\" style=\"width: 610px\" class=\"wp-caption aligncenter\"><a href=\"https:\/\/i0.wp.com\/www.agrund.com\/wp-content\/uploads\/sites\/6\/2014\/01\/ivan-aguilar-apresenta-colecao-feminina-no-mercedes-benz-fashion-week-4.jpg\"><img aria-describedby=\"caption-attachment-94790\" data-attachment-id=\"94790\" data-permalink=\"https:\/\/agrund.com\/index.php\/ivan-aguilar-apresenta-colecao-feminina-no-mercedes-benz-fashion-week\/ivan-aguilar-apresenta-colecao-feminina-no-mercedes-benz-fashion-week-4\/\" data-orig-file=\"https:\/\/i0.wp.com\/agrund.com\/wp-content\/uploads\/sites\/6\/2014\/01\/ivan-aguilar-apresenta-colecao-feminina-no-mercedes-benz-fashion-week-4.jpg?fit=600%2C829&amp;ssl=1\" data-orig-size=\"600,829\" data-comments-opened=\"1\" data-image-meta=\"{&quot;aperture&quot;:&quot;0&quot;,&quot;credit&quot;:&quot;&quot;,&quot;camera&quot;:&quot;&quot;,&quot;caption&quot;:&quot;&quot;,&quot;created_timestamp&quot;:&quot;0&quot;,&quot;copyright&quot;:&quot;&quot;,&quot;focal_length&quot;:&quot;0&quot;,&quot;iso&quot;:&quot;0&quot;,&quot;shutter_speed&quot;:&quot;0&quot;,&quot;title&quot;:&quot;&quot;}\" data-image-title=\"ivan-aguilar-apresenta-colecao-feminina-no-mercedes-benz-fashion-week (4)\" data-image-description=\"\" data-image-caption=\"&lt;p&gt;Ivan Aguilar apresenta cole\u00e7\u00e3o feminina no Mercedes Benz Fashion Week&lt;\/p&gt;\n\" data-medium-file=\"https:\/\/i0.wp.com\/agrund.com\/wp-content\/uploads\/sites\/6\/2014\/01\/ivan-aguilar-apresenta-colecao-feminina-no-mercedes-benz-fashion-week-4.jpg?fit=217%2C300&amp;ssl=1\" data-large-file=\"https:\/\/i0.wp.com\/agrund.com\/wp-content\/uploads\/sites\/6\/2014\/01\/ivan-aguilar-apresenta-colecao-feminina-no-mercedes-benz-fashion-week-4.jpg?fit=600%2C829&amp;ssl=1\" decoding=\"async\" loading=\"lazy\" class=\"size-large wp-image-94790\" alt=\"Ivan Aguilar apresenta cole\u00e7\u00e3o feminina no Mercedes Benz Fashion Week\" src=\"https:\/\/i0.wp.com\/www.agrund.com\/wp-content\/uploads\/sites\/6\/cache\/2014\/01\/ivan-aguilar-apresenta-colecao-feminina-no-mercedes-benz-fashion-week-4\/2820061983.jpg?resize=600%2C829\" width=\"600\" height=\"829\" data-recalc-dims=\"1\" \/><\/a><p id=\"caption-attachment-94790\" class=\"wp-caption-text\">Ivan Aguilar apresenta cole\u00e7\u00e3o feminina no Mercedes Benz Fashion Week<\/p><\/div>\n<div id=\"attachment_94791\" style=\"width: 610px\" class=\"wp-caption aligncenter\"><a href=\"https:\/\/i0.wp.com\/www.agrund.com\/wp-content\/uploads\/sites\/6\/2014\/01\/ivan-aguilar-apresenta-colecao-feminina-no-mercedes-benz-fashion-week-5.jpg\"><img aria-describedby=\"caption-attachment-94791\" data-attachment-id=\"94791\" data-permalink=\"https:\/\/agrund.com\/index.php\/ivan-aguilar-apresenta-colecao-feminina-no-mercedes-benz-fashion-week\/ivan-aguilar-apresenta-colecao-feminina-no-mercedes-benz-fashion-week-5\/\" data-orig-file=\"https:\/\/i0.wp.com\/agrund.com\/wp-content\/uploads\/sites\/6\/2014\/01\/ivan-aguilar-apresenta-colecao-feminina-no-mercedes-benz-fashion-week-5.jpg?fit=600%2C829&amp;ssl=1\" data-orig-size=\"600,829\" data-comments-opened=\"1\" data-image-meta=\"{&quot;aperture&quot;:&quot;0&quot;,&quot;credit&quot;:&quot;&quot;,&quot;camera&quot;:&quot;&quot;,&quot;caption&quot;:&quot;&quot;,&quot;created_timestamp&quot;:&quot;0&quot;,&quot;copyright&quot;:&quot;&quot;,&quot;focal_length&quot;:&quot;0&quot;,&quot;iso&quot;:&quot;0&quot;,&quot;shutter_speed&quot;:&quot;0&quot;,&quot;title&quot;:&quot;&quot;}\" data-image-title=\"ivan-aguilar-apresenta-colecao-feminina-no-mercedes-benz-fashion-week (5)\" data-image-description=\"\" data-image-caption=\"&lt;p&gt;Ivan Aguilar apresenta cole\u00e7\u00e3o feminina no Mercedes Benz Fashion Week&lt;\/p&gt;\n\" data-medium-file=\"https:\/\/i0.wp.com\/agrund.com\/wp-content\/uploads\/sites\/6\/2014\/01\/ivan-aguilar-apresenta-colecao-feminina-no-mercedes-benz-fashion-week-5.jpg?fit=217%2C300&amp;ssl=1\" data-large-file=\"https:\/\/i0.wp.com\/agrund.com\/wp-content\/uploads\/sites\/6\/2014\/01\/ivan-aguilar-apresenta-colecao-feminina-no-mercedes-benz-fashion-week-5.jpg?fit=600%2C829&amp;ssl=1\" decoding=\"async\" loading=\"lazy\" class=\"size-large wp-image-94791\" alt=\"Ivan Aguilar apresenta cole\u00e7\u00e3o feminina no Mercedes Benz Fashion Week\" src=\"https:\/\/i0.wp.com\/www.agrund.com\/wp-content\/uploads\/sites\/6\/cache\/2014\/01\/ivan-aguilar-apresenta-colecao-feminina-no-mercedes-benz-fashion-week-5\/1690090369.jpg?resize=600%2C829\" width=\"600\" height=\"829\" data-recalc-dims=\"1\" \/><\/a><p id=\"caption-attachment-94791\" class=\"wp-caption-text\">Ivan Aguilar apresenta cole\u00e7\u00e3o feminina no Mercedes Benz Fashion Week<\/p><\/div>\n<p>Imagens: Divulga\u00e7\u00e3o.<\/p>\n","protected":false},"excerpt":{"rendered":"<p>O estilista capixaba Ivan Aguilar, conhecido por sua alfaiataria de luxo voltada para homens, estreia sua primeira cole\u00e7\u00e3o feminina na cultuada semana de moda de Nova York, depois de 20 anos de carreira. Seu outono\/inverno \u00e9 inspirado na arquitetura urbana de Barcelona, na arte barroca e nos minerais e pedras preciosas do solo brasileiro. A [&hellip;]<\/p>\n","protected":false},"author":1,"featured_media":94792,"comment_status":"open","ping_status":"open","sticky":false,"template":"","format":"standard","meta":{"jetpack_post_was_ever_published":false,"_jetpack_newsletter_access":"","jetpack_publicize_message":"","jetpack_is_tweetstorm":false,"jetpack_publicize_feature_enabled":true,"jetpack_social_post_already_shared":true,"jetpack_social_options":{"image_generator_settings":{"template":"highway","enabled":false}}},"categories":[2],"tags":[],"jetpack_publicize_connections":[],"jetpack_featured_media_url":"https:\/\/i0.wp.com\/agrund.com\/wp-content\/uploads\/sites\/6\/2014\/01\/slide163.jpg?fit=960%2C300&ssl=1","jetpack_sharing_enabled":true,"jetpack_shortlink":"https:\/\/wp.me\/p3Hz0n-oEN","jetpack_likes_enabled":true,"_links":{"self":[{"href":"https:\/\/agrund.com\/index.php\/wp-json\/wp\/v2\/posts\/94785"}],"collection":[{"href":"https:\/\/agrund.com\/index.php\/wp-json\/wp\/v2\/posts"}],"about":[{"href":"https:\/\/agrund.com\/index.php\/wp-json\/wp\/v2\/types\/post"}],"author":[{"embeddable":true,"href":"https:\/\/agrund.com\/index.php\/wp-json\/wp\/v2\/users\/1"}],"replies":[{"embeddable":true,"href":"https:\/\/agrund.com\/index.php\/wp-json\/wp\/v2\/comments?post=94785"}],"version-history":[{"count":0,"href":"https:\/\/agrund.com\/index.php\/wp-json\/wp\/v2\/posts\/94785\/revisions"}],"wp:featuredmedia":[{"embeddable":true,"href":"https:\/\/agrund.com\/index.php\/wp-json\/wp\/v2\/media\/94792"}],"wp:attachment":[{"href":"https:\/\/agrund.com\/index.php\/wp-json\/wp\/v2\/media?parent=94785"}],"wp:term":[{"taxonomy":"category","embeddable":true,"href":"https:\/\/agrund.com\/index.php\/wp-json\/wp\/v2\/categories?post=94785"},{"taxonomy":"post_tag","embeddable":true,"href":"https:\/\/agrund.com\/index.php\/wp-json\/wp\/v2\/tags?post=94785"}],"curies":[{"name":"wp","href":"https:\/\/api.w.org\/{rel}","templated":true}]}}