{"id":94780,"date":"2014-01-28T18:00:07","date_gmt":"2014-01-28T20:00:07","guid":{"rendered":"http:\/\/www.agrund.com\/?p=94780"},"modified":"2014-01-28T11:14:55","modified_gmt":"2014-01-28T13:14:55","slug":"sabrina-sato-assina-colecao-de-oculos-para-a-iteywear","status":"publish","type":"post","link":"https:\/\/agrund.com\/index.php\/sabrina-sato-assina-colecao-de-oculos-para-a-iteywear\/","title":{"rendered":"Sabrina Sato assina cole\u00e7\u00e3o de \u00f3culos para a it!eywear"},"content":{"rendered":"<p>A nova marca de \u00f3culos de grau e solar it!eywear, lan\u00e7ada pelo Golden Vision Optical Group, fechou uma parceria com Sabrina Sato, que assina a primeira cole\u00e7\u00e3o e protagoniza a campanha de lan\u00e7amento. A marca se inspirou no comportamento jovem, cheio de espontaneidade e atitude que vira moda, atrai e instiga.<\/p>\n<p>A cole\u00e7\u00e3o traz pe\u00e7as exclusivas e faz releitura de modelos consagrados como aviador e gatinho. O tema da linha de lan\u00e7amento, intitulada &#8220;Espelho, espelho meu&#8221;, \u00e9 inspirado na hist\u00f3ria mitol\u00f3gica de Narciso- um lindo jovem, filho do deus-rio, que se apaixonou pela pr\u00f3pria imagem refletida na superf\u00edcie da \u00e1gua.<\/p>\n<p>O cen\u00e1rio foi completamente espelhado, o que deixou o ambiente clean e ao mesmo tempo brilhante, dando um ar ainda mais luxuoso e beleza \u00e0 campanha que voc\u00ea pode ver aqui:<br \/>\n<span class=\"embed-youtube\" style=\"text-align:center; display: block;\"><iframe loading=\"lazy\" class=\"youtube-player\" width=\"640\" height=\"360\" src=\"https:\/\/www.youtube.com\/embed\/m-i9JST8lgE?version=3&#038;rel=1&#038;showsearch=0&#038;showinfo=1&#038;iv_load_policy=1&#038;fs=1&#038;hl=pt-BR&#038;autohide=2&#038;wmode=transparent\" allowfullscreen=\"true\" style=\"border:0;\" sandbox=\"allow-scripts allow-same-origin allow-popups allow-presentation\"><\/iframe><\/span><\/p>\n<div id=\"attachment_94781\" style=\"width: 610px\" class=\"wp-caption aligncenter\"><a href=\"https:\/\/i0.wp.com\/www.agrund.com\/wp-content\/uploads\/sites\/6\/2014\/01\/sabrina-sato-assina-colecao-de-oculos-para-a-iteywear-1.jpg\"><img aria-describedby=\"caption-attachment-94781\" data-attachment-id=\"94781\" data-permalink=\"https:\/\/agrund.com\/index.php\/sabrina-sato-assina-colecao-de-oculos-para-a-iteywear\/sabrina-sato-assina-colecao-de-oculos-para-a-iteywear-1\/\" data-orig-file=\"https:\/\/i0.wp.com\/agrund.com\/wp-content\/uploads\/sites\/6\/2014\/01\/sabrina-sato-assina-colecao-de-oculos-para-a-iteywear-1.jpg?fit=600%2C450&amp;ssl=1\" data-orig-size=\"600,450\" data-comments-opened=\"1\" data-image-meta=\"{&quot;aperture&quot;:&quot;0&quot;,&quot;credit&quot;:&quot;&quot;,&quot;camera&quot;:&quot;&quot;,&quot;caption&quot;:&quot;&quot;,&quot;created_timestamp&quot;:&quot;0&quot;,&quot;copyright&quot;:&quot;&quot;,&quot;focal_length&quot;:&quot;0&quot;,&quot;iso&quot;:&quot;0&quot;,&quot;shutter_speed&quot;:&quot;0&quot;,&quot;title&quot;:&quot;&quot;}\" data-image-title=\"sabrina-sato-assina-colecao-de-oculos-para-a-iteywear (1)\" data-image-description=\"\" data-image-caption=\"&lt;p&gt;Sabrina Sato assina cole\u00e7\u00e3o de \u00f3culos para a it!eywear&lt;\/p&gt;\n\" data-medium-file=\"https:\/\/i0.wp.com\/agrund.com\/wp-content\/uploads\/sites\/6\/2014\/01\/sabrina-sato-assina-colecao-de-oculos-para-a-iteywear-1.jpg?fit=300%2C225&amp;ssl=1\" data-large-file=\"https:\/\/i0.wp.com\/agrund.com\/wp-content\/uploads\/sites\/6\/2014\/01\/sabrina-sato-assina-colecao-de-oculos-para-a-iteywear-1.jpg?fit=600%2C450&amp;ssl=1\" decoding=\"async\" loading=\"lazy\" class=\"size-large wp-image-94781\" alt=\"Sabrina Sato assina cole\u00e7\u00e3o de \u00f3culos para a it!eywear\" src=\"https:\/\/i0.wp.com\/www.agrund.com\/wp-content\/uploads\/sites\/6\/cache\/2014\/01\/sabrina-sato-assina-colecao-de-oculos-para-a-iteywear-1\/3514466341.jpg?resize=600%2C450\" width=\"600\" height=\"450\" data-recalc-dims=\"1\" \/><\/a><p id=\"caption-attachment-94781\" class=\"wp-caption-text\">Sabrina Sato assina cole\u00e7\u00e3o de \u00f3culos para a it!eywear<\/p><\/div>\n<div id=\"attachment_94782\" style=\"width: 610px\" class=\"wp-caption aligncenter\"><a href=\"https:\/\/i0.wp.com\/www.agrund.com\/wp-content\/uploads\/sites\/6\/2014\/01\/sabrina-sato-assina-colecao-de-oculos-para-a-iteywear-2.jpg\"><img aria-describedby=\"caption-attachment-94782\" data-attachment-id=\"94782\" data-permalink=\"https:\/\/agrund.com\/index.php\/sabrina-sato-assina-colecao-de-oculos-para-a-iteywear\/sabrina-sato-assina-colecao-de-oculos-para-a-iteywear-2\/\" data-orig-file=\"https:\/\/i0.wp.com\/agrund.com\/wp-content\/uploads\/sites\/6\/2014\/01\/sabrina-sato-assina-colecao-de-oculos-para-a-iteywear-2.jpg?fit=600%2C801&amp;ssl=1\" data-orig-size=\"600,801\" data-comments-opened=\"1\" data-image-meta=\"{&quot;aperture&quot;:&quot;0&quot;,&quot;credit&quot;:&quot;&quot;,&quot;camera&quot;:&quot;&quot;,&quot;caption&quot;:&quot;&quot;,&quot;created_timestamp&quot;:&quot;0&quot;,&quot;copyright&quot;:&quot;&quot;,&quot;focal_length&quot;:&quot;0&quot;,&quot;iso&quot;:&quot;0&quot;,&quot;shutter_speed&quot;:&quot;0&quot;,&quot;title&quot;:&quot;&quot;}\" data-image-title=\"sabrina-sato-assina-colecao-de-oculos-para-a-iteywear (2)\" data-image-description=\"\" data-image-caption=\"&lt;p&gt;Sabrina Sato assina cole\u00e7\u00e3o de \u00f3culos para a it!eywear&lt;\/p&gt;\n\" data-medium-file=\"https:\/\/i0.wp.com\/agrund.com\/wp-content\/uploads\/sites\/6\/2014\/01\/sabrina-sato-assina-colecao-de-oculos-para-a-iteywear-2.jpg?fit=224%2C300&amp;ssl=1\" data-large-file=\"https:\/\/i0.wp.com\/agrund.com\/wp-content\/uploads\/sites\/6\/2014\/01\/sabrina-sato-assina-colecao-de-oculos-para-a-iteywear-2.jpg?fit=600%2C801&amp;ssl=1\" decoding=\"async\" loading=\"lazy\" class=\"size-large wp-image-94782\" alt=\"Sabrina Sato assina cole\u00e7\u00e3o de \u00f3culos para a it!eywear\" src=\"https:\/\/i0.wp.com\/www.agrund.com\/wp-content\/uploads\/sites\/6\/cache\/2014\/01\/sabrina-sato-assina-colecao-de-oculos-para-a-iteywear-2\/1609926598.jpg?resize=600%2C801\" width=\"600\" height=\"801\" data-recalc-dims=\"1\" \/><\/a><p id=\"caption-attachment-94782\" class=\"wp-caption-text\">Sabrina Sato assina cole\u00e7\u00e3o de \u00f3culos para a it!eywear<\/p><\/div>\n<p>Imagens e V\u00eddeo: Divulga\u00e7\u00e3o.<\/p>\n","protected":false},"excerpt":{"rendered":"<p>A nova marca de \u00f3culos de grau e solar it!eywear, lan\u00e7ada pelo Golden Vision Optical Group, fechou uma parceria com Sabrina Sato, que assina a primeira cole\u00e7\u00e3o e protagoniza a campanha de lan\u00e7amento. A marca se inspirou no comportamento jovem, cheio de espontaneidade e atitude que vira moda, atrai e instiga. A cole\u00e7\u00e3o traz pe\u00e7as [&hellip;]<\/p>\n","protected":false},"author":1,"featured_media":94783,"comment_status":"open","ping_status":"open","sticky":false,"template":"","format":"standard","meta":{"jetpack_post_was_ever_published":false,"_jetpack_newsletter_access":"","jetpack_publicize_message":"","jetpack_is_tweetstorm":false,"jetpack_publicize_feature_enabled":true,"jetpack_social_post_already_shared":true,"jetpack_social_options":{"image_generator_settings":{"template":"highway","enabled":false}}},"categories":[2],"tags":[],"jetpack_publicize_connections":[],"jetpack_featured_media_url":"https:\/\/i0.wp.com\/agrund.com\/wp-content\/uploads\/sites\/6\/2014\/01\/slidesabrina.jpg?fit=960%2C300&ssl=1","jetpack_sharing_enabled":true,"jetpack_shortlink":"https:\/\/wp.me\/p3Hz0n-oEI","jetpack_likes_enabled":true,"_links":{"self":[{"href":"https:\/\/agrund.com\/index.php\/wp-json\/wp\/v2\/posts\/94780"}],"collection":[{"href":"https:\/\/agrund.com\/index.php\/wp-json\/wp\/v2\/posts"}],"about":[{"href":"https:\/\/agrund.com\/index.php\/wp-json\/wp\/v2\/types\/post"}],"author":[{"embeddable":true,"href":"https:\/\/agrund.com\/index.php\/wp-json\/wp\/v2\/users\/1"}],"replies":[{"embeddable":true,"href":"https:\/\/agrund.com\/index.php\/wp-json\/wp\/v2\/comments?post=94780"}],"version-history":[{"count":0,"href":"https:\/\/agrund.com\/index.php\/wp-json\/wp\/v2\/posts\/94780\/revisions"}],"wp:featuredmedia":[{"embeddable":true,"href":"https:\/\/agrund.com\/index.php\/wp-json\/wp\/v2\/media\/94783"}],"wp:attachment":[{"href":"https:\/\/agrund.com\/index.php\/wp-json\/wp\/v2\/media?parent=94780"}],"wp:term":[{"taxonomy":"category","embeddable":true,"href":"https:\/\/agrund.com\/index.php\/wp-json\/wp\/v2\/categories?post=94780"},{"taxonomy":"post_tag","embeddable":true,"href":"https:\/\/agrund.com\/index.php\/wp-json\/wp\/v2\/tags?post=94780"}],"curies":[{"name":"wp","href":"https:\/\/api.w.org\/{rel}","templated":true}]}}