{"id":94757,"date":"2014-01-28T12:00:57","date_gmt":"2014-01-28T14:00:57","guid":{"rendered":"http:\/\/www.agrund.com\/?p=94757"},"modified":"2014-01-28T11:07:00","modified_gmt":"2014-01-28T13:07:00","slug":"grammy-algumas-arrasaram-no-tapete-vermelho-outras-deviam-ter-ficado-em-casa","status":"publish","type":"post","link":"https:\/\/agrund.com\/index.php\/grammy-algumas-arrasaram-no-tapete-vermelho-outras-deviam-ter-ficado-em-casa\/","title":{"rendered":"Grammy :: Algumas arrasaram no Tapete Vermelho, outras deviam ter ficado em casa"},"content":{"rendered":"<p>As entregas de pr\u00eamios internacionais s\u00e3o focos de toda a m\u00eddia, principalmente aquelas que s\u00e3o direcionadas para a moda. O fato \u00e9 que os tapetes vermelhos acabam virando desfiles de bom gosto ou de p\u00e9ssimo gosto. Por isso que selecionei para voc\u00eas os melhores looks e aqueles que n\u00e3o deveriam ter sa\u00eddo de casa. Vamos come\u00e7ar!<\/p>\n<p>Madonna est\u00e1 na lista das pessoas que n\u00e3o entram em lista alguma. Por isso ela e seu filho David Banda, de 8 anos, que inclusive opinou sobre qual look ele e sua m\u00e3e usaram, est\u00e3o na categoria Hors-Concours. O terno Ralph Lauren Collection tem uma pegada meio gangster com muita personalidade. No caso dela a luva bordada e a bengala para apoiar seu p\u00e9 machucado deram um charme. O look mini gangster de David arrasou e tamb\u00e9m era Ralph Lauren.<\/p>\n<div id=\"attachment_94772\" style=\"width: 610px\" class=\"wp-caption aligncenter\"><a href=\"https:\/\/i0.wp.com\/www.agrund.com\/wp-content\/uploads\/sites\/6\/2014\/01\/Top-Madonna-e-david-de-Ralph-Lauren-Collections.jpg\"><img aria-describedby=\"caption-attachment-94772\" data-attachment-id=\"94772\" data-permalink=\"https:\/\/agrund.com\/index.php\/grammy-algumas-arrasaram-no-tapete-vermelho-outras-deviam-ter-ficado-em-casa\/top-madonna-e-david-de-ralph-lauren-collections\/\" data-orig-file=\"https:\/\/i0.wp.com\/agrund.com\/wp-content\/uploads\/sites\/6\/2014\/01\/Top-Madonna-e-david-de-Ralph-Lauren-Collections.jpg?fit=600%2C969&amp;ssl=1\" data-orig-size=\"600,969\" data-comments-opened=\"1\" data-image-meta=\"{&quot;aperture&quot;:&quot;0&quot;,&quot;credit&quot;:&quot;&quot;,&quot;camera&quot;:&quot;&quot;,&quot;caption&quot;:&quot;&quot;,&quot;created_timestamp&quot;:&quot;0&quot;,&quot;copyright&quot;:&quot;&quot;,&quot;focal_length&quot;:&quot;0&quot;,&quot;iso&quot;:&quot;0&quot;,&quot;shutter_speed&quot;:&quot;0&quot;,&quot;title&quot;:&quot;&quot;}\" data-image-title=\"Madonna e David Banda\" data-image-description=\"\" data-image-caption=\"&lt;p&gt;Madonna e David Banda&lt;\/p&gt;\n\" data-medium-file=\"https:\/\/i0.wp.com\/agrund.com\/wp-content\/uploads\/sites\/6\/2014\/01\/Top-Madonna-e-david-de-Ralph-Lauren-Collections.jpg?fit=185%2C300&amp;ssl=1\" data-large-file=\"https:\/\/i0.wp.com\/agrund.com\/wp-content\/uploads\/sites\/6\/2014\/01\/Top-Madonna-e-david-de-Ralph-Lauren-Collections.jpg?fit=600%2C969&amp;ssl=1\" decoding=\"async\" loading=\"lazy\" class=\"size-large wp-image-94772\" alt=\"Madonna e David Banda\" src=\"https:\/\/i0.wp.com\/www.agrund.com\/wp-content\/uploads\/sites\/6\/cache\/2014\/01\/Top-Madonna-e-david-de-Ralph-Lauren-Collections\/806550131.jpg?resize=600%2C969\" width=\"600\" height=\"969\" data-recalc-dims=\"1\" \/><\/a><p id=\"caption-attachment-94772\" class=\"wp-caption-text\">Madonna e David Banda<\/p><\/div>\n<p>Agora sim a rela\u00e7\u00e3o de quem arrasou e de quem escorregou na casca de banana!<br \/>\nEm primeir\u00edssimo lugar, a super cantora Taylor Swift com seu vestido de malha de metal Gucci Premiere. Detalhes nas costas tamb\u00e9m deixavam o look sexy. Com um vestido que foi apresentado semana passada na temporada de alta costura em Paris, Katy Perry surgiu num belo vestido Valentino inspirado na \u00f3pera italiana La Traviata de Verdi e foram gastas 1600 horas de bordado.<\/p>\n<div id=\"attachment_94758\" style=\"width: 610px\" class=\"wp-caption aligncenter\"><a href=\"https:\/\/i0.wp.com\/www.agrund.com\/wp-content\/uploads\/sites\/6\/2014\/01\/foto-1-4.jpg\"><img aria-describedby=\"caption-attachment-94758\" data-attachment-id=\"94758\" data-permalink=\"https:\/\/agrund.com\/index.php\/grammy-algumas-arrasaram-no-tapete-vermelho-outras-deviam-ter-ficado-em-casa\/foto-1-4-2\/\" data-orig-file=\"https:\/\/i0.wp.com\/agrund.com\/wp-content\/uploads\/sites\/6\/2014\/01\/foto-1-4.jpg?fit=600%2C600&amp;ssl=1\" data-orig-size=\"600,600\" data-comments-opened=\"1\" data-image-meta=\"{&quot;aperture&quot;:&quot;0&quot;,&quot;credit&quot;:&quot;&quot;,&quot;camera&quot;:&quot;&quot;,&quot;caption&quot;:&quot;&quot;,&quot;created_timestamp&quot;:&quot;0&quot;,&quot;copyright&quot;:&quot;&quot;,&quot;focal_length&quot;:&quot;0&quot;,&quot;iso&quot;:&quot;0&quot;,&quot;shutter_speed&quot;:&quot;0&quot;,&quot;title&quot;:&quot;&quot;}\" data-image-title=\"Taylor Swift e Katy Perry\" data-image-description=\"\" data-image-caption=\"&lt;p&gt;Taylor Swift e Katy Perry&lt;\/p&gt;\n\" data-medium-file=\"https:\/\/i0.wp.com\/agrund.com\/wp-content\/uploads\/sites\/6\/2014\/01\/foto-1-4.jpg?fit=300%2C300&amp;ssl=1\" data-large-file=\"https:\/\/i0.wp.com\/agrund.com\/wp-content\/uploads\/sites\/6\/2014\/01\/foto-1-4.jpg?fit=600%2C600&amp;ssl=1\" decoding=\"async\" loading=\"lazy\" class=\"size-large wp-image-94758\" alt=\"Taylor Swift e Katy Perry\" src=\"https:\/\/i0.wp.com\/www.agrund.com\/wp-content\/uploads\/sites\/6\/cache\/2014\/01\/foto-1-4\/1442086902.jpg?resize=600%2C600\" width=\"600\" height=\"600\" data-recalc-dims=\"1\" \/><\/a><p id=\"caption-attachment-94758\" class=\"wp-caption-text\">Taylor Swift e Katy Perry<\/p><\/div>\n<p>Depois, Kacey Musgraves apareceu num estruturado, mas pr\u00f3ximo ao corpo Armani Prive. Os babados eram mais chapados e n\u00e3o adicionavam volume. O tom de p\u00eassego foi valorizado pelo bordado embutido no tecido. Sofisticado e adequado! A apresentadora Giuliana Rancic optou por um sensual vestido de Alex Perry. O laranja valoriza seu tom de pele e os detalhes em transpar\u00eancia tamb\u00e9m deixam o seu visual mais sensual.<\/p>\n<div id=\"attachment_94759\" style=\"width: 610px\" class=\"wp-caption aligncenter\"><a href=\"https:\/\/i0.wp.com\/www.agrund.com\/wp-content\/uploads\/sites\/6\/2014\/01\/foto-2-3.jpg\"><img aria-describedby=\"caption-attachment-94759\" data-attachment-id=\"94759\" data-permalink=\"https:\/\/agrund.com\/index.php\/grammy-algumas-arrasaram-no-tapete-vermelho-outras-deviam-ter-ficado-em-casa\/foto-2-3\/\" data-orig-file=\"https:\/\/i0.wp.com\/agrund.com\/wp-content\/uploads\/sites\/6\/2014\/01\/foto-2-3.jpg?fit=600%2C600&amp;ssl=1\" data-orig-size=\"600,600\" data-comments-opened=\"1\" data-image-meta=\"{&quot;aperture&quot;:&quot;0&quot;,&quot;credit&quot;:&quot;&quot;,&quot;camera&quot;:&quot;&quot;,&quot;caption&quot;:&quot;&quot;,&quot;created_timestamp&quot;:&quot;0&quot;,&quot;copyright&quot;:&quot;&quot;,&quot;focal_length&quot;:&quot;0&quot;,&quot;iso&quot;:&quot;0&quot;,&quot;shutter_speed&quot;:&quot;0&quot;,&quot;title&quot;:&quot;&quot;}\" data-image-title=\"Kacey Musgraves  e Giuliana Rancic\" data-image-description=\"\" data-image-caption=\"&lt;p&gt;Kacey Musgraves  e Giuliana Rancic&lt;\/p&gt;\n\" data-medium-file=\"https:\/\/i0.wp.com\/agrund.com\/wp-content\/uploads\/sites\/6\/2014\/01\/foto-2-3.jpg?fit=300%2C300&amp;ssl=1\" data-large-file=\"https:\/\/i0.wp.com\/agrund.com\/wp-content\/uploads\/sites\/6\/2014\/01\/foto-2-3.jpg?fit=600%2C600&amp;ssl=1\" decoding=\"async\" loading=\"lazy\" class=\"size-large wp-image-94759\" alt=\"Kacey Musgraves  e Giuliana Rancic\" src=\"https:\/\/i0.wp.com\/www.agrund.com\/wp-content\/uploads\/sites\/6\/cache\/2014\/01\/foto-2-3\/3020344812.jpg?resize=600%2C600\" width=\"600\" height=\"600\" data-recalc-dims=\"1\" \/><\/a><p id=\"caption-attachment-94759\" class=\"wp-caption-text\">Kacey Musgraves e Giuliana Rancic<\/p><\/div>\n<p>As jovens tamb\u00e9m t\u00eam vez no tapete vermelho. A apresentadora do Fashion Police Kelly Osbourne escolheu um preto de Badgley Mischka. O detalhe nos ombros chama aten\u00e7\u00e3o para o divertido rosto da filha de Ozzy Osbourne. J\u00e1 Sarah Hyland foi de Emilio Pucci. Mas parecia que a garota foi para outra festa e resolveu dar uma passadinha no Grammy. Mas \u00e1s vezes \u00e9 melhor o menos do que o mais&#8230; e ela \u00e9 jovem e pode!<\/p>\n<div id=\"attachment_94760\" style=\"width: 610px\" class=\"wp-caption aligncenter\"><a href=\"https:\/\/i0.wp.com\/www.agrund.com\/wp-content\/uploads\/sites\/6\/2014\/01\/foto-3-4.jpg\"><img aria-describedby=\"caption-attachment-94760\" data-attachment-id=\"94760\" data-permalink=\"https:\/\/agrund.com\/index.php\/grammy-algumas-arrasaram-no-tapete-vermelho-outras-deviam-ter-ficado-em-casa\/foto-3-4-2\/\" data-orig-file=\"https:\/\/i0.wp.com\/agrund.com\/wp-content\/uploads\/sites\/6\/2014\/01\/foto-3-4.jpg?fit=600%2C600&amp;ssl=1\" data-orig-size=\"600,600\" data-comments-opened=\"1\" data-image-meta=\"{&quot;aperture&quot;:&quot;0&quot;,&quot;credit&quot;:&quot;&quot;,&quot;camera&quot;:&quot;&quot;,&quot;caption&quot;:&quot;&quot;,&quot;created_timestamp&quot;:&quot;0&quot;,&quot;copyright&quot;:&quot;&quot;,&quot;focal_length&quot;:&quot;0&quot;,&quot;iso&quot;:&quot;0&quot;,&quot;shutter_speed&quot;:&quot;0&quot;,&quot;title&quot;:&quot;&quot;}\" data-image-title=\"Kelly Osbourne e Sarah Hyland\" data-image-description=\"\" data-image-caption=\"&lt;p&gt;Kelly Osbourne e Sarah Hyland&lt;\/p&gt;\n\" data-medium-file=\"https:\/\/i0.wp.com\/agrund.com\/wp-content\/uploads\/sites\/6\/2014\/01\/foto-3-4.jpg?fit=300%2C300&amp;ssl=1\" data-large-file=\"https:\/\/i0.wp.com\/agrund.com\/wp-content\/uploads\/sites\/6\/2014\/01\/foto-3-4.jpg?fit=600%2C600&amp;ssl=1\" decoding=\"async\" loading=\"lazy\" class=\"size-large wp-image-94760\" alt=\"Kelly Osbourne e Sarah Hyland\" src=\"https:\/\/i0.wp.com\/www.agrund.com\/wp-content\/uploads\/sites\/6\/cache\/2014\/01\/foto-3-4\/1359065035.jpg?resize=600%2C600\" width=\"600\" height=\"600\" data-recalc-dims=\"1\" \/><\/a><p id=\"caption-attachment-94760\" class=\"wp-caption-text\">Kelly Osbourne e Sarah Hyland<\/p><\/div>\n<p>Dif\u00edcil dizer o que achei do vestido de Paris Hilton. O modelo da Haus of Milani valoriza as curvas da milion\u00e1ria, mas parece que falta uma atitude adequada. Um toque de vulgaridade pode colocar por \u00e1gua abaixo sua produ\u00e7\u00e3o. J\u00e1 Skylar Grey usou um vestido de couro Michael Costello, que vestiu muitas celebridades na cerim\u00f4nia. Mas gente, tinha algo de errado a\u00ed. Parecia que ela estava embalada a v\u00e1cuo com algumas fases de respiro como as janelas geom\u00e9tricas.<\/p>\n<div id=\"attachment_94761\" style=\"width: 610px\" class=\"wp-caption aligncenter\"><a href=\"https:\/\/i0.wp.com\/www.agrund.com\/wp-content\/uploads\/sites\/6\/2014\/01\/foto-4-4.jpg\"><img aria-describedby=\"caption-attachment-94761\" data-attachment-id=\"94761\" data-permalink=\"https:\/\/agrund.com\/index.php\/grammy-algumas-arrasaram-no-tapete-vermelho-outras-deviam-ter-ficado-em-casa\/foto-4-4-2\/\" data-orig-file=\"https:\/\/i0.wp.com\/agrund.com\/wp-content\/uploads\/sites\/6\/2014\/01\/foto-4-4.jpg?fit=600%2C600&amp;ssl=1\" data-orig-size=\"600,600\" data-comments-opened=\"1\" data-image-meta=\"{&quot;aperture&quot;:&quot;0&quot;,&quot;credit&quot;:&quot;&quot;,&quot;camera&quot;:&quot;&quot;,&quot;caption&quot;:&quot;&quot;,&quot;created_timestamp&quot;:&quot;0&quot;,&quot;copyright&quot;:&quot;&quot;,&quot;focal_length&quot;:&quot;0&quot;,&quot;iso&quot;:&quot;0&quot;,&quot;shutter_speed&quot;:&quot;0&quot;,&quot;title&quot;:&quot;&quot;}\" data-image-title=\"Paris Hilton e Skylar Grey\" data-image-description=\"\" data-image-caption=\"&lt;p&gt;Paris Hilton e Skylar Grey&lt;\/p&gt;\n\" data-medium-file=\"https:\/\/i0.wp.com\/agrund.com\/wp-content\/uploads\/sites\/6\/2014\/01\/foto-4-4.jpg?fit=300%2C300&amp;ssl=1\" data-large-file=\"https:\/\/i0.wp.com\/agrund.com\/wp-content\/uploads\/sites\/6\/2014\/01\/foto-4-4.jpg?fit=600%2C600&amp;ssl=1\" decoding=\"async\" loading=\"lazy\" class=\"size-large wp-image-94761\" alt=\"Paris Hilton e Skylar Grey\" src=\"https:\/\/i0.wp.com\/www.agrund.com\/wp-content\/uploads\/sites\/6\/cache\/2014\/01\/foto-4-4\/3017651378.jpg?resize=600%2C600\" width=\"600\" height=\"600\" data-recalc-dims=\"1\" \/><\/a><p id=\"caption-attachment-94761\" class=\"wp-caption-text\">Paris Hilton e Skylar Grey<\/p><\/div>\n<p>E por fim, parece que tem gente que sai de casa com o intuito de chocar. Ou melhor, de mostrar que uma roupa pode acabar com seu visual. No caso Kaya Jones se perdeu nas fendas e transpar\u00eancias. Ja Fantasia Barrino com um vestido de Isabel Toledo que mais parecia o primo menos abastado do Armani Priv\u00e9 de Cate Blanchett no Globo de Ouro. Vamos repensar nas pr\u00f3ximas produ\u00e7\u00f5es garotas?<\/p>\n<div id=\"attachment_94762\" style=\"width: 610px\" class=\"wp-caption aligncenter\"><a href=\"https:\/\/i0.wp.com\/www.agrund.com\/wp-content\/uploads\/sites\/6\/2014\/01\/foto-5-2.jpg\"><img aria-describedby=\"caption-attachment-94762\" data-attachment-id=\"94762\" data-permalink=\"https:\/\/agrund.com\/index.php\/grammy-algumas-arrasaram-no-tapete-vermelho-outras-deviam-ter-ficado-em-casa\/foto-5-2\/\" data-orig-file=\"https:\/\/i0.wp.com\/agrund.com\/wp-content\/uploads\/sites\/6\/2014\/01\/foto-5-2.jpg?fit=600%2C600&amp;ssl=1\" data-orig-size=\"600,600\" data-comments-opened=\"1\" data-image-meta=\"{&quot;aperture&quot;:&quot;0&quot;,&quot;credit&quot;:&quot;&quot;,&quot;camera&quot;:&quot;&quot;,&quot;caption&quot;:&quot;&quot;,&quot;created_timestamp&quot;:&quot;0&quot;,&quot;copyright&quot;:&quot;&quot;,&quot;focal_length&quot;:&quot;0&quot;,&quot;iso&quot;:&quot;0&quot;,&quot;shutter_speed&quot;:&quot;0&quot;,&quot;title&quot;:&quot;&quot;}\" data-image-title=\"Kaya Jones e Fantasia Barrino\" data-image-description=\"\" data-image-caption=\"&lt;p&gt;Kaya Jones e Fantasia Barrino&lt;\/p&gt;\n\" data-medium-file=\"https:\/\/i0.wp.com\/agrund.com\/wp-content\/uploads\/sites\/6\/2014\/01\/foto-5-2.jpg?fit=300%2C300&amp;ssl=1\" data-large-file=\"https:\/\/i0.wp.com\/agrund.com\/wp-content\/uploads\/sites\/6\/2014\/01\/foto-5-2.jpg?fit=600%2C600&amp;ssl=1\" decoding=\"async\" loading=\"lazy\" class=\"size-large wp-image-94762\" alt=\"Kaya Jones e Fantasia Barrino\" src=\"https:\/\/i0.wp.com\/www.agrund.com\/wp-content\/uploads\/sites\/6\/cache\/2014\/01\/foto-5-2\/2591086091.jpg?resize=600%2C600\" width=\"600\" height=\"600\" data-recalc-dims=\"1\" \/><\/a><p id=\"caption-attachment-94762\" class=\"wp-caption-text\">Kaya Jones e Fantasia Barrino<\/p><\/div>\n<p>E veja o tapete vermelho para os homens aqui no agrund.com tamb\u00e9m!<\/p>\n<p>Imagens: Reprodu\u00e7\u00e3o.<\/p>\n","protected":false},"excerpt":{"rendered":"<p>As entregas de pr\u00eamios internacionais s\u00e3o focos de toda a m\u00eddia, principalmente aquelas que s\u00e3o direcionadas para a moda. O fato \u00e9 que os tapetes vermelhos acabam virando desfiles de bom gosto ou de p\u00e9ssimo gosto. Por isso que selecionei para voc\u00eas os melhores looks e aqueles que n\u00e3o deveriam ter sa\u00eddo de casa. Vamos [&hellip;]<\/p>\n","protected":false},"author":1,"featured_media":94763,"comment_status":"open","ping_status":"open","sticky":false,"template":"","format":"standard","meta":{"jetpack_post_was_ever_published":false,"_jetpack_newsletter_access":"","jetpack_publicize_message":"","jetpack_is_tweetstorm":false,"jetpack_publicize_feature_enabled":true,"jetpack_social_post_already_shared":true,"jetpack_social_options":{"image_generator_settings":{"template":"highway","enabled":false}}},"categories":[2],"tags":[],"jetpack_publicize_connections":[],"jetpack_featured_media_url":"https:\/\/i0.wp.com\/agrund.com\/wp-content\/uploads\/sites\/6\/2014\/01\/slidetay.jpg?fit=960%2C300&ssl=1","jetpack_sharing_enabled":true,"jetpack_shortlink":"https:\/\/wp.me\/p3Hz0n-oEl","jetpack_likes_enabled":true,"_links":{"self":[{"href":"https:\/\/agrund.com\/index.php\/wp-json\/wp\/v2\/posts\/94757"}],"collection":[{"href":"https:\/\/agrund.com\/index.php\/wp-json\/wp\/v2\/posts"}],"about":[{"href":"https:\/\/agrund.com\/index.php\/wp-json\/wp\/v2\/types\/post"}],"author":[{"embeddable":true,"href":"https:\/\/agrund.com\/index.php\/wp-json\/wp\/v2\/users\/1"}],"replies":[{"embeddable":true,"href":"https:\/\/agrund.com\/index.php\/wp-json\/wp\/v2\/comments?post=94757"}],"version-history":[{"count":0,"href":"https:\/\/agrund.com\/index.php\/wp-json\/wp\/v2\/posts\/94757\/revisions"}],"wp:featuredmedia":[{"embeddable":true,"href":"https:\/\/agrund.com\/index.php\/wp-json\/wp\/v2\/media\/94763"}],"wp:attachment":[{"href":"https:\/\/agrund.com\/index.php\/wp-json\/wp\/v2\/media?parent=94757"}],"wp:term":[{"taxonomy":"category","embeddable":true,"href":"https:\/\/agrund.com\/index.php\/wp-json\/wp\/v2\/categories?post=94757"},{"taxonomy":"post_tag","embeddable":true,"href":"https:\/\/agrund.com\/index.php\/wp-json\/wp\/v2\/tags?post=94757"}],"curies":[{"name":"wp","href":"https:\/\/api.w.org\/{rel}","templated":true}]}}