{"id":94751,"date":"2014-01-28T17:00:25","date_gmt":"2014-01-28T19:00:25","guid":{"rendered":"http:\/\/www.agrund.com\/?p=94751"},"modified":"2014-01-28T09:56:34","modified_gmt":"2014-01-28T11:56:34","slug":"tenha-estilo-dicas-curtas-flores-na-cabeca-iv","status":"publish","type":"post","link":"https:\/\/agrund.com\/index.php\/tenha-estilo-dicas-curtas-flores-na-cabeca-iv\/","title":{"rendered":"Tenha Estilo :: Dicas Curtas \u2013 Flores na cabe\u00e7a IV"},"content":{"rendered":"<p>Por fim, com a proximidade do Carnaval, dos bailes e blocos de rua, o acess\u00f3rio de cabe\u00e7a com flores e folhas pode reinar nos dias de folia. Claro que voc\u00ea j\u00e1 sabe como usar no seu dia-a-dia. J\u00e1 para o Carnaval, o que vale mesmo \u00e9 voc\u00ea se divertir. Quer ver mais? Fale com juanamoura@hotmail.com<\/p>\n<div id=\"attachment_94752\" style=\"width: 560px\" class=\"wp-caption aligncenter\"><a href=\"https:\/\/i0.wp.com\/www.agrund.com\/wp-content\/uploads\/sites\/6\/2014\/01\/925.jpg\"><img aria-describedby=\"caption-attachment-94752\" data-attachment-id=\"94752\" data-permalink=\"https:\/\/agrund.com\/index.php\/tenha-estilo-dicas-curtas-flores-na-cabeca-iv\/9-54\/\" data-orig-file=\"https:\/\/i0.wp.com\/agrund.com\/wp-content\/uploads\/sites\/6\/2014\/01\/925.jpg?fit=550%2C368&amp;ssl=1\" data-orig-size=\"550,368\" data-comments-opened=\"1\" data-image-meta=\"{&quot;aperture&quot;:&quot;0&quot;,&quot;credit&quot;:&quot;&quot;,&quot;camera&quot;:&quot;&quot;,&quot;caption&quot;:&quot;&quot;,&quot;created_timestamp&quot;:&quot;0&quot;,&quot;copyright&quot;:&quot;&quot;,&quot;focal_length&quot;:&quot;0&quot;,&quot;iso&quot;:&quot;0&quot;,&quot;shutter_speed&quot;:&quot;0&quot;,&quot;title&quot;:&quot;&quot;}\" data-image-title=\"Tenha Estilo :: Dicas Curtas \u2013 Flores na cabe\u00e7a IV\" data-image-description=\"\" data-image-caption=\"&lt;p&gt;Tenha Estilo :: Dicas Curtas \u2013 Flores na cabe\u00e7a IV&lt;\/p&gt;\n\" data-medium-file=\"https:\/\/i0.wp.com\/agrund.com\/wp-content\/uploads\/sites\/6\/2014\/01\/925.jpg?fit=300%2C200&amp;ssl=1\" data-large-file=\"https:\/\/i0.wp.com\/agrund.com\/wp-content\/uploads\/sites\/6\/2014\/01\/925.jpg?fit=550%2C368&amp;ssl=1\" decoding=\"async\" loading=\"lazy\" class=\"size-large wp-image-94752\" alt=\"Tenha Estilo :: Dicas Curtas \u2013 Flores na cabe\u00e7a IV\" src=\"https:\/\/i0.wp.com\/www.agrund.com\/wp-content\/uploads\/sites\/6\/cache\/2014\/01\/925\/2082030106.jpg?resize=550%2C368\" width=\"550\" height=\"368\" data-recalc-dims=\"1\" \/><\/a><p id=\"caption-attachment-94752\" class=\"wp-caption-text\">Tenha Estilo :: Dicas Curtas \u2013 Flores na cabe\u00e7a IV<\/p><\/div>\n<div id=\"attachment_94753\" style=\"width: 560px\" class=\"wp-caption aligncenter\"><a href=\"https:\/\/i0.wp.com\/www.agrund.com\/wp-content\/uploads\/sites\/6\/2014\/01\/1025.jpg\"><img aria-describedby=\"caption-attachment-94753\" data-attachment-id=\"94753\" data-permalink=\"https:\/\/agrund.com\/index.php\/tenha-estilo-dicas-curtas-flores-na-cabeca-iv\/10-48\/\" data-orig-file=\"https:\/\/i0.wp.com\/agrund.com\/wp-content\/uploads\/sites\/6\/2014\/01\/1025.jpg?fit=550%2C593&amp;ssl=1\" data-orig-size=\"550,593\" data-comments-opened=\"1\" data-image-meta=\"{&quot;aperture&quot;:&quot;0&quot;,&quot;credit&quot;:&quot;&quot;,&quot;camera&quot;:&quot;&quot;,&quot;caption&quot;:&quot;&quot;,&quot;created_timestamp&quot;:&quot;0&quot;,&quot;copyright&quot;:&quot;&quot;,&quot;focal_length&quot;:&quot;0&quot;,&quot;iso&quot;:&quot;0&quot;,&quot;shutter_speed&quot;:&quot;0&quot;,&quot;title&quot;:&quot;&quot;}\" data-image-title=\"Tenha Estilo :: Dicas Curtas \u2013 Flores na cabe\u00e7a IV\" data-image-description=\"\" data-image-caption=\"&lt;p&gt;Tenha Estilo :: Dicas Curtas \u2013 Flores na cabe\u00e7a IV&lt;\/p&gt;\n\" data-medium-file=\"https:\/\/i0.wp.com\/agrund.com\/wp-content\/uploads\/sites\/6\/2014\/01\/1025.jpg?fit=278%2C300&amp;ssl=1\" data-large-file=\"https:\/\/i0.wp.com\/agrund.com\/wp-content\/uploads\/sites\/6\/2014\/01\/1025.jpg?fit=550%2C593&amp;ssl=1\" decoding=\"async\" loading=\"lazy\" class=\"size-large wp-image-94753\" alt=\"Tenha Estilo :: Dicas Curtas \u2013 Flores na cabe\u00e7a IV\" src=\"https:\/\/i0.wp.com\/www.agrund.com\/wp-content\/uploads\/sites\/6\/cache\/2014\/01\/1025\/1934293586.jpg?resize=550%2C593\" width=\"550\" height=\"593\" data-recalc-dims=\"1\" \/><\/a><p id=\"caption-attachment-94753\" class=\"wp-caption-text\">Tenha Estilo :: Dicas Curtas \u2013 Flores na cabe\u00e7a IV<\/p><\/div>\n<div id=\"attachment_94754\" style=\"width: 560px\" class=\"wp-caption aligncenter\"><a href=\"https:\/\/i0.wp.com\/www.agrund.com\/wp-content\/uploads\/sites\/6\/2014\/01\/1118.jpg\"><img aria-describedby=\"caption-attachment-94754\" data-attachment-id=\"94754\" data-permalink=\"https:\/\/agrund.com\/index.php\/tenha-estilo-dicas-curtas-flores-na-cabeca-iv\/11-18\/\" data-orig-file=\"https:\/\/i0.wp.com\/agrund.com\/wp-content\/uploads\/sites\/6\/2014\/01\/1118.jpg?fit=550%2C499&amp;ssl=1\" data-orig-size=\"550,499\" data-comments-opened=\"1\" data-image-meta=\"{&quot;aperture&quot;:&quot;0&quot;,&quot;credit&quot;:&quot;&quot;,&quot;camera&quot;:&quot;&quot;,&quot;caption&quot;:&quot;&quot;,&quot;created_timestamp&quot;:&quot;0&quot;,&quot;copyright&quot;:&quot;&quot;,&quot;focal_length&quot;:&quot;0&quot;,&quot;iso&quot;:&quot;0&quot;,&quot;shutter_speed&quot;:&quot;0&quot;,&quot;title&quot;:&quot;&quot;}\" data-image-title=\"Tenha Estilo :: Dicas Curtas \u2013 Flores na cabe\u00e7a IV\" data-image-description=\"\" data-image-caption=\"&lt;p&gt;Tenha Estilo :: Dicas Curtas \u2013 Flores na cabe\u00e7a IV&lt;\/p&gt;\n\" data-medium-file=\"https:\/\/i0.wp.com\/agrund.com\/wp-content\/uploads\/sites\/6\/2014\/01\/1118.jpg?fit=300%2C272&amp;ssl=1\" data-large-file=\"https:\/\/i0.wp.com\/agrund.com\/wp-content\/uploads\/sites\/6\/2014\/01\/1118.jpg?fit=550%2C499&amp;ssl=1\" decoding=\"async\" loading=\"lazy\" class=\"size-large wp-image-94754\" alt=\"Tenha Estilo :: Dicas Curtas \u2013 Flores na cabe\u00e7a IV\" src=\"https:\/\/i0.wp.com\/www.agrund.com\/wp-content\/uploads\/sites\/6\/cache\/2014\/01\/1118\/1040234616.jpg?resize=550%2C499\" width=\"550\" height=\"499\" data-recalc-dims=\"1\" \/><\/a><p id=\"caption-attachment-94754\" class=\"wp-caption-text\">Tenha Estilo :: Dicas Curtas \u2013 Flores na cabe\u00e7a IV<\/p><\/div>\n<p>Imagens: Reprodu\u00e7\u00e3o.<\/p>\n","protected":false},"excerpt":{"rendered":"<p>Por fim, com a proximidade do Carnaval, dos bailes e blocos de rua, o acess\u00f3rio de cabe\u00e7a com flores e folhas pode reinar nos dias de folia. Claro que voc\u00ea j\u00e1 sabe como usar no seu dia-a-dia. J\u00e1 para o Carnaval, o que vale mesmo \u00e9 voc\u00ea se divertir. Quer ver mais? Fale com juanamoura@hotmail.com [&hellip;]<\/p>\n","protected":false},"author":1,"featured_media":94755,"comment_status":"open","ping_status":"open","sticky":false,"template":"","format":"standard","meta":{"jetpack_post_was_ever_published":false,"_jetpack_newsletter_access":"","jetpack_publicize_message":"","jetpack_is_tweetstorm":false,"jetpack_publicize_feature_enabled":true,"jetpack_social_post_already_shared":true,"jetpack_social_options":{"image_generator_settings":{"template":"highway","enabled":false}}},"categories":[4,2],"tags":[],"jetpack_publicize_connections":[],"jetpack_featured_media_url":"https:\/\/i0.wp.com\/agrund.com\/wp-content\/uploads\/sites\/6\/2014\/01\/slide-411.jpg?fit=960%2C320&ssl=1","jetpack_sharing_enabled":true,"jetpack_shortlink":"https:\/\/wp.me\/p3Hz0n-oEf","jetpack_likes_enabled":true,"_links":{"self":[{"href":"https:\/\/agrund.com\/index.php\/wp-json\/wp\/v2\/posts\/94751"}],"collection":[{"href":"https:\/\/agrund.com\/index.php\/wp-json\/wp\/v2\/posts"}],"about":[{"href":"https:\/\/agrund.com\/index.php\/wp-json\/wp\/v2\/types\/post"}],"author":[{"embeddable":true,"href":"https:\/\/agrund.com\/index.php\/wp-json\/wp\/v2\/users\/1"}],"replies":[{"embeddable":true,"href":"https:\/\/agrund.com\/index.php\/wp-json\/wp\/v2\/comments?post=94751"}],"version-history":[{"count":0,"href":"https:\/\/agrund.com\/index.php\/wp-json\/wp\/v2\/posts\/94751\/revisions"}],"wp:featuredmedia":[{"embeddable":true,"href":"https:\/\/agrund.com\/index.php\/wp-json\/wp\/v2\/media\/94755"}],"wp:attachment":[{"href":"https:\/\/agrund.com\/index.php\/wp-json\/wp\/v2\/media?parent=94751"}],"wp:term":[{"taxonomy":"category","embeddable":true,"href":"https:\/\/agrund.com\/index.php\/wp-json\/wp\/v2\/categories?post=94751"},{"taxonomy":"post_tag","embeddable":true,"href":"https:\/\/agrund.com\/index.php\/wp-json\/wp\/v2\/tags?post=94751"}],"curies":[{"name":"wp","href":"https:\/\/api.w.org\/{rel}","templated":true}]}}