{"id":94745,"date":"2014-01-28T15:00:22","date_gmt":"2014-01-28T17:00:22","guid":{"rendered":"http:\/\/www.agrund.com\/?p=94745"},"modified":"2014-01-28T09:52:15","modified_gmt":"2014-01-28T11:52:15","slug":"tenha-estilo-dicas-curtas-flores-na-cabeca-iii","status":"publish","type":"post","link":"https:\/\/agrund.com\/index.php\/tenha-estilo-dicas-curtas-flores-na-cabeca-iii\/","title":{"rendered":"Tenha Estilo :: Dicas Curtas \u2013 Flores na cabe\u00e7a III"},"content":{"rendered":"<p>Um final de tarde na praia pode ser mais colorido do que voc\u00ea imagina. Um belo acess\u00f3rio florido pode deixar seu visual mais alegre e mais charmoso. Usar as flores com mai\u00f4 ou biqu\u00edni e saia longa pode ser uma boa alternativa para voc\u00ea arrasar nas areias da praia. Quer ver mais? Fale com juanamoura@hotmail.com.<\/p>\n<div id=\"attachment_94746\" style=\"width: 560px\" class=\"wp-caption aligncenter\"><a href=\"https:\/\/i0.wp.com\/www.agrund.com\/wp-content\/uploads\/sites\/6\/2014\/01\/642.jpg\"><img aria-describedby=\"caption-attachment-94746\" data-attachment-id=\"94746\" data-permalink=\"https:\/\/agrund.com\/index.php\/tenha-estilo-dicas-curtas-flores-na-cabeca-iii\/6-85\/\" data-orig-file=\"https:\/\/i0.wp.com\/agrund.com\/wp-content\/uploads\/sites\/6\/2014\/01\/642.jpg?fit=550%2C367&amp;ssl=1\" data-orig-size=\"550,367\" data-comments-opened=\"1\" data-image-meta=\"{&quot;aperture&quot;:&quot;0&quot;,&quot;credit&quot;:&quot;&quot;,&quot;camera&quot;:&quot;&quot;,&quot;caption&quot;:&quot;&quot;,&quot;created_timestamp&quot;:&quot;0&quot;,&quot;copyright&quot;:&quot;&quot;,&quot;focal_length&quot;:&quot;0&quot;,&quot;iso&quot;:&quot;0&quot;,&quot;shutter_speed&quot;:&quot;0&quot;,&quot;title&quot;:&quot;&quot;}\" data-image-title=\" Tenha Estilo :: Dicas Curtas \u2013 Flores na cabe\u00e7a III\" data-image-description=\"\" data-image-caption=\"&lt;p&gt; Tenha Estilo :: Dicas Curtas \u2013 Flores na cabe\u00e7a III&lt;\/p&gt;\n\" data-medium-file=\"https:\/\/i0.wp.com\/agrund.com\/wp-content\/uploads\/sites\/6\/2014\/01\/642.jpg?fit=300%2C200&amp;ssl=1\" data-large-file=\"https:\/\/i0.wp.com\/agrund.com\/wp-content\/uploads\/sites\/6\/2014\/01\/642.jpg?fit=550%2C367&amp;ssl=1\" decoding=\"async\" loading=\"lazy\" class=\"size-large wp-image-94746\" alt=\" Tenha Estilo :: Dicas Curtas \u2013 Flores na cabe\u00e7a III\" src=\"https:\/\/i0.wp.com\/www.agrund.com\/wp-content\/uploads\/sites\/6\/cache\/2014\/01\/642\/4107102468.jpg?resize=550%2C367\" width=\"550\" height=\"367\" data-recalc-dims=\"1\" \/><\/a><p id=\"caption-attachment-94746\" class=\"wp-caption-text\">Tenha Estilo :: Dicas Curtas \u2013 Flores na cabe\u00e7a III<\/p><\/div>\n<div id=\"attachment_94747\" style=\"width: 560px\" class=\"wp-caption aligncenter\"><a href=\"https:\/\/i0.wp.com\/www.agrund.com\/wp-content\/uploads\/sites\/6\/2014\/01\/741.jpg\"><img aria-describedby=\"caption-attachment-94747\" data-attachment-id=\"94747\" data-permalink=\"https:\/\/agrund.com\/index.php\/tenha-estilo-dicas-curtas-flores-na-cabeca-iii\/7-81\/\" data-orig-file=\"https:\/\/i0.wp.com\/agrund.com\/wp-content\/uploads\/sites\/6\/2014\/01\/741.jpg?fit=550%2C499&amp;ssl=1\" data-orig-size=\"550,499\" data-comments-opened=\"1\" data-image-meta=\"{&quot;aperture&quot;:&quot;0&quot;,&quot;credit&quot;:&quot;&quot;,&quot;camera&quot;:&quot;&quot;,&quot;caption&quot;:&quot;&quot;,&quot;created_timestamp&quot;:&quot;0&quot;,&quot;copyright&quot;:&quot;&quot;,&quot;focal_length&quot;:&quot;0&quot;,&quot;iso&quot;:&quot;0&quot;,&quot;shutter_speed&quot;:&quot;0&quot;,&quot;title&quot;:&quot;&quot;}\" data-image-title=\" Tenha Estilo :: Dicas Curtas \u2013 Flores na cabe\u00e7a III\" data-image-description=\"\" data-image-caption=\"&lt;p&gt; Tenha Estilo :: Dicas Curtas \u2013 Flores na cabe\u00e7a III&lt;\/p&gt;\n\" data-medium-file=\"https:\/\/i0.wp.com\/agrund.com\/wp-content\/uploads\/sites\/6\/2014\/01\/741.jpg?fit=300%2C272&amp;ssl=1\" data-large-file=\"https:\/\/i0.wp.com\/agrund.com\/wp-content\/uploads\/sites\/6\/2014\/01\/741.jpg?fit=550%2C499&amp;ssl=1\" decoding=\"async\" loading=\"lazy\" class=\"size-large wp-image-94747\" alt=\" Tenha Estilo :: Dicas Curtas \u2013 Flores na cabe\u00e7a III\" src=\"https:\/\/i0.wp.com\/www.agrund.com\/wp-content\/uploads\/sites\/6\/cache\/2014\/01\/741\/2508195289.jpg?resize=550%2C499\" width=\"550\" height=\"499\" data-recalc-dims=\"1\" \/><\/a><p id=\"caption-attachment-94747\" class=\"wp-caption-text\">Tenha Estilo :: Dicas Curtas \u2013 Flores na cabe\u00e7a III<\/p><\/div>\n<div id=\"attachment_94748\" style=\"width: 560px\" class=\"wp-caption aligncenter\"><a href=\"https:\/\/i0.wp.com\/www.agrund.com\/wp-content\/uploads\/sites\/6\/2014\/01\/839.jpg\"><img aria-describedby=\"caption-attachment-94748\" data-attachment-id=\"94748\" data-permalink=\"https:\/\/agrund.com\/index.php\/tenha-estilo-dicas-curtas-flores-na-cabeca-iii\/8-77\/\" data-orig-file=\"https:\/\/i0.wp.com\/agrund.com\/wp-content\/uploads\/sites\/6\/2014\/01\/839.jpg?fit=550%2C473&amp;ssl=1\" data-orig-size=\"550,473\" data-comments-opened=\"1\" data-image-meta=\"{&quot;aperture&quot;:&quot;0&quot;,&quot;credit&quot;:&quot;&quot;,&quot;camera&quot;:&quot;&quot;,&quot;caption&quot;:&quot;&quot;,&quot;created_timestamp&quot;:&quot;0&quot;,&quot;copyright&quot;:&quot;&quot;,&quot;focal_length&quot;:&quot;0&quot;,&quot;iso&quot;:&quot;0&quot;,&quot;shutter_speed&quot;:&quot;0&quot;,&quot;title&quot;:&quot;&quot;}\" data-image-title=\" Tenha Estilo :: Dicas Curtas \u2013 Flores na cabe\u00e7a III\" data-image-description=\"\" data-image-caption=\"&lt;p&gt; Tenha Estilo :: Dicas Curtas \u2013 Flores na cabe\u00e7a III&lt;\/p&gt;\n\" data-medium-file=\"https:\/\/i0.wp.com\/agrund.com\/wp-content\/uploads\/sites\/6\/2014\/01\/839.jpg?fit=300%2C258&amp;ssl=1\" data-large-file=\"https:\/\/i0.wp.com\/agrund.com\/wp-content\/uploads\/sites\/6\/2014\/01\/839.jpg?fit=550%2C473&amp;ssl=1\" decoding=\"async\" loading=\"lazy\" class=\"size-large wp-image-94748\" alt=\" Tenha Estilo :: Dicas Curtas \u2013 Flores na cabe\u00e7a III\" src=\"https:\/\/i0.wp.com\/www.agrund.com\/wp-content\/uploads\/sites\/6\/cache\/2014\/01\/839\/3540985896.jpg?resize=550%2C473\" width=\"550\" height=\"473\" data-recalc-dims=\"1\" \/><\/a><p id=\"caption-attachment-94748\" class=\"wp-caption-text\">Tenha Estilo :: Dicas Curtas \u2013 Flores na cabe\u00e7a III<\/p><\/div>\n<p>&nbsp;<\/p>\n<p>Imagens: Reprodu\u00e7\u00e3o<\/p>\n","protected":false},"excerpt":{"rendered":"<p>Um final de tarde na praia pode ser mais colorido do que voc\u00ea imagina. Um belo acess\u00f3rio florido pode deixar seu visual mais alegre e mais charmoso. Usar as flores com mai\u00f4 ou biqu\u00edni e saia longa pode ser uma boa alternativa para voc\u00ea arrasar nas areias da praia. Quer ver mais? Fale com juanamoura@hotmail.com. [&hellip;]<\/p>\n","protected":false},"author":1,"featured_media":94749,"comment_status":"open","ping_status":"open","sticky":false,"template":"","format":"standard","meta":{"jetpack_post_was_ever_published":false,"_jetpack_newsletter_access":"","jetpack_publicize_message":"","jetpack_is_tweetstorm":false,"jetpack_publicize_feature_enabled":true,"jetpack_social_post_already_shared":true,"jetpack_social_options":{"image_generator_settings":{"template":"highway","enabled":false}}},"categories":[4,2],"tags":[],"jetpack_publicize_connections":[],"jetpack_featured_media_url":"https:\/\/i0.wp.com\/agrund.com\/wp-content\/uploads\/sites\/6\/2014\/01\/slide-36.jpg?fit=960%2C318&ssl=1","jetpack_sharing_enabled":true,"jetpack_shortlink":"https:\/\/wp.me\/p3Hz0n-oE9","jetpack_likes_enabled":true,"_links":{"self":[{"href":"https:\/\/agrund.com\/index.php\/wp-json\/wp\/v2\/posts\/94745"}],"collection":[{"href":"https:\/\/agrund.com\/index.php\/wp-json\/wp\/v2\/posts"}],"about":[{"href":"https:\/\/agrund.com\/index.php\/wp-json\/wp\/v2\/types\/post"}],"author":[{"embeddable":true,"href":"https:\/\/agrund.com\/index.php\/wp-json\/wp\/v2\/users\/1"}],"replies":[{"embeddable":true,"href":"https:\/\/agrund.com\/index.php\/wp-json\/wp\/v2\/comments?post=94745"}],"version-history":[{"count":0,"href":"https:\/\/agrund.com\/index.php\/wp-json\/wp\/v2\/posts\/94745\/revisions"}],"wp:featuredmedia":[{"embeddable":true,"href":"https:\/\/agrund.com\/index.php\/wp-json\/wp\/v2\/media\/94749"}],"wp:attachment":[{"href":"https:\/\/agrund.com\/index.php\/wp-json\/wp\/v2\/media?parent=94745"}],"wp:term":[{"taxonomy":"category","embeddable":true,"href":"https:\/\/agrund.com\/index.php\/wp-json\/wp\/v2\/categories?post=94745"},{"taxonomy":"post_tag","embeddable":true,"href":"https:\/\/agrund.com\/index.php\/wp-json\/wp\/v2\/tags?post=94745"}],"curies":[{"name":"wp","href":"https:\/\/api.w.org\/{rel}","templated":true}]}}