{"id":94739,"date":"2014-01-28T13:00:28","date_gmt":"2014-01-28T15:00:28","guid":{"rendered":"http:\/\/www.agrund.com\/?p=94739"},"modified":"2014-01-28T09:47:15","modified_gmt":"2014-01-28T11:47:15","slug":"tenha-estilo-dicas-curtas-flores-na-cabeca-ii","status":"publish","type":"post","link":"https:\/\/agrund.com\/index.php\/tenha-estilo-dicas-curtas-flores-na-cabeca-ii\/","title":{"rendered":"Tenha Estilo :: Dicas Curtas \u2013 Flores na cabe\u00e7a II"},"content":{"rendered":"<p>A designer de acess\u00f3rios Juana Moura criou algumas pe\u00e7as que t\u00eam a identidade tropical que esse adere\u00e7o pede. No seu dia-a-dia procure usar com roupas mais b\u00e1sicas e veraneias. A\u00ed voc\u00ea pode ousar e abusar das cores e texturas. Quer ver mais? Fale com juanamoura@hotmail.com<\/p>\n<div id=\"attachment_94740\" style=\"width: 560px\" class=\"wp-caption aligncenter\"><a href=\"https:\/\/i0.wp.com\/www.agrund.com\/wp-content\/uploads\/sites\/6\/2014\/01\/343.jpg\"><img aria-describedby=\"caption-attachment-94740\" data-attachment-id=\"94740\" data-permalink=\"https:\/\/agrund.com\/index.php\/tenha-estilo-dicas-curtas-flores-na-cabeca-ii\/3-90\/\" data-orig-file=\"https:\/\/i0.wp.com\/agrund.com\/wp-content\/uploads\/sites\/6\/2014\/01\/343.jpg?fit=550%2C554&amp;ssl=1\" data-orig-size=\"550,554\" data-comments-opened=\"1\" data-image-meta=\"{&quot;aperture&quot;:&quot;0&quot;,&quot;credit&quot;:&quot;&quot;,&quot;camera&quot;:&quot;&quot;,&quot;caption&quot;:&quot;&quot;,&quot;created_timestamp&quot;:&quot;0&quot;,&quot;copyright&quot;:&quot;&quot;,&quot;focal_length&quot;:&quot;0&quot;,&quot;iso&quot;:&quot;0&quot;,&quot;shutter_speed&quot;:&quot;0&quot;,&quot;title&quot;:&quot;&quot;}\" data-image-title=\"Tenha Estilo :: Dicas Curtas \u2013 Flores na cabe\u00e7a II\" data-image-description=\"\" data-image-caption=\"&lt;p&gt;Tenha Estilo :: Dicas Curtas \u2013 Flores na cabe\u00e7a II&lt;\/p&gt;\n\" data-medium-file=\"https:\/\/i0.wp.com\/agrund.com\/wp-content\/uploads\/sites\/6\/2014\/01\/343.jpg?fit=297%2C300&amp;ssl=1\" data-large-file=\"https:\/\/i0.wp.com\/agrund.com\/wp-content\/uploads\/sites\/6\/2014\/01\/343.jpg?fit=550%2C554&amp;ssl=1\" decoding=\"async\" loading=\"lazy\" class=\"size-large wp-image-94740\" alt=\"Tenha Estilo :: Dicas Curtas \u2013 Flores na cabe\u00e7a II\" src=\"https:\/\/i0.wp.com\/www.agrund.com\/wp-content\/uploads\/sites\/6\/cache\/2014\/01\/343\/3729695454.jpg?resize=550%2C554\" width=\"550\" height=\"554\" data-recalc-dims=\"1\" \/><\/a><p id=\"caption-attachment-94740\" class=\"wp-caption-text\">Tenha Estilo :: Dicas Curtas \u2013 Flores na cabe\u00e7a II<\/p><\/div>\n<div id=\"attachment_94741\" style=\"width: 560px\" class=\"wp-caption aligncenter\"><a href=\"https:\/\/i0.wp.com\/www.agrund.com\/wp-content\/uploads\/sites\/6\/2014\/01\/444.jpg\"><img aria-describedby=\"caption-attachment-94741\" data-attachment-id=\"94741\" data-permalink=\"https:\/\/agrund.com\/index.php\/tenha-estilo-dicas-curtas-flores-na-cabeca-ii\/4-88\/\" data-orig-file=\"https:\/\/i0.wp.com\/agrund.com\/wp-content\/uploads\/sites\/6\/2014\/01\/444.jpg?fit=550%2C611&amp;ssl=1\" data-orig-size=\"550,611\" data-comments-opened=\"1\" data-image-meta=\"{&quot;aperture&quot;:&quot;0&quot;,&quot;credit&quot;:&quot;&quot;,&quot;camera&quot;:&quot;&quot;,&quot;caption&quot;:&quot;&quot;,&quot;created_timestamp&quot;:&quot;0&quot;,&quot;copyright&quot;:&quot;&quot;,&quot;focal_length&quot;:&quot;0&quot;,&quot;iso&quot;:&quot;0&quot;,&quot;shutter_speed&quot;:&quot;0&quot;,&quot;title&quot;:&quot;&quot;}\" data-image-title=\"Tenha Estilo :: Dicas Curtas \u2013 Flores na cabe\u00e7a II\" data-image-description=\"\" data-image-caption=\"&lt;p&gt;Tenha Estilo :: Dicas Curtas \u2013 Flores na cabe\u00e7a II&lt;\/p&gt;\n\" data-medium-file=\"https:\/\/i0.wp.com\/agrund.com\/wp-content\/uploads\/sites\/6\/2014\/01\/444.jpg?fit=270%2C300&amp;ssl=1\" data-large-file=\"https:\/\/i0.wp.com\/agrund.com\/wp-content\/uploads\/sites\/6\/2014\/01\/444.jpg?fit=550%2C611&amp;ssl=1\" decoding=\"async\" loading=\"lazy\" class=\"size-large wp-image-94741\" alt=\"Tenha Estilo :: Dicas Curtas \u2013 Flores na cabe\u00e7a II\" src=\"https:\/\/i0.wp.com\/www.agrund.com\/wp-content\/uploads\/sites\/6\/cache\/2014\/01\/444\/911716542.jpg?resize=550%2C611\" width=\"550\" height=\"611\" data-recalc-dims=\"1\" \/><\/a><p id=\"caption-attachment-94741\" class=\"wp-caption-text\">Tenha Estilo :: Dicas Curtas \u2013 Flores na cabe\u00e7a II<\/p><\/div>\n<div id=\"attachment_94742\" style=\"width: 560px\" class=\"wp-caption aligncenter\"><a href=\"https:\/\/i0.wp.com\/www.agrund.com\/wp-content\/uploads\/sites\/6\/2014\/01\/544.jpg\"><img aria-describedby=\"caption-attachment-94742\" data-attachment-id=\"94742\" data-permalink=\"https:\/\/agrund.com\/index.php\/tenha-estilo-dicas-curtas-flores-na-cabeca-ii\/5-88\/\" data-orig-file=\"https:\/\/i0.wp.com\/agrund.com\/wp-content\/uploads\/sites\/6\/2014\/01\/544.jpg?fit=550%2C532&amp;ssl=1\" data-orig-size=\"550,532\" data-comments-opened=\"1\" data-image-meta=\"{&quot;aperture&quot;:&quot;0&quot;,&quot;credit&quot;:&quot;&quot;,&quot;camera&quot;:&quot;&quot;,&quot;caption&quot;:&quot;&quot;,&quot;created_timestamp&quot;:&quot;0&quot;,&quot;copyright&quot;:&quot;&quot;,&quot;focal_length&quot;:&quot;0&quot;,&quot;iso&quot;:&quot;0&quot;,&quot;shutter_speed&quot;:&quot;0&quot;,&quot;title&quot;:&quot;&quot;}\" data-image-title=\"Tenha Estilo :: Dicas Curtas \u2013 Flores na cabe\u00e7a II\" data-image-description=\"\" data-image-caption=\"&lt;p&gt;Tenha Estilo :: Dicas Curtas \u2013 Flores na cabe\u00e7a II&lt;\/p&gt;\n\" data-medium-file=\"https:\/\/i0.wp.com\/agrund.com\/wp-content\/uploads\/sites\/6\/2014\/01\/544.jpg?fit=300%2C290&amp;ssl=1\" data-large-file=\"https:\/\/i0.wp.com\/agrund.com\/wp-content\/uploads\/sites\/6\/2014\/01\/544.jpg?fit=550%2C532&amp;ssl=1\" decoding=\"async\" loading=\"lazy\" class=\"size-large wp-image-94742\" alt=\"Tenha Estilo :: Dicas Curtas \u2013 Flores na cabe\u00e7a II\" src=\"https:\/\/i0.wp.com\/www.agrund.com\/wp-content\/uploads\/sites\/6\/cache\/2014\/01\/544\/3650476928.jpg?resize=550%2C532\" width=\"550\" height=\"532\" data-recalc-dims=\"1\" \/><\/a><p id=\"caption-attachment-94742\" class=\"wp-caption-text\">Tenha Estilo :: Dicas Curtas \u2013 Flores na cabe\u00e7a II<\/p><\/div>\n<p>Imagens: Reprodu\u00e7\u00e3o.<\/p>\n","protected":false},"excerpt":{"rendered":"<p>A designer de acess\u00f3rios Juana Moura criou algumas pe\u00e7as que t\u00eam a identidade tropical que esse adere\u00e7o pede. No seu dia-a-dia procure usar com roupas mais b\u00e1sicas e veraneias. A\u00ed voc\u00ea pode ousar e abusar das cores e texturas. Quer ver mais? Fale com juanamoura@hotmail.com Imagens: Reprodu\u00e7\u00e3o.<\/p>\n","protected":false},"author":1,"featured_media":94743,"comment_status":"open","ping_status":"open","sticky":false,"template":"","format":"standard","meta":{"jetpack_post_was_ever_published":false,"_jetpack_newsletter_access":"","jetpack_publicize_message":"","jetpack_is_tweetstorm":false,"jetpack_publicize_feature_enabled":true,"jetpack_social_post_already_shared":true,"jetpack_social_options":{"image_generator_settings":{"template":"highway","enabled":false}}},"categories":[4,2],"tags":[],"jetpack_publicize_connections":[],"jetpack_featured_media_url":"https:\/\/i0.wp.com\/agrund.com\/wp-content\/uploads\/sites\/6\/2014\/01\/slide-26.jpg?fit=960%2C320&ssl=1","jetpack_sharing_enabled":true,"jetpack_shortlink":"https:\/\/wp.me\/p3Hz0n-oE3","jetpack_likes_enabled":true,"_links":{"self":[{"href":"https:\/\/agrund.com\/index.php\/wp-json\/wp\/v2\/posts\/94739"}],"collection":[{"href":"https:\/\/agrund.com\/index.php\/wp-json\/wp\/v2\/posts"}],"about":[{"href":"https:\/\/agrund.com\/index.php\/wp-json\/wp\/v2\/types\/post"}],"author":[{"embeddable":true,"href":"https:\/\/agrund.com\/index.php\/wp-json\/wp\/v2\/users\/1"}],"replies":[{"embeddable":true,"href":"https:\/\/agrund.com\/index.php\/wp-json\/wp\/v2\/comments?post=94739"}],"version-history":[{"count":0,"href":"https:\/\/agrund.com\/index.php\/wp-json\/wp\/v2\/posts\/94739\/revisions"}],"wp:featuredmedia":[{"embeddable":true,"href":"https:\/\/agrund.com\/index.php\/wp-json\/wp\/v2\/media\/94743"}],"wp:attachment":[{"href":"https:\/\/agrund.com\/index.php\/wp-json\/wp\/v2\/media?parent=94739"}],"wp:term":[{"taxonomy":"category","embeddable":true,"href":"https:\/\/agrund.com\/index.php\/wp-json\/wp\/v2\/categories?post=94739"},{"taxonomy":"post_tag","embeddable":true,"href":"https:\/\/agrund.com\/index.php\/wp-json\/wp\/v2\/tags?post=94739"}],"curies":[{"name":"wp","href":"https:\/\/api.w.org\/{rel}","templated":true}]}}