{"id":94733,"date":"2014-01-28T11:00:14","date_gmt":"2014-01-28T13:00:14","guid":{"rendered":"http:\/\/www.agrund.com\/?p=94733"},"modified":"2014-01-28T09:42:21","modified_gmt":"2014-01-28T11:42:21","slug":"tenha-estilo-dicas-curtas-flores-na-cabeca-i","status":"publish","type":"post","link":"https:\/\/agrund.com\/index.php\/tenha-estilo-dicas-curtas-flores-na-cabeca-i\/","title":{"rendered":"Tenha Estilo :: Dicas Curtas \u2013 Flores na cabe\u00e7a I"},"content":{"rendered":"<p>Uma verdadeira febre que toma conta da cabe\u00e7a da turma descolada nesse ver\u00e3o s\u00e3o os adere\u00e7os de flores. Em sua maioria em forma de coroa de flores. A primeira epidemia que presenciei foi em Buenos Aires, no final de 2013. Talvez, pela banaliza\u00e7\u00e3o do acess\u00f3rio, ele tenha perdido seu charme. Mas que bom que sempre tem uma solu\u00e7\u00e3o para tudo isso. Veja que legal essas dicas para alegrar seu dia-a-dia.<\/p>\n<div id=\"attachment_94735\" style=\"width: 560px\" class=\"wp-caption aligncenter\"><a href=\"https:\/\/i0.wp.com\/www.agrund.com\/wp-content\/uploads\/sites\/6\/2014\/01\/155.jpg\"><img aria-describedby=\"caption-attachment-94735\" data-attachment-id=\"94735\" data-permalink=\"https:\/\/agrund.com\/index.php\/tenha-estilo-dicas-curtas-flores-na-cabeca-i\/1-102\/\" data-orig-file=\"https:\/\/i0.wp.com\/agrund.com\/wp-content\/uploads\/sites\/6\/2014\/01\/155.jpg?fit=550%2C787&amp;ssl=1\" data-orig-size=\"550,787\" data-comments-opened=\"1\" data-image-meta=\"{&quot;aperture&quot;:&quot;0&quot;,&quot;credit&quot;:&quot;&quot;,&quot;camera&quot;:&quot;&quot;,&quot;caption&quot;:&quot;&quot;,&quot;created_timestamp&quot;:&quot;0&quot;,&quot;copyright&quot;:&quot;&quot;,&quot;focal_length&quot;:&quot;0&quot;,&quot;iso&quot;:&quot;0&quot;,&quot;shutter_speed&quot;:&quot;0&quot;,&quot;title&quot;:&quot;&quot;}\" data-image-title=\"Tenha Estilo :: Dicas Curtas \u2013 Flores na cabe\u00e7a I\" data-image-description=\"\" data-image-caption=\"&lt;p&gt;Tenha Estilo :: Dicas Curtas \u2013 Flores na cabe\u00e7a I&lt;\/p&gt;\n\" data-medium-file=\"https:\/\/i0.wp.com\/agrund.com\/wp-content\/uploads\/sites\/6\/2014\/01\/155.jpg?fit=209%2C300&amp;ssl=1\" data-large-file=\"https:\/\/i0.wp.com\/agrund.com\/wp-content\/uploads\/sites\/6\/2014\/01\/155.jpg?fit=550%2C787&amp;ssl=1\" decoding=\"async\" loading=\"lazy\" class=\"size-large wp-image-94735\" alt=\"Tenha Estilo :: Dicas Curtas \u2013 Flores na cabe\u00e7a I\" src=\"https:\/\/i0.wp.com\/www.agrund.com\/wp-content\/uploads\/sites\/6\/cache\/2014\/01\/155\/196046631.jpg?resize=550%2C787\" width=\"550\" height=\"787\" data-recalc-dims=\"1\" \/><\/a><p id=\"caption-attachment-94735\" class=\"wp-caption-text\">Tenha Estilo :: Dicas Curtas \u2013 Flores na cabe\u00e7a I<\/p><\/div>\n<div id=\"attachment_94736\" style=\"width: 560px\" class=\"wp-caption aligncenter\"><a href=\"https:\/\/i0.wp.com\/www.agrund.com\/wp-content\/uploads\/sites\/6\/2014\/01\/244.jpg\"><img aria-describedby=\"caption-attachment-94736\" data-attachment-id=\"94736\" data-permalink=\"https:\/\/agrund.com\/index.php\/tenha-estilo-dicas-curtas-flores-na-cabeca-i\/2-93\/\" data-orig-file=\"https:\/\/i0.wp.com\/agrund.com\/wp-content\/uploads\/sites\/6\/2014\/01\/244.jpg?fit=550%2C604&amp;ssl=1\" data-orig-size=\"550,604\" data-comments-opened=\"1\" data-image-meta=\"{&quot;aperture&quot;:&quot;0&quot;,&quot;credit&quot;:&quot;&quot;,&quot;camera&quot;:&quot;&quot;,&quot;caption&quot;:&quot;&quot;,&quot;created_timestamp&quot;:&quot;0&quot;,&quot;copyright&quot;:&quot;&quot;,&quot;focal_length&quot;:&quot;0&quot;,&quot;iso&quot;:&quot;0&quot;,&quot;shutter_speed&quot;:&quot;0&quot;,&quot;title&quot;:&quot;&quot;}\" data-image-title=\"Tenha Estilo :: Dicas Curtas \u2013 Flores na cabe\u00e7a I\" data-image-description=\"\" data-image-caption=\"&lt;p&gt;Tenha Estilo :: Dicas Curtas \u2013 Flores na cabe\u00e7a I&lt;\/p&gt;\n\" data-medium-file=\"https:\/\/i0.wp.com\/agrund.com\/wp-content\/uploads\/sites\/6\/2014\/01\/244.jpg?fit=273%2C300&amp;ssl=1\" data-large-file=\"https:\/\/i0.wp.com\/agrund.com\/wp-content\/uploads\/sites\/6\/2014\/01\/244.jpg?fit=550%2C604&amp;ssl=1\" decoding=\"async\" loading=\"lazy\" class=\"size-large wp-image-94736\" alt=\"Tenha Estilo :: Dicas Curtas \u2013 Flores na cabe\u00e7a I\" src=\"https:\/\/i0.wp.com\/www.agrund.com\/wp-content\/uploads\/sites\/6\/cache\/2014\/01\/244\/994689273.jpg?resize=550%2C604\" width=\"550\" height=\"604\" data-recalc-dims=\"1\" \/><\/a><p id=\"caption-attachment-94736\" class=\"wp-caption-text\">Tenha Estilo :: Dicas Curtas \u2013 Flores na cabe\u00e7a I<\/p><\/div>\n<p>Imagem: Reprodu\u00e7\u00e3o<\/p>\n<p>&nbsp;<\/p>\n","protected":false},"excerpt":{"rendered":"<p>Uma verdadeira febre que toma conta da cabe\u00e7a da turma descolada nesse ver\u00e3o s\u00e3o os adere\u00e7os de flores. Em sua maioria em forma de coroa de flores. A primeira epidemia que presenciei foi em Buenos Aires, no final de 2013. Talvez, pela banaliza\u00e7\u00e3o do acess\u00f3rio, ele tenha perdido seu charme. Mas que bom que sempre [&hellip;]<\/p>\n","protected":false},"author":1,"featured_media":94737,"comment_status":"open","ping_status":"open","sticky":false,"template":"","format":"standard","meta":{"jetpack_post_was_ever_published":false,"_jetpack_newsletter_access":"","jetpack_publicize_message":"","jetpack_is_tweetstorm":false,"jetpack_publicize_feature_enabled":true,"jetpack_social_post_already_shared":true,"jetpack_social_options":{"image_generator_settings":{"template":"highway","enabled":false}}},"categories":[4,2],"tags":[],"jetpack_publicize_connections":[],"jetpack_featured_media_url":"https:\/\/i0.wp.com\/agrund.com\/wp-content\/uploads\/sites\/6\/2014\/01\/slide162.jpg?fit=960%2C320&ssl=1","jetpack_sharing_enabled":true,"jetpack_shortlink":"https:\/\/wp.me\/p3Hz0n-oDX","jetpack_likes_enabled":true,"_links":{"self":[{"href":"https:\/\/agrund.com\/index.php\/wp-json\/wp\/v2\/posts\/94733"}],"collection":[{"href":"https:\/\/agrund.com\/index.php\/wp-json\/wp\/v2\/posts"}],"about":[{"href":"https:\/\/agrund.com\/index.php\/wp-json\/wp\/v2\/types\/post"}],"author":[{"embeddable":true,"href":"https:\/\/agrund.com\/index.php\/wp-json\/wp\/v2\/users\/1"}],"replies":[{"embeddable":true,"href":"https:\/\/agrund.com\/index.php\/wp-json\/wp\/v2\/comments?post=94733"}],"version-history":[{"count":0,"href":"https:\/\/agrund.com\/index.php\/wp-json\/wp\/v2\/posts\/94733\/revisions"}],"wp:featuredmedia":[{"embeddable":true,"href":"https:\/\/agrund.com\/index.php\/wp-json\/wp\/v2\/media\/94737"}],"wp:attachment":[{"href":"https:\/\/agrund.com\/index.php\/wp-json\/wp\/v2\/media?parent=94733"}],"wp:term":[{"taxonomy":"category","embeddable":true,"href":"https:\/\/agrund.com\/index.php\/wp-json\/wp\/v2\/categories?post=94733"},{"taxonomy":"post_tag","embeddable":true,"href":"https:\/\/agrund.com\/index.php\/wp-json\/wp\/v2\/tags?post=94733"}],"curies":[{"name":"wp","href":"https:\/\/api.w.org\/{rel}","templated":true}]}}