{"id":94726,"date":"2014-01-28T10:00:42","date_gmt":"2014-01-28T12:00:42","guid":{"rendered":"http:\/\/www.agrund.com\/?p=94726"},"modified":"2014-01-28T09:35:36","modified_gmt":"2014-01-28T11:35:36","slug":"kate-moss-e-a-estrela-do-verao-sombrio-de-alexander-mcqueen","status":"publish","type":"post","link":"https:\/\/agrund.com\/index.php\/kate-moss-e-a-estrela-do-verao-sombrio-de-alexander-mcqueen\/","title":{"rendered":"Kate Moss \u00e9 a estrela do ver\u00e3o sombrio de Alexander McQueen"},"content":{"rendered":"<p>As primeiras imagens da campanha primavera\/ver\u00e3o 2014 da Alexander McQueen foram liberadas e, como de costume, j\u00e1 est\u00e3o dando o que falar.<\/p>\n<p>Para esta temporada a grife convocou, pela primeira vez, ningu\u00e9m menos que Kate Moss como sua nova garota-propaganda, que aparece nos cliques com um cabelo amarelo super curto.<br \/>\nOs cliques de Steven Klein foram feitos em um clima sombrio, inspirado no longa de 1960, &#8220;A Tortura do Medo&#8221;.<\/p>\n<p>Confira as primeiras imagens e aperte o play no teaser de divulga\u00e7\u00e3o:<br \/>\n<span class=\"embed-youtube\" style=\"text-align:center; display: block;\"><iframe loading=\"lazy\" class=\"youtube-player\" width=\"640\" height=\"360\" src=\"https:\/\/www.youtube.com\/embed\/anktGXESMX8?version=3&#038;rel=1&#038;showsearch=0&#038;showinfo=1&#038;iv_load_policy=1&#038;fs=1&#038;hl=pt-BR&#038;autohide=2&#038;wmode=transparent\" allowfullscreen=\"true\" style=\"border:0;\" sandbox=\"allow-scripts allow-same-origin allow-popups allow-presentation\"><\/iframe><\/span><\/p>\n<div id=\"attachment_94727\" style=\"width: 560px\" class=\"wp-caption aligncenter\"><a href=\"https:\/\/i0.wp.com\/www.agrund.com\/wp-content\/uploads\/sites\/6\/2014\/01\/kate-moss-e-a-estrela-do-verao-sombrio-de-alexander-mcqueen-1.jpg\"><img aria-describedby=\"caption-attachment-94727\" data-attachment-id=\"94727\" data-permalink=\"https:\/\/agrund.com\/index.php\/kate-moss-e-a-estrela-do-verao-sombrio-de-alexander-mcqueen\/kate-moss-e-a-estrela-do-verao-sombrio-de-alexander-mcqueen-1\/\" data-orig-file=\"https:\/\/i0.wp.com\/agrund.com\/wp-content\/uploads\/sites\/6\/2014\/01\/kate-moss-e-a-estrela-do-verao-sombrio-de-alexander-mcqueen-1.jpg?fit=550%2C357&amp;ssl=1\" data-orig-size=\"550,357\" data-comments-opened=\"1\" data-image-meta=\"{&quot;aperture&quot;:&quot;0&quot;,&quot;credit&quot;:&quot;&quot;,&quot;camera&quot;:&quot;&quot;,&quot;caption&quot;:&quot;&quot;,&quot;created_timestamp&quot;:&quot;0&quot;,&quot;copyright&quot;:&quot;&quot;,&quot;focal_length&quot;:&quot;0&quot;,&quot;iso&quot;:&quot;0&quot;,&quot;shutter_speed&quot;:&quot;0&quot;,&quot;title&quot;:&quot;&quot;}\" data-image-title=\"kate-moss-e-a-estrela-do-verao-sombrio-de-alexander-mcqueen (1)\" data-image-description=\"\" data-image-caption=\"&lt;p&gt;Kate Moss \u00e9 a estrela do ver\u00e3o sombrio de Alexander McQueen&lt;\/p&gt;\n\" data-medium-file=\"https:\/\/i0.wp.com\/agrund.com\/wp-content\/uploads\/sites\/6\/2014\/01\/kate-moss-e-a-estrela-do-verao-sombrio-de-alexander-mcqueen-1.jpg?fit=300%2C194&amp;ssl=1\" data-large-file=\"https:\/\/i0.wp.com\/agrund.com\/wp-content\/uploads\/sites\/6\/2014\/01\/kate-moss-e-a-estrela-do-verao-sombrio-de-alexander-mcqueen-1.jpg?fit=550%2C357&amp;ssl=1\" decoding=\"async\" loading=\"lazy\" class=\"size-large wp-image-94727\" alt=\"Kate Moss \u00e9 a estrela do ver\u00e3o sombrio de Alexander McQueen\" src=\"https:\/\/i0.wp.com\/www.agrund.com\/wp-content\/uploads\/sites\/6\/cache\/2014\/01\/kate-moss-e-a-estrela-do-verao-sombrio-de-alexander-mcqueen-1\/3355830354.jpg?resize=550%2C357\" width=\"550\" height=\"357\" data-recalc-dims=\"1\" \/><\/a><p id=\"caption-attachment-94727\" class=\"wp-caption-text\">Kate Moss \u00e9 a estrela do ver\u00e3o sombrio de Alexander McQueen<\/p><\/div>\n<div id=\"attachment_94728\" style=\"width: 560px\" class=\"wp-caption aligncenter\"><a href=\"https:\/\/i0.wp.com\/www.agrund.com\/wp-content\/uploads\/sites\/6\/2014\/01\/kate-moss-e-a-estrela-do-verao-sombrio-de-alexander-mcqueen-2.jpg\"><img aria-describedby=\"caption-attachment-94728\" data-attachment-id=\"94728\" data-permalink=\"https:\/\/agrund.com\/index.php\/kate-moss-e-a-estrela-do-verao-sombrio-de-alexander-mcqueen\/kate-moss-e-a-estrela-do-verao-sombrio-de-alexander-mcqueen-2\/\" data-orig-file=\"https:\/\/i0.wp.com\/agrund.com\/wp-content\/uploads\/sites\/6\/2014\/01\/kate-moss-e-a-estrela-do-verao-sombrio-de-alexander-mcqueen-2.jpg?fit=550%2C357&amp;ssl=1\" data-orig-size=\"550,357\" data-comments-opened=\"1\" data-image-meta=\"{&quot;aperture&quot;:&quot;0&quot;,&quot;credit&quot;:&quot;&quot;,&quot;camera&quot;:&quot;&quot;,&quot;caption&quot;:&quot;&quot;,&quot;created_timestamp&quot;:&quot;0&quot;,&quot;copyright&quot;:&quot;&quot;,&quot;focal_length&quot;:&quot;0&quot;,&quot;iso&quot;:&quot;0&quot;,&quot;shutter_speed&quot;:&quot;0&quot;,&quot;title&quot;:&quot;&quot;}\" data-image-title=\"kate-moss-e-a-estrela-do-verao-sombrio-de-alexander-mcqueen (2)\" data-image-description=\"\" data-image-caption=\"&lt;p&gt;Kate Moss \u00e9 a estrela do ver\u00e3o sombrio de Alexander McQueen&lt;\/p&gt;\n\" data-medium-file=\"https:\/\/i0.wp.com\/agrund.com\/wp-content\/uploads\/sites\/6\/2014\/01\/kate-moss-e-a-estrela-do-verao-sombrio-de-alexander-mcqueen-2.jpg?fit=300%2C194&amp;ssl=1\" data-large-file=\"https:\/\/i0.wp.com\/agrund.com\/wp-content\/uploads\/sites\/6\/2014\/01\/kate-moss-e-a-estrela-do-verao-sombrio-de-alexander-mcqueen-2.jpg?fit=550%2C357&amp;ssl=1\" decoding=\"async\" loading=\"lazy\" class=\"size-large wp-image-94728\" alt=\"Kate Moss \u00e9 a estrela do ver\u00e3o sombrio de Alexander McQueen\" src=\"https:\/\/i0.wp.com\/www.agrund.com\/wp-content\/uploads\/sites\/6\/cache\/2014\/01\/kate-moss-e-a-estrela-do-verao-sombrio-de-alexander-mcqueen-2\/1183510449.jpg?resize=550%2C357\" width=\"550\" height=\"357\" data-recalc-dims=\"1\" \/><\/a><p id=\"caption-attachment-94728\" class=\"wp-caption-text\">Kate Moss \u00e9 a estrela do ver\u00e3o sombrio de Alexander McQueen<\/p><\/div>\n<div id=\"attachment_94729\" style=\"width: 560px\" class=\"wp-caption aligncenter\"><a href=\"https:\/\/i0.wp.com\/www.agrund.com\/wp-content\/uploads\/sites\/6\/2014\/01\/kate-moss-e-a-estrela-do-verao-sombrio-de-alexander-mcqueen-3.jpg\"><img aria-describedby=\"caption-attachment-94729\" data-attachment-id=\"94729\" data-permalink=\"https:\/\/agrund.com\/index.php\/kate-moss-e-a-estrela-do-verao-sombrio-de-alexander-mcqueen\/kate-moss-e-a-estrela-do-verao-sombrio-de-alexander-mcqueen-3\/\" data-orig-file=\"https:\/\/i0.wp.com\/agrund.com\/wp-content\/uploads\/sites\/6\/2014\/01\/kate-moss-e-a-estrela-do-verao-sombrio-de-alexander-mcqueen-3.jpg?fit=550%2C367&amp;ssl=1\" data-orig-size=\"550,367\" data-comments-opened=\"1\" data-image-meta=\"{&quot;aperture&quot;:&quot;0&quot;,&quot;credit&quot;:&quot;&quot;,&quot;camera&quot;:&quot;&quot;,&quot;caption&quot;:&quot;&quot;,&quot;created_timestamp&quot;:&quot;0&quot;,&quot;copyright&quot;:&quot;&quot;,&quot;focal_length&quot;:&quot;0&quot;,&quot;iso&quot;:&quot;0&quot;,&quot;shutter_speed&quot;:&quot;0&quot;,&quot;title&quot;:&quot;&quot;}\" data-image-title=\"kate-moss-e-a-estrela-do-verao-sombrio-de-alexander-mcqueen (3)\" data-image-description=\"\" data-image-caption=\"&lt;p&gt;Kate Moss \u00e9 a estrela do ver\u00e3o sombrio de Alexander McQueen&lt;\/p&gt;\n\" data-medium-file=\"https:\/\/i0.wp.com\/agrund.com\/wp-content\/uploads\/sites\/6\/2014\/01\/kate-moss-e-a-estrela-do-verao-sombrio-de-alexander-mcqueen-3.jpg?fit=300%2C200&amp;ssl=1\" data-large-file=\"https:\/\/i0.wp.com\/agrund.com\/wp-content\/uploads\/sites\/6\/2014\/01\/kate-moss-e-a-estrela-do-verao-sombrio-de-alexander-mcqueen-3.jpg?fit=550%2C367&amp;ssl=1\" decoding=\"async\" loading=\"lazy\" class=\"size-large wp-image-94729\" alt=\"Kate Moss \u00e9 a estrela do ver\u00e3o sombrio de Alexander McQueen\" src=\"https:\/\/i0.wp.com\/www.agrund.com\/wp-content\/uploads\/sites\/6\/cache\/2014\/01\/kate-moss-e-a-estrela-do-verao-sombrio-de-alexander-mcqueen-3\/2317414191.jpg?resize=550%2C367\" width=\"550\" height=\"367\" data-recalc-dims=\"1\" \/><\/a><p id=\"caption-attachment-94729\" class=\"wp-caption-text\">Kate Moss \u00e9 a estrela do ver\u00e3o sombrio de Alexander McQueen<\/p><\/div>\n<p>Imagens e V\u00eddeo: Reprodu\u00e7\u00e3o.<\/p>\n","protected":false},"excerpt":{"rendered":"<p>As primeiras imagens da campanha primavera\/ver\u00e3o 2014 da Alexander McQueen foram liberadas e, como de costume, j\u00e1 est\u00e3o dando o que falar. Para esta temporada a grife convocou, pela primeira vez, ningu\u00e9m menos que Kate Moss como sua nova garota-propaganda, que aparece nos cliques com um cabelo amarelo super curto. Os cliques de Steven Klein [&hellip;]<\/p>\n","protected":false},"author":1,"featured_media":94730,"comment_status":"open","ping_status":"open","sticky":false,"template":"","format":"standard","meta":{"jetpack_post_was_ever_published":false,"_jetpack_newsletter_access":"","jetpack_publicize_message":"","jetpack_is_tweetstorm":false,"jetpack_publicize_feature_enabled":true,"jetpack_social_post_already_shared":true,"jetpack_social_options":{"image_generator_settings":{"template":"highway","enabled":false}}},"categories":[2],"tags":[],"jetpack_publicize_connections":[],"jetpack_featured_media_url":"https:\/\/i0.wp.com\/agrund.com\/wp-content\/uploads\/sites\/6\/2014\/01\/slide161.jpg?fit=960%2C300&ssl=1","jetpack_sharing_enabled":true,"jetpack_shortlink":"https:\/\/wp.me\/p3Hz0n-oDQ","jetpack_likes_enabled":true,"_links":{"self":[{"href":"https:\/\/agrund.com\/index.php\/wp-json\/wp\/v2\/posts\/94726"}],"collection":[{"href":"https:\/\/agrund.com\/index.php\/wp-json\/wp\/v2\/posts"}],"about":[{"href":"https:\/\/agrund.com\/index.php\/wp-json\/wp\/v2\/types\/post"}],"author":[{"embeddable":true,"href":"https:\/\/agrund.com\/index.php\/wp-json\/wp\/v2\/users\/1"}],"replies":[{"embeddable":true,"href":"https:\/\/agrund.com\/index.php\/wp-json\/wp\/v2\/comments?post=94726"}],"version-history":[{"count":0,"href":"https:\/\/agrund.com\/index.php\/wp-json\/wp\/v2\/posts\/94726\/revisions"}],"wp:featuredmedia":[{"embeddable":true,"href":"https:\/\/agrund.com\/index.php\/wp-json\/wp\/v2\/media\/94730"}],"wp:attachment":[{"href":"https:\/\/agrund.com\/index.php\/wp-json\/wp\/v2\/media?parent=94726"}],"wp:term":[{"taxonomy":"category","embeddable":true,"href":"https:\/\/agrund.com\/index.php\/wp-json\/wp\/v2\/categories?post=94726"},{"taxonomy":"post_tag","embeddable":true,"href":"https:\/\/agrund.com\/index.php\/wp-json\/wp\/v2\/tags?post=94726"}],"curies":[{"name":"wp","href":"https:\/\/api.w.org\/{rel}","templated":true}]}}