{"id":94688,"date":"2014-01-27T17:30:18","date_gmt":"2014-01-27T19:30:18","guid":{"rendered":"http:\/\/www.agrund.com\/?p=94688"},"modified":"2014-01-27T16:06:31","modified_gmt":"2014-01-27T18:06:31","slug":"calvin-klein-jeans-traz-inverno-2014-masculino-cheio-de-personalidade","status":"publish","type":"post","link":"https:\/\/agrund.com\/index.php\/calvin-klein-jeans-traz-inverno-2014-masculino-cheio-de-personalidade\/","title":{"rendered":"Calvin Klein Jeans traz inverno 2014 masculino cheio de personalidade"},"content":{"rendered":"<p>O homem descolado, moderno e cool representa o inverno masculino 2014 da Calvin Klein. Isso por que a marca fez uma releitura dos aspectos urbanos, trazendo influ\u00eancia das grandes cidades, seus tons, movimentos e shapes com estilo que passeia entre o atemporal e o cl\u00e1ssico. A t-shirt traz um shape inovador, sendo essa a grande aposta da marca. J\u00e1 os detalhes dos efeitos com texturas d\u00e3o o tom minimalista urbano. As estampas v\u00eam em aspecto fragmentado, onde novas perspectivas surgem com diferentes acabamentos.<\/p>\n<p>Os tecidos se dividem entre linhos, malhas de \u00edndigo, couro vegetal, denim, algod\u00e3o e moletom. A cartela de cores possui tons que come\u00e7am nos mais suaves, passando para os escuros em vermelho, rosa, azul, verde e tons terrosos como ameixa, roxo, Boudeaux e os classicos off-White, preto e mescla. Destaque para os tons de areia, camur\u00e7a e ferrugem. Os cal\u00e7ados foram feitos para todos os tipos de homens, tanto para os mais casuais, quanto para os mais descolados. Para o inverno 2014, a marca aposta em inova\u00e7\u00f5es, tanto em propostas para produ\u00e7\u00f5es quanto em materiais, acabamentos e tecidos, deixando o homem Calvin Klein cheio de personalidade.<\/p>\n<div id=\"attachment_94691\" style=\"width: 560px\" class=\"wp-caption aligncenter\"><a href=\"https:\/\/i0.wp.com\/www.agrund.com\/wp-content\/uploads\/sites\/6\/2014\/01\/calvin-klein-jeans-traz-inverno-2014-masculino-cheio-de-personalidade-1.jpg\"><img aria-describedby=\"caption-attachment-94691\" data-attachment-id=\"94691\" data-permalink=\"https:\/\/agrund.com\/index.php\/calvin-klein-jeans-traz-inverno-2014-masculino-cheio-de-personalidade\/calvin-klein-jeans-traz-inverno-2014-masculino-cheio-de-personalidade-1\/\" data-orig-file=\"https:\/\/i0.wp.com\/agrund.com\/wp-content\/uploads\/sites\/6\/2014\/01\/calvin-klein-jeans-traz-inverno-2014-masculino-cheio-de-personalidade-1.jpg?fit=550%2C550&amp;ssl=1\" data-orig-size=\"550,550\" data-comments-opened=\"1\" data-image-meta=\"{&quot;aperture&quot;:&quot;0&quot;,&quot;credit&quot;:&quot;&quot;,&quot;camera&quot;:&quot;&quot;,&quot;caption&quot;:&quot;&quot;,&quot;created_timestamp&quot;:&quot;0&quot;,&quot;copyright&quot;:&quot;&quot;,&quot;focal_length&quot;:&quot;0&quot;,&quot;iso&quot;:&quot;0&quot;,&quot;shutter_speed&quot;:&quot;0&quot;,&quot;title&quot;:&quot;&quot;}\" data-image-title=\"calvin-klein-jeans-traz-inverno-2014-masculino-cheio-de-personalidade (1)\" data-image-description=\"\" data-image-caption=\"&lt;p&gt;Calvin Klein Jeans traz inverno 2014 masculino cheio de personalidade&lt;\/p&gt;\n\" data-medium-file=\"https:\/\/i0.wp.com\/agrund.com\/wp-content\/uploads\/sites\/6\/2014\/01\/calvin-klein-jeans-traz-inverno-2014-masculino-cheio-de-personalidade-1.jpg?fit=300%2C300&amp;ssl=1\" data-large-file=\"https:\/\/i0.wp.com\/agrund.com\/wp-content\/uploads\/sites\/6\/2014\/01\/calvin-klein-jeans-traz-inverno-2014-masculino-cheio-de-personalidade-1.jpg?fit=550%2C550&amp;ssl=1\" decoding=\"async\" loading=\"lazy\" class=\"size-large wp-image-94691\" alt=\"Calvin Klein Jeans traz inverno 2014 masculino cheio de personalidade\" src=\"https:\/\/i0.wp.com\/www.agrund.com\/wp-content\/uploads\/sites\/6\/cache\/2014\/01\/calvin-klein-jeans-traz-inverno-2014-masculino-cheio-de-personalidade-1\/4151767296.jpg?resize=550%2C550\" width=\"550\" height=\"550\" data-recalc-dims=\"1\" \/><\/a><p id=\"caption-attachment-94691\" class=\"wp-caption-text\">Calvin Klein Jeans traz inverno 2014 masculino cheio de personalidade<\/p><\/div>\n<div id=\"attachment_94692\" style=\"width: 560px\" class=\"wp-caption aligncenter\"><a href=\"https:\/\/i0.wp.com\/www.agrund.com\/wp-content\/uploads\/sites\/6\/2014\/01\/calvin-klein-jeans-traz-inverno-2014-masculino-cheio-de-personalidade-2.jpg\"><img aria-describedby=\"caption-attachment-94692\" data-attachment-id=\"94692\" data-permalink=\"https:\/\/agrund.com\/index.php\/calvin-klein-jeans-traz-inverno-2014-masculino-cheio-de-personalidade\/calvin-klein-jeans-traz-inverno-2014-masculino-cheio-de-personalidade-2\/\" data-orig-file=\"https:\/\/i0.wp.com\/agrund.com\/wp-content\/uploads\/sites\/6\/2014\/01\/calvin-klein-jeans-traz-inverno-2014-masculino-cheio-de-personalidade-2.jpg?fit=550%2C550&amp;ssl=1\" data-orig-size=\"550,550\" data-comments-opened=\"1\" data-image-meta=\"{&quot;aperture&quot;:&quot;0&quot;,&quot;credit&quot;:&quot;&quot;,&quot;camera&quot;:&quot;&quot;,&quot;caption&quot;:&quot;&quot;,&quot;created_timestamp&quot;:&quot;0&quot;,&quot;copyright&quot;:&quot;&quot;,&quot;focal_length&quot;:&quot;0&quot;,&quot;iso&quot;:&quot;0&quot;,&quot;shutter_speed&quot;:&quot;0&quot;,&quot;title&quot;:&quot;&quot;}\" data-image-title=\"calvin-klein-jeans-traz-inverno-2014-masculino-cheio-de-personalidade (2)\" data-image-description=\"\" data-image-caption=\"&lt;p&gt;Calvin Klein Jeans traz inverno 2014 masculino cheio de personalidade&lt;\/p&gt;\n\" data-medium-file=\"https:\/\/i0.wp.com\/agrund.com\/wp-content\/uploads\/sites\/6\/2014\/01\/calvin-klein-jeans-traz-inverno-2014-masculino-cheio-de-personalidade-2.jpg?fit=300%2C300&amp;ssl=1\" data-large-file=\"https:\/\/i0.wp.com\/agrund.com\/wp-content\/uploads\/sites\/6\/2014\/01\/calvin-klein-jeans-traz-inverno-2014-masculino-cheio-de-personalidade-2.jpg?fit=550%2C550&amp;ssl=1\" decoding=\"async\" loading=\"lazy\" class=\"size-large wp-image-94692\" alt=\"Calvin Klein Jeans traz inverno 2014 masculino cheio de personalidade\" src=\"https:\/\/i0.wp.com\/www.agrund.com\/wp-content\/uploads\/sites\/6\/cache\/2014\/01\/calvin-klein-jeans-traz-inverno-2014-masculino-cheio-de-personalidade-2\/2046424803.jpg?resize=550%2C550\" width=\"550\" height=\"550\" data-recalc-dims=\"1\" \/><\/a><p id=\"caption-attachment-94692\" class=\"wp-caption-text\">Calvin Klein Jeans traz inverno 2014 masculino cheio de personalidade<\/p><\/div>\n<div id=\"attachment_94693\" style=\"width: 560px\" class=\"wp-caption aligncenter\"><a href=\"https:\/\/i0.wp.com\/www.agrund.com\/wp-content\/uploads\/sites\/6\/2014\/01\/calvin-klein-jeans-traz-inverno-2014-masculino-cheio-de-personalidade-3.jpg\"><img aria-describedby=\"caption-attachment-94693\" data-attachment-id=\"94693\" data-permalink=\"https:\/\/agrund.com\/index.php\/calvin-klein-jeans-traz-inverno-2014-masculino-cheio-de-personalidade\/calvin-klein-jeans-traz-inverno-2014-masculino-cheio-de-personalidade-3\/\" data-orig-file=\"https:\/\/i0.wp.com\/agrund.com\/wp-content\/uploads\/sites\/6\/2014\/01\/calvin-klein-jeans-traz-inverno-2014-masculino-cheio-de-personalidade-3.jpg?fit=550%2C550&amp;ssl=1\" data-orig-size=\"550,550\" data-comments-opened=\"1\" data-image-meta=\"{&quot;aperture&quot;:&quot;0&quot;,&quot;credit&quot;:&quot;&quot;,&quot;camera&quot;:&quot;&quot;,&quot;caption&quot;:&quot;&quot;,&quot;created_timestamp&quot;:&quot;0&quot;,&quot;copyright&quot;:&quot;&quot;,&quot;focal_length&quot;:&quot;0&quot;,&quot;iso&quot;:&quot;0&quot;,&quot;shutter_speed&quot;:&quot;0&quot;,&quot;title&quot;:&quot;&quot;}\" data-image-title=\"calvin-klein-jeans-traz-inverno-2014-masculino-cheio-de-personalidade (3)\" data-image-description=\"\" data-image-caption=\"&lt;p&gt;Calvin Klein Jeans traz inverno 2014 masculino cheio de personalidade&lt;\/p&gt;\n\" data-medium-file=\"https:\/\/i0.wp.com\/agrund.com\/wp-content\/uploads\/sites\/6\/2014\/01\/calvin-klein-jeans-traz-inverno-2014-masculino-cheio-de-personalidade-3.jpg?fit=300%2C300&amp;ssl=1\" data-large-file=\"https:\/\/i0.wp.com\/agrund.com\/wp-content\/uploads\/sites\/6\/2014\/01\/calvin-klein-jeans-traz-inverno-2014-masculino-cheio-de-personalidade-3.jpg?fit=550%2C550&amp;ssl=1\" decoding=\"async\" loading=\"lazy\" class=\"size-large wp-image-94693\" alt=\"Calvin Klein Jeans traz inverno 2014 masculino cheio de personalidade\" src=\"https:\/\/i0.wp.com\/www.agrund.com\/wp-content\/uploads\/sites\/6\/cache\/2014\/01\/calvin-klein-jeans-traz-inverno-2014-masculino-cheio-de-personalidade-3\/3042178685.jpg?resize=550%2C550\" width=\"550\" height=\"550\" data-recalc-dims=\"1\" \/><\/a><p id=\"caption-attachment-94693\" class=\"wp-caption-text\">Calvin Klein Jeans traz inverno 2014 masculino cheio de personalidade<\/p><\/div>\n<div id=\"attachment_94694\" style=\"width: 560px\" class=\"wp-caption aligncenter\"><a href=\"https:\/\/i0.wp.com\/www.agrund.com\/wp-content\/uploads\/sites\/6\/2014\/01\/calvin-klein-jeans-traz-inverno-2014-masculino-cheio-de-personalidade-4.jpg\"><img aria-describedby=\"caption-attachment-94694\" data-attachment-id=\"94694\" data-permalink=\"https:\/\/agrund.com\/index.php\/calvin-klein-jeans-traz-inverno-2014-masculino-cheio-de-personalidade\/calvin-klein-jeans-traz-inverno-2014-masculino-cheio-de-personalidade-4\/\" data-orig-file=\"https:\/\/i0.wp.com\/agrund.com\/wp-content\/uploads\/sites\/6\/2014\/01\/calvin-klein-jeans-traz-inverno-2014-masculino-cheio-de-personalidade-4.jpg?fit=550%2C550&amp;ssl=1\" data-orig-size=\"550,550\" data-comments-opened=\"1\" data-image-meta=\"{&quot;aperture&quot;:&quot;0&quot;,&quot;credit&quot;:&quot;&quot;,&quot;camera&quot;:&quot;&quot;,&quot;caption&quot;:&quot;&quot;,&quot;created_timestamp&quot;:&quot;0&quot;,&quot;copyright&quot;:&quot;&quot;,&quot;focal_length&quot;:&quot;0&quot;,&quot;iso&quot;:&quot;0&quot;,&quot;shutter_speed&quot;:&quot;0&quot;,&quot;title&quot;:&quot;&quot;}\" data-image-title=\"calvin-klein-jeans-traz-inverno-2014-masculino-cheio-de-personalidade (4)\" data-image-description=\"\" data-image-caption=\"&lt;p&gt;Calvin Klein Jeans traz inverno 2014 masculino cheio de personalidade&lt;\/p&gt;\n\" data-medium-file=\"https:\/\/i0.wp.com\/agrund.com\/wp-content\/uploads\/sites\/6\/2014\/01\/calvin-klein-jeans-traz-inverno-2014-masculino-cheio-de-personalidade-4.jpg?fit=300%2C300&amp;ssl=1\" data-large-file=\"https:\/\/i0.wp.com\/agrund.com\/wp-content\/uploads\/sites\/6\/2014\/01\/calvin-klein-jeans-traz-inverno-2014-masculino-cheio-de-personalidade-4.jpg?fit=550%2C550&amp;ssl=1\" decoding=\"async\" loading=\"lazy\" class=\"size-large wp-image-94694\" alt=\"Calvin Klein Jeans traz inverno 2014 masculino cheio de personalidade\" src=\"https:\/\/i0.wp.com\/www.agrund.com\/wp-content\/uploads\/sites\/6\/cache\/2014\/01\/calvin-klein-jeans-traz-inverno-2014-masculino-cheio-de-personalidade-4\/3214344036.jpg?resize=550%2C550\" width=\"550\" height=\"550\" data-recalc-dims=\"1\" \/><\/a><p id=\"caption-attachment-94694\" class=\"wp-caption-text\">Calvin Klein Jeans traz inverno 2014 masculino cheio de personalidade<\/p><\/div>\n<div id=\"attachment_94695\" style=\"width: 560px\" class=\"wp-caption aligncenter\"><a href=\"https:\/\/i0.wp.com\/www.agrund.com\/wp-content\/uploads\/sites\/6\/2014\/01\/calvin-klein-jeans-traz-inverno-2014-masculino-cheio-de-personalidade-5.jpg\"><img aria-describedby=\"caption-attachment-94695\" data-attachment-id=\"94695\" data-permalink=\"https:\/\/agrund.com\/index.php\/calvin-klein-jeans-traz-inverno-2014-masculino-cheio-de-personalidade\/calvin-klein-jeans-traz-inverno-2014-masculino-cheio-de-personalidade-5\/\" data-orig-file=\"https:\/\/i0.wp.com\/agrund.com\/wp-content\/uploads\/sites\/6\/2014\/01\/calvin-klein-jeans-traz-inverno-2014-masculino-cheio-de-personalidade-5.jpg?fit=550%2C550&amp;ssl=1\" data-orig-size=\"550,550\" data-comments-opened=\"1\" data-image-meta=\"{&quot;aperture&quot;:&quot;0&quot;,&quot;credit&quot;:&quot;&quot;,&quot;camera&quot;:&quot;&quot;,&quot;caption&quot;:&quot;&quot;,&quot;created_timestamp&quot;:&quot;0&quot;,&quot;copyright&quot;:&quot;&quot;,&quot;focal_length&quot;:&quot;0&quot;,&quot;iso&quot;:&quot;0&quot;,&quot;shutter_speed&quot;:&quot;0&quot;,&quot;title&quot;:&quot;&quot;}\" data-image-title=\"calvin-klein-jeans-traz-inverno-2014-masculino-cheio-de-personalidade (5)\" data-image-description=\"\" data-image-caption=\"&lt;p&gt;Calvin Klein Jeans traz inverno 2014 masculino cheio de personalidade&lt;\/p&gt;\n\" data-medium-file=\"https:\/\/i0.wp.com\/agrund.com\/wp-content\/uploads\/sites\/6\/2014\/01\/calvin-klein-jeans-traz-inverno-2014-masculino-cheio-de-personalidade-5.jpg?fit=300%2C300&amp;ssl=1\" data-large-file=\"https:\/\/i0.wp.com\/agrund.com\/wp-content\/uploads\/sites\/6\/2014\/01\/calvin-klein-jeans-traz-inverno-2014-masculino-cheio-de-personalidade-5.jpg?fit=550%2C550&amp;ssl=1\" decoding=\"async\" loading=\"lazy\" class=\"size-large wp-image-94695\" alt=\"Calvin Klein Jeans traz inverno 2014 masculino cheio de personalidade\" src=\"https:\/\/i0.wp.com\/www.agrund.com\/wp-content\/uploads\/sites\/6\/cache\/2014\/01\/calvin-klein-jeans-traz-inverno-2014-masculino-cheio-de-personalidade-5\/1933377530.jpg?resize=550%2C550\" width=\"550\" height=\"550\" data-recalc-dims=\"1\" \/><\/a><p id=\"caption-attachment-94695\" class=\"wp-caption-text\">Calvin Klein Jeans traz inverno 2014 masculino cheio de personalidade<\/p><\/div>\n<div id=\"attachment_94696\" style=\"width: 560px\" class=\"wp-caption aligncenter\"><a href=\"https:\/\/i0.wp.com\/www.agrund.com\/wp-content\/uploads\/sites\/6\/2014\/01\/calvin-klein-jeans-traz-inverno-2014-masculino-cheio-de-personalidade-6.jpg\"><img aria-describedby=\"caption-attachment-94696\" data-attachment-id=\"94696\" data-permalink=\"https:\/\/agrund.com\/index.php\/calvin-klein-jeans-traz-inverno-2014-masculino-cheio-de-personalidade\/calvin-klein-jeans-traz-inverno-2014-masculino-cheio-de-personalidade-6\/\" data-orig-file=\"https:\/\/i0.wp.com\/agrund.com\/wp-content\/uploads\/sites\/6\/2014\/01\/calvin-klein-jeans-traz-inverno-2014-masculino-cheio-de-personalidade-6.jpg?fit=550%2C550&amp;ssl=1\" data-orig-size=\"550,550\" data-comments-opened=\"1\" data-image-meta=\"{&quot;aperture&quot;:&quot;0&quot;,&quot;credit&quot;:&quot;&quot;,&quot;camera&quot;:&quot;&quot;,&quot;caption&quot;:&quot;&quot;,&quot;created_timestamp&quot;:&quot;0&quot;,&quot;copyright&quot;:&quot;&quot;,&quot;focal_length&quot;:&quot;0&quot;,&quot;iso&quot;:&quot;0&quot;,&quot;shutter_speed&quot;:&quot;0&quot;,&quot;title&quot;:&quot;&quot;}\" data-image-title=\"calvin-klein-jeans-traz-inverno-2014-masculino-cheio-de-personalidade (6)\" data-image-description=\"\" data-image-caption=\"&lt;p&gt;Calvin Klein Jeans traz inverno 2014 masculino cheio de personalidade&lt;\/p&gt;\n\" data-medium-file=\"https:\/\/i0.wp.com\/agrund.com\/wp-content\/uploads\/sites\/6\/2014\/01\/calvin-klein-jeans-traz-inverno-2014-masculino-cheio-de-personalidade-6.jpg?fit=300%2C300&amp;ssl=1\" data-large-file=\"https:\/\/i0.wp.com\/agrund.com\/wp-content\/uploads\/sites\/6\/2014\/01\/calvin-klein-jeans-traz-inverno-2014-masculino-cheio-de-personalidade-6.jpg?fit=550%2C550&amp;ssl=1\" decoding=\"async\" loading=\"lazy\" class=\"size-large wp-image-94696\" alt=\"Calvin Klein Jeans traz inverno 2014 masculino cheio de personalidade\" src=\"https:\/\/i0.wp.com\/www.agrund.com\/wp-content\/uploads\/sites\/6\/cache\/2014\/01\/calvin-klein-jeans-traz-inverno-2014-masculino-cheio-de-personalidade-6\/4256430105.jpg?resize=550%2C550\" width=\"550\" height=\"550\" data-recalc-dims=\"1\" \/><\/a><p id=\"caption-attachment-94696\" class=\"wp-caption-text\">Calvin Klein Jeans traz inverno 2014 masculino cheio de personalidade<\/p><\/div>\n<div id=\"attachment_94697\" style=\"width: 560px\" class=\"wp-caption aligncenter\"><a href=\"https:\/\/i0.wp.com\/www.agrund.com\/wp-content\/uploads\/sites\/6\/2014\/01\/calvin-klein-jeans-traz-inverno-2014-masculino-cheio-de-personalidade-7.jpg\"><img aria-describedby=\"caption-attachment-94697\" data-attachment-id=\"94697\" data-permalink=\"https:\/\/agrund.com\/index.php\/calvin-klein-jeans-traz-inverno-2014-masculino-cheio-de-personalidade\/calvin-klein-jeans-traz-inverno-2014-masculino-cheio-de-personalidade-7\/\" data-orig-file=\"https:\/\/i0.wp.com\/agrund.com\/wp-content\/uploads\/sites\/6\/2014\/01\/calvin-klein-jeans-traz-inverno-2014-masculino-cheio-de-personalidade-7.jpg?fit=550%2C550&amp;ssl=1\" data-orig-size=\"550,550\" data-comments-opened=\"1\" data-image-meta=\"{&quot;aperture&quot;:&quot;0&quot;,&quot;credit&quot;:&quot;&quot;,&quot;camera&quot;:&quot;&quot;,&quot;caption&quot;:&quot;&quot;,&quot;created_timestamp&quot;:&quot;0&quot;,&quot;copyright&quot;:&quot;&quot;,&quot;focal_length&quot;:&quot;0&quot;,&quot;iso&quot;:&quot;0&quot;,&quot;shutter_speed&quot;:&quot;0&quot;,&quot;title&quot;:&quot;&quot;}\" data-image-title=\"calvin-klein-jeans-traz-inverno-2014-masculino-cheio-de-personalidade (7)\" data-image-description=\"\" data-image-caption=\"&lt;p&gt;Calvin Klein Jeans traz inverno 2014 masculino cheio de personalidade&lt;\/p&gt;\n\" data-medium-file=\"https:\/\/i0.wp.com\/agrund.com\/wp-content\/uploads\/sites\/6\/2014\/01\/calvin-klein-jeans-traz-inverno-2014-masculino-cheio-de-personalidade-7.jpg?fit=300%2C300&amp;ssl=1\" data-large-file=\"https:\/\/i0.wp.com\/agrund.com\/wp-content\/uploads\/sites\/6\/2014\/01\/calvin-klein-jeans-traz-inverno-2014-masculino-cheio-de-personalidade-7.jpg?fit=550%2C550&amp;ssl=1\" decoding=\"async\" loading=\"lazy\" class=\"size-large wp-image-94697\" alt=\"Calvin Klein Jeans traz inverno 2014 masculino cheio de personalidade\" src=\"https:\/\/i0.wp.com\/www.agrund.com\/wp-content\/uploads\/sites\/6\/cache\/2014\/01\/calvin-klein-jeans-traz-inverno-2014-masculino-cheio-de-personalidade-7\/823785607.jpg?resize=550%2C550\" width=\"550\" height=\"550\" data-recalc-dims=\"1\" \/><\/a><p id=\"caption-attachment-94697\" class=\"wp-caption-text\">Calvin Klein Jeans traz inverno 2014 masculino cheio de personalidade<\/p><\/div>\n<div id=\"attachment_94698\" style=\"width: 560px\" class=\"wp-caption aligncenter\"><a href=\"https:\/\/i0.wp.com\/www.agrund.com\/wp-content\/uploads\/sites\/6\/2014\/01\/calvin-klein-jeans-traz-inverno-2014-masculino-cheio-de-personalidade-8.jpg\"><img aria-describedby=\"caption-attachment-94698\" data-attachment-id=\"94698\" data-permalink=\"https:\/\/agrund.com\/index.php\/calvin-klein-jeans-traz-inverno-2014-masculino-cheio-de-personalidade\/calvin-klein-jeans-traz-inverno-2014-masculino-cheio-de-personalidade-8\/\" data-orig-file=\"https:\/\/i0.wp.com\/agrund.com\/wp-content\/uploads\/sites\/6\/2014\/01\/calvin-klein-jeans-traz-inverno-2014-masculino-cheio-de-personalidade-8.jpg?fit=550%2C550&amp;ssl=1\" data-orig-size=\"550,550\" data-comments-opened=\"1\" data-image-meta=\"{&quot;aperture&quot;:&quot;0&quot;,&quot;credit&quot;:&quot;&quot;,&quot;camera&quot;:&quot;&quot;,&quot;caption&quot;:&quot;&quot;,&quot;created_timestamp&quot;:&quot;0&quot;,&quot;copyright&quot;:&quot;&quot;,&quot;focal_length&quot;:&quot;0&quot;,&quot;iso&quot;:&quot;0&quot;,&quot;shutter_speed&quot;:&quot;0&quot;,&quot;title&quot;:&quot;&quot;}\" data-image-title=\"calvin-klein-jeans-traz-inverno-2014-masculino-cheio-de-personalidade (8)\" data-image-description=\"\" data-image-caption=\"&lt;p&gt;Calvin Klein Jeans traz inverno 2014 masculino cheio de personalidade&lt;\/p&gt;\n\" data-medium-file=\"https:\/\/i0.wp.com\/agrund.com\/wp-content\/uploads\/sites\/6\/2014\/01\/calvin-klein-jeans-traz-inverno-2014-masculino-cheio-de-personalidade-8.jpg?fit=300%2C300&amp;ssl=1\" data-large-file=\"https:\/\/i0.wp.com\/agrund.com\/wp-content\/uploads\/sites\/6\/2014\/01\/calvin-klein-jeans-traz-inverno-2014-masculino-cheio-de-personalidade-8.jpg?fit=550%2C550&amp;ssl=1\" decoding=\"async\" loading=\"lazy\" class=\"size-large wp-image-94698\" alt=\"Calvin Klein Jeans traz inverno 2014 masculino cheio de personalidade\" src=\"https:\/\/i0.wp.com\/www.agrund.com\/wp-content\/uploads\/sites\/6\/cache\/2014\/01\/calvin-klein-jeans-traz-inverno-2014-masculino-cheio-de-personalidade-8\/3896109611.jpg?resize=550%2C550\" width=\"550\" height=\"550\" data-recalc-dims=\"1\" \/><\/a><p id=\"caption-attachment-94698\" class=\"wp-caption-text\">Calvin Klein Jeans traz inverno 2014 masculino cheio de personalidade<\/p><\/div>\n<div id=\"attachment_94699\" style=\"width: 560px\" class=\"wp-caption aligncenter\"><a href=\"https:\/\/i0.wp.com\/www.agrund.com\/wp-content\/uploads\/sites\/6\/2014\/01\/calvin-klein-jeans-traz-inverno-2014-masculino-cheio-de-personalidade-9.jpg\"><img aria-describedby=\"caption-attachment-94699\" data-attachment-id=\"94699\" data-permalink=\"https:\/\/agrund.com\/index.php\/calvin-klein-jeans-traz-inverno-2014-masculino-cheio-de-personalidade\/calvin-klein-jeans-traz-inverno-2014-masculino-cheio-de-personalidade-9\/\" data-orig-file=\"https:\/\/i0.wp.com\/agrund.com\/wp-content\/uploads\/sites\/6\/2014\/01\/calvin-klein-jeans-traz-inverno-2014-masculino-cheio-de-personalidade-9.jpg?fit=550%2C550&amp;ssl=1\" data-orig-size=\"550,550\" data-comments-opened=\"1\" data-image-meta=\"{&quot;aperture&quot;:&quot;0&quot;,&quot;credit&quot;:&quot;&quot;,&quot;camera&quot;:&quot;&quot;,&quot;caption&quot;:&quot;&quot;,&quot;created_timestamp&quot;:&quot;0&quot;,&quot;copyright&quot;:&quot;&quot;,&quot;focal_length&quot;:&quot;0&quot;,&quot;iso&quot;:&quot;0&quot;,&quot;shutter_speed&quot;:&quot;0&quot;,&quot;title&quot;:&quot;&quot;}\" data-image-title=\"calvin-klein-jeans-traz-inverno-2014-masculino-cheio-de-personalidade (9)\" data-image-description=\"\" data-image-caption=\"&lt;p&gt;Calvin Klein Jeans traz inverno 2014 masculino cheio de personalidade&lt;\/p&gt;\n\" data-medium-file=\"https:\/\/i0.wp.com\/agrund.com\/wp-content\/uploads\/sites\/6\/2014\/01\/calvin-klein-jeans-traz-inverno-2014-masculino-cheio-de-personalidade-9.jpg?fit=300%2C300&amp;ssl=1\" data-large-file=\"https:\/\/i0.wp.com\/agrund.com\/wp-content\/uploads\/sites\/6\/2014\/01\/calvin-klein-jeans-traz-inverno-2014-masculino-cheio-de-personalidade-9.jpg?fit=550%2C550&amp;ssl=1\" decoding=\"async\" loading=\"lazy\" class=\"size-large wp-image-94699\" alt=\"Calvin Klein Jeans traz inverno 2014 masculino cheio de personalidade\" src=\"https:\/\/i0.wp.com\/www.agrund.com\/wp-content\/uploads\/sites\/6\/cache\/2014\/01\/calvin-klein-jeans-traz-inverno-2014-masculino-cheio-de-personalidade-9\/613673653.jpg?resize=550%2C550\" width=\"550\" height=\"550\" data-recalc-dims=\"1\" \/><\/a><p id=\"caption-attachment-94699\" class=\"wp-caption-text\">Calvin Klein Jeans traz inverno 2014 masculino cheio de personalidade<\/p><\/div>\n<div id=\"attachment_94700\" style=\"width: 560px\" class=\"wp-caption aligncenter\"><a href=\"https:\/\/i0.wp.com\/www.agrund.com\/wp-content\/uploads\/sites\/6\/2014\/01\/calvin-klein-jeans-traz-inverno-2014-masculino-cheio-de-personalidade-10.jpg\"><img aria-describedby=\"caption-attachment-94700\" data-attachment-id=\"94700\" data-permalink=\"https:\/\/agrund.com\/index.php\/calvin-klein-jeans-traz-inverno-2014-masculino-cheio-de-personalidade\/calvin-klein-jeans-traz-inverno-2014-masculino-cheio-de-personalidade-10\/\" data-orig-file=\"https:\/\/i0.wp.com\/agrund.com\/wp-content\/uploads\/sites\/6\/2014\/01\/calvin-klein-jeans-traz-inverno-2014-masculino-cheio-de-personalidade-10.jpg?fit=550%2C550&amp;ssl=1\" data-orig-size=\"550,550\" data-comments-opened=\"1\" data-image-meta=\"{&quot;aperture&quot;:&quot;0&quot;,&quot;credit&quot;:&quot;&quot;,&quot;camera&quot;:&quot;&quot;,&quot;caption&quot;:&quot;&quot;,&quot;created_timestamp&quot;:&quot;0&quot;,&quot;copyright&quot;:&quot;&quot;,&quot;focal_length&quot;:&quot;0&quot;,&quot;iso&quot;:&quot;0&quot;,&quot;shutter_speed&quot;:&quot;0&quot;,&quot;title&quot;:&quot;&quot;}\" data-image-title=\"calvin-klein-jeans-traz-inverno-2014-masculino-cheio-de-personalidade (10)\" data-image-description=\"\" data-image-caption=\"&lt;p&gt;Calvin Klein Jeans traz inverno 2014 masculino cheio de personalidade&lt;\/p&gt;\n\" data-medium-file=\"https:\/\/i0.wp.com\/agrund.com\/wp-content\/uploads\/sites\/6\/2014\/01\/calvin-klein-jeans-traz-inverno-2014-masculino-cheio-de-personalidade-10.jpg?fit=300%2C300&amp;ssl=1\" data-large-file=\"https:\/\/i0.wp.com\/agrund.com\/wp-content\/uploads\/sites\/6\/2014\/01\/calvin-klein-jeans-traz-inverno-2014-masculino-cheio-de-personalidade-10.jpg?fit=550%2C550&amp;ssl=1\" decoding=\"async\" loading=\"lazy\" class=\"size-large wp-image-94700\" alt=\"Calvin Klein Jeans traz inverno 2014 masculino cheio de personalidade\" src=\"https:\/\/i0.wp.com\/www.agrund.com\/wp-content\/uploads\/sites\/6\/cache\/2014\/01\/calvin-klein-jeans-traz-inverno-2014-masculino-cheio-de-personalidade-10\/776205597.jpg?resize=550%2C550\" width=\"550\" height=\"550\" data-recalc-dims=\"1\" \/><\/a><p id=\"caption-attachment-94700\" class=\"wp-caption-text\">Calvin Klein Jeans traz inverno 2014 masculino cheio de personalidade<\/p><\/div>\n<div id=\"attachment_94701\" style=\"width: 560px\" class=\"wp-caption aligncenter\"><a href=\"https:\/\/i0.wp.com\/www.agrund.com\/wp-content\/uploads\/sites\/6\/2014\/01\/calvin-klein-jeans-traz-inverno-2014-masculino-cheio-de-personalidade-11.jpg\"><img aria-describedby=\"caption-attachment-94701\" data-attachment-id=\"94701\" data-permalink=\"https:\/\/agrund.com\/index.php\/calvin-klein-jeans-traz-inverno-2014-masculino-cheio-de-personalidade\/calvin-klein-jeans-traz-inverno-2014-masculino-cheio-de-personalidade-11\/\" data-orig-file=\"https:\/\/i0.wp.com\/agrund.com\/wp-content\/uploads\/sites\/6\/2014\/01\/calvin-klein-jeans-traz-inverno-2014-masculino-cheio-de-personalidade-11.jpg?fit=550%2C550&amp;ssl=1\" data-orig-size=\"550,550\" data-comments-opened=\"1\" data-image-meta=\"{&quot;aperture&quot;:&quot;0&quot;,&quot;credit&quot;:&quot;&quot;,&quot;camera&quot;:&quot;&quot;,&quot;caption&quot;:&quot;&quot;,&quot;created_timestamp&quot;:&quot;0&quot;,&quot;copyright&quot;:&quot;&quot;,&quot;focal_length&quot;:&quot;0&quot;,&quot;iso&quot;:&quot;0&quot;,&quot;shutter_speed&quot;:&quot;0&quot;,&quot;title&quot;:&quot;&quot;}\" data-image-title=\"calvin-klein-jeans-traz-inverno-2014-masculino-cheio-de-personalidade (11)\" data-image-description=\"\" data-image-caption=\"&lt;p&gt;Calvin Klein Jeans traz inverno 2014 masculino cheio de personalidade&lt;\/p&gt;\n\" data-medium-file=\"https:\/\/i0.wp.com\/agrund.com\/wp-content\/uploads\/sites\/6\/2014\/01\/calvin-klein-jeans-traz-inverno-2014-masculino-cheio-de-personalidade-11.jpg?fit=300%2C300&amp;ssl=1\" data-large-file=\"https:\/\/i0.wp.com\/agrund.com\/wp-content\/uploads\/sites\/6\/2014\/01\/calvin-klein-jeans-traz-inverno-2014-masculino-cheio-de-personalidade-11.jpg?fit=550%2C550&amp;ssl=1\" decoding=\"async\" loading=\"lazy\" class=\"size-large wp-image-94701\" alt=\"Calvin Klein Jeans traz inverno 2014 masculino cheio de personalidade\" src=\"https:\/\/i0.wp.com\/www.agrund.com\/wp-content\/uploads\/sites\/6\/cache\/2014\/01\/calvin-klein-jeans-traz-inverno-2014-masculino-cheio-de-personalidade-11\/3806983555.jpg?resize=550%2C550\" width=\"550\" height=\"550\" data-recalc-dims=\"1\" \/><\/a><p id=\"caption-attachment-94701\" class=\"wp-caption-text\">Calvin Klein Jeans traz inverno 2014 masculino cheio de personalidade<\/p><\/div>\n<div id=\"attachment_94702\" style=\"width: 560px\" class=\"wp-caption aligncenter\"><a href=\"https:\/\/i0.wp.com\/www.agrund.com\/wp-content\/uploads\/sites\/6\/2014\/01\/calvin-klein-jeans-traz-inverno-2014-masculino-cheio-de-personalidade-12.jpg\"><img aria-describedby=\"caption-attachment-94702\" data-attachment-id=\"94702\" data-permalink=\"https:\/\/agrund.com\/index.php\/calvin-klein-jeans-traz-inverno-2014-masculino-cheio-de-personalidade\/calvin-klein-jeans-traz-inverno-2014-masculino-cheio-de-personalidade-12\/\" data-orig-file=\"https:\/\/i0.wp.com\/agrund.com\/wp-content\/uploads\/sites\/6\/2014\/01\/calvin-klein-jeans-traz-inverno-2014-masculino-cheio-de-personalidade-12.jpg?fit=550%2C550&amp;ssl=1\" data-orig-size=\"550,550\" data-comments-opened=\"1\" data-image-meta=\"{&quot;aperture&quot;:&quot;0&quot;,&quot;credit&quot;:&quot;&quot;,&quot;camera&quot;:&quot;&quot;,&quot;caption&quot;:&quot;&quot;,&quot;created_timestamp&quot;:&quot;0&quot;,&quot;copyright&quot;:&quot;&quot;,&quot;focal_length&quot;:&quot;0&quot;,&quot;iso&quot;:&quot;0&quot;,&quot;shutter_speed&quot;:&quot;0&quot;,&quot;title&quot;:&quot;&quot;}\" data-image-title=\"calvin-klein-jeans-traz-inverno-2014-masculino-cheio-de-personalidade (12)\" data-image-description=\"\" data-image-caption=\"&lt;p&gt;Calvin Klein Jeans traz inverno 2014 masculino cheio de personalidade&lt;\/p&gt;\n\" data-medium-file=\"https:\/\/i0.wp.com\/agrund.com\/wp-content\/uploads\/sites\/6\/2014\/01\/calvin-klein-jeans-traz-inverno-2014-masculino-cheio-de-personalidade-12.jpg?fit=300%2C300&amp;ssl=1\" data-large-file=\"https:\/\/i0.wp.com\/agrund.com\/wp-content\/uploads\/sites\/6\/2014\/01\/calvin-klein-jeans-traz-inverno-2014-masculino-cheio-de-personalidade-12.jpg?fit=550%2C550&amp;ssl=1\" decoding=\"async\" loading=\"lazy\" class=\"size-large wp-image-94702\" alt=\"Calvin Klein Jeans traz inverno 2014 masculino cheio de personalidade\" src=\"https:\/\/i0.wp.com\/www.agrund.com\/wp-content\/uploads\/sites\/6\/cache\/2014\/01\/calvin-klein-jeans-traz-inverno-2014-masculino-cheio-de-personalidade-12\/1818686048.jpg?resize=550%2C550\" width=\"550\" height=\"550\" data-recalc-dims=\"1\" \/><\/a><p id=\"caption-attachment-94702\" class=\"wp-caption-text\">Calvin Klein Jeans traz inverno 2014 masculino cheio de personalidade<\/p><\/div>\n<div id=\"attachment_94703\" style=\"width: 560px\" class=\"wp-caption aligncenter\"><a href=\"https:\/\/i0.wp.com\/www.agrund.com\/wp-content\/uploads\/sites\/6\/2014\/01\/calvin-klein-jeans-traz-inverno-2014-masculino-cheio-de-personalidade-13.jpg\"><img aria-describedby=\"caption-attachment-94703\" data-attachment-id=\"94703\" data-permalink=\"https:\/\/agrund.com\/index.php\/calvin-klein-jeans-traz-inverno-2014-masculino-cheio-de-personalidade\/calvin-klein-jeans-traz-inverno-2014-masculino-cheio-de-personalidade-13\/\" data-orig-file=\"https:\/\/i0.wp.com\/agrund.com\/wp-content\/uploads\/sites\/6\/2014\/01\/calvin-klein-jeans-traz-inverno-2014-masculino-cheio-de-personalidade-13.jpg?fit=550%2C550&amp;ssl=1\" data-orig-size=\"550,550\" data-comments-opened=\"1\" data-image-meta=\"{&quot;aperture&quot;:&quot;0&quot;,&quot;credit&quot;:&quot;&quot;,&quot;camera&quot;:&quot;&quot;,&quot;caption&quot;:&quot;&quot;,&quot;created_timestamp&quot;:&quot;0&quot;,&quot;copyright&quot;:&quot;&quot;,&quot;focal_length&quot;:&quot;0&quot;,&quot;iso&quot;:&quot;0&quot;,&quot;shutter_speed&quot;:&quot;0&quot;,&quot;title&quot;:&quot;&quot;}\" data-image-title=\"calvin-klein-jeans-traz-inverno-2014-masculino-cheio-de-personalidade (13)\" data-image-description=\"\" data-image-caption=\"&lt;p&gt;Calvin Klein Jeans traz inverno 2014 masculino cheio de personalidade&lt;\/p&gt;\n\" data-medium-file=\"https:\/\/i0.wp.com\/agrund.com\/wp-content\/uploads\/sites\/6\/2014\/01\/calvin-klein-jeans-traz-inverno-2014-masculino-cheio-de-personalidade-13.jpg?fit=300%2C300&amp;ssl=1\" data-large-file=\"https:\/\/i0.wp.com\/agrund.com\/wp-content\/uploads\/sites\/6\/2014\/01\/calvin-klein-jeans-traz-inverno-2014-masculino-cheio-de-personalidade-13.jpg?fit=550%2C550&amp;ssl=1\" decoding=\"async\" loading=\"lazy\" class=\"size-large wp-image-94703\" alt=\"Calvin Klein Jeans traz inverno 2014 masculino cheio de personalidade\" src=\"https:\/\/i0.wp.com\/www.agrund.com\/wp-content\/uploads\/sites\/6\/cache\/2014\/01\/calvin-klein-jeans-traz-inverno-2014-masculino-cheio-de-personalidade-13\/2697786110.jpg?resize=550%2C550\" width=\"550\" height=\"550\" data-recalc-dims=\"1\" \/><\/a><p id=\"caption-attachment-94703\" class=\"wp-caption-text\">Calvin Klein Jeans traz inverno 2014 masculino cheio de personalidade<\/p><\/div>\n<div id=\"attachment_94704\" style=\"width: 560px\" class=\"wp-caption aligncenter\"><a href=\"https:\/\/i0.wp.com\/www.agrund.com\/wp-content\/uploads\/sites\/6\/2014\/01\/calvin-klein-jeans-traz-inverno-2014-masculino-cheio-de-personalidade-14.jpg\"><img aria-describedby=\"caption-attachment-94704\" data-attachment-id=\"94704\" data-permalink=\"https:\/\/agrund.com\/index.php\/calvin-klein-jeans-traz-inverno-2014-masculino-cheio-de-personalidade\/calvin-klein-jeans-traz-inverno-2014-masculino-cheio-de-personalidade-14\/\" data-orig-file=\"https:\/\/i0.wp.com\/agrund.com\/wp-content\/uploads\/sites\/6\/2014\/01\/calvin-klein-jeans-traz-inverno-2014-masculino-cheio-de-personalidade-14.jpg?fit=550%2C550&amp;ssl=1\" data-orig-size=\"550,550\" data-comments-opened=\"1\" data-image-meta=\"{&quot;aperture&quot;:&quot;0&quot;,&quot;credit&quot;:&quot;&quot;,&quot;camera&quot;:&quot;&quot;,&quot;caption&quot;:&quot;&quot;,&quot;created_timestamp&quot;:&quot;0&quot;,&quot;copyright&quot;:&quot;&quot;,&quot;focal_length&quot;:&quot;0&quot;,&quot;iso&quot;:&quot;0&quot;,&quot;shutter_speed&quot;:&quot;0&quot;,&quot;title&quot;:&quot;&quot;}\" data-image-title=\"calvin-klein-jeans-traz-inverno-2014-masculino-cheio-de-personalidade (14)\" data-image-description=\"\" data-image-caption=\"&lt;p&gt;Calvin Klein Jeans traz inverno 2014 masculino cheio de personalidade&lt;\/p&gt;\n\" data-medium-file=\"https:\/\/i0.wp.com\/agrund.com\/wp-content\/uploads\/sites\/6\/2014\/01\/calvin-klein-jeans-traz-inverno-2014-masculino-cheio-de-personalidade-14.jpg?fit=300%2C300&amp;ssl=1\" data-large-file=\"https:\/\/i0.wp.com\/agrund.com\/wp-content\/uploads\/sites\/6\/2014\/01\/calvin-klein-jeans-traz-inverno-2014-masculino-cheio-de-personalidade-14.jpg?fit=550%2C550&amp;ssl=1\" decoding=\"async\" loading=\"lazy\" class=\"size-large wp-image-94704\" alt=\"Calvin Klein Jeans traz inverno 2014 masculino cheio de personalidade\" src=\"https:\/\/i0.wp.com\/www.agrund.com\/wp-content\/uploads\/sites\/6\/cache\/2014\/01\/calvin-klein-jeans-traz-inverno-2014-masculino-cheio-de-personalidade-14\/2852781031.jpg?resize=550%2C550\" width=\"550\" height=\"550\" data-recalc-dims=\"1\" \/><\/a><p id=\"caption-attachment-94704\" class=\"wp-caption-text\">Calvin Klein Jeans traz inverno 2014 masculino cheio de personalidade<\/p><\/div>\n<p>Imagens: Divulga\u00e7\u00e3o.<\/p>\n","protected":false},"excerpt":{"rendered":"<p>O homem descolado, moderno e cool representa o inverno masculino 2014 da Calvin Klein. Isso por que a marca fez uma releitura dos aspectos urbanos, trazendo influ\u00eancia das grandes cidades, seus tons, movimentos e shapes com estilo que passeia entre o atemporal e o cl\u00e1ssico. A t-shirt traz um shape inovador, sendo essa a grande [&hellip;]<\/p>\n","protected":false},"author":1,"featured_media":94705,"comment_status":"open","ping_status":"open","sticky":false,"template":"","format":"standard","meta":{"jetpack_post_was_ever_published":false,"_jetpack_newsletter_access":"","jetpack_publicize_message":"","jetpack_is_tweetstorm":false,"jetpack_publicize_feature_enabled":true,"jetpack_social_post_already_shared":true,"jetpack_social_options":{"image_generator_settings":{"template":"highway","enabled":false}}},"categories":[6],"tags":[],"jetpack_publicize_connections":[],"jetpack_featured_media_url":"https:\/\/i0.wp.com\/agrund.com\/wp-content\/uploads\/sites\/6\/2014\/01\/slide159.jpg?fit=960%2C320&ssl=1","jetpack_sharing_enabled":true,"jetpack_shortlink":"https:\/\/wp.me\/p3Hz0n-oDe","jetpack_likes_enabled":true,"_links":{"self":[{"href":"https:\/\/agrund.com\/index.php\/wp-json\/wp\/v2\/posts\/94688"}],"collection":[{"href":"https:\/\/agrund.com\/index.php\/wp-json\/wp\/v2\/posts"}],"about":[{"href":"https:\/\/agrund.com\/index.php\/wp-json\/wp\/v2\/types\/post"}],"author":[{"embeddable":true,"href":"https:\/\/agrund.com\/index.php\/wp-json\/wp\/v2\/users\/1"}],"replies":[{"embeddable":true,"href":"https:\/\/agrund.com\/index.php\/wp-json\/wp\/v2\/comments?post=94688"}],"version-history":[{"count":0,"href":"https:\/\/agrund.com\/index.php\/wp-json\/wp\/v2\/posts\/94688\/revisions"}],"wp:featuredmedia":[{"embeddable":true,"href":"https:\/\/agrund.com\/index.php\/wp-json\/wp\/v2\/media\/94705"}],"wp:attachment":[{"href":"https:\/\/agrund.com\/index.php\/wp-json\/wp\/v2\/media?parent=94688"}],"wp:term":[{"taxonomy":"category","embeddable":true,"href":"https:\/\/agrund.com\/index.php\/wp-json\/wp\/v2\/categories?post=94688"},{"taxonomy":"post_tag","embeddable":true,"href":"https:\/\/agrund.com\/index.php\/wp-json\/wp\/v2\/tags?post=94688"}],"curies":[{"name":"wp","href":"https:\/\/api.w.org\/{rel}","templated":true}]}}