{"id":94684,"date":"2014-01-27T23:00:38","date_gmt":"2014-01-28T01:00:38","guid":{"rendered":"http:\/\/www.agrund.com\/?p=94684"},"modified":"2014-01-27T22:57:26","modified_gmt":"2014-01-28T00:57:26","slug":"grammy-filho-de-madonna-cuida-do-visual-da-cantora-para-cerimonia-do-grammy","status":"publish","type":"post","link":"https:\/\/agrund.com\/index.php\/grammy-filho-de-madonna-cuida-do-visual-da-cantora-para-cerimonia-do-grammy\/","title":{"rendered":"Grammy :: Filho de Madonna cuida do visual da cantora para cerim\u00f4nia do Grammy"},"content":{"rendered":"<p>David Banda, de 8 anos, filho de Madonna, cuida do visual da cantora para cerim\u00f4nia do Grammy e claro, do seu tamb\u00e9m. A cantora de 55 anos passou pelo tapete vermelho da premia\u00e7\u00e3o e os dois estavam usando ternos Ralph Lauren combinando, assessorados por chap\u00e9us de abas largas e muita atitude.<br \/>\nQuando perguntado por Ryan Seacrest do E! se ele tinha escolhido os looks, David respondeu: &#8220;Sim, eu escolhi&#8230; Sim ela aceita [e segue minha lideran\u00e7a]&#8221;. O mini-expert em moda David tamb\u00e9m admitiu que estava esperando que Madonna comprasse para ele um &#8220;grillz&#8221; que combinasse com o look, j\u00e1 que a cantora do hit &#8220;Hung Up&#8221; exibiu seus dentes dourados em frente \u00e0s c\u00e2meras.<br \/>\nDavid disse: &#8220;Ela disse que ia comprar um &#8216;grillz&#8217; para o meu anivers\u00e1rio&#8221;, enquanto Madonna explicou: &#8220;N\u00f3s n\u00e3o tivemos tempos, voc\u00ea precisa ir ao dentista e fazer os moldes&#8221;.<br \/>\nA super estrela pop tamb\u00e9m admitiu que o \u00fanico motivo pelo qual ela usa &#8220;grillz&#8221;, que s\u00e3o grades para os dentes tradicionalmente associadas a rappers e cultura hip hop, \u00e9 para &#8220;chatear todo mundo&#8221;.<br \/>\nEla brincou: &#8220;Sim, eu estou usando meus grillz. Isso chateia todo mundo quando eu uso minhas grillz, ent\u00e3o \u00e9 isso que eu vou fazer. Eu uso quando eu n\u00e3o tenho que comer. Na verdade eu aprendi a comer usando grillz&#8221;.<br \/>\nMadonna se juntou a Macklemore &amp; Ryan Lewis para uma apresenta\u00e7\u00e3o de &#8220;Same Love&#8221;, no Staples Center, em Los Angeles, cantando para 24 casais gays, heterossexuais e inter-raciais, enquanto eles trocavam votos no palco durante a cerim\u00f4nia, com Queen Latifah atuando como juiz de paz. Fant\u00e1stico!<\/p>\n<div id=\"attachment_94685\" style=\"width: 560px\" class=\"wp-caption aligncenter\"><a href=\"https:\/\/i0.wp.com\/www.agrund.com\/wp-content\/uploads\/sites\/6\/2014\/01\/grammy-filho-de-madonna-cuida-do-visual-da-cantora-para-cerimonia-do-grammy.jpg\"><img aria-describedby=\"caption-attachment-94685\" data-attachment-id=\"94685\" data-permalink=\"https:\/\/agrund.com\/index.php\/grammy-filho-de-madonna-cuida-do-visual-da-cantora-para-cerimonia-do-grammy\/grammy-filho-de-madonna-cuida-do-visual-da-cantora-para-cerimonia-do-grammy\/\" data-orig-file=\"https:\/\/i0.wp.com\/agrund.com\/wp-content\/uploads\/sites\/6\/2014\/01\/grammy-filho-de-madonna-cuida-do-visual-da-cantora-para-cerimonia-do-grammy.jpg?fit=550%2C826&amp;ssl=1\" data-orig-size=\"550,826\" data-comments-opened=\"1\" data-image-meta=\"{&quot;aperture&quot;:&quot;0&quot;,&quot;credit&quot;:&quot;&quot;,&quot;camera&quot;:&quot;&quot;,&quot;caption&quot;:&quot;&quot;,&quot;created_timestamp&quot;:&quot;0&quot;,&quot;copyright&quot;:&quot;&quot;,&quot;focal_length&quot;:&quot;0&quot;,&quot;iso&quot;:&quot;0&quot;,&quot;shutter_speed&quot;:&quot;0&quot;,&quot;title&quot;:&quot;&quot;}\" data-image-title=\"grammy-filho-de-madonna-cuida-do-visual-da-cantora-para-cerimonia-do-grammy\" data-image-description=\"\" data-image-caption=\"&lt;p&gt;Grammy :: Filho de Madonna cuida do visual da cantora para cerim\u00f4nia do Grammy&lt;\/p&gt;\n\" data-medium-file=\"https:\/\/i0.wp.com\/agrund.com\/wp-content\/uploads\/sites\/6\/2014\/01\/grammy-filho-de-madonna-cuida-do-visual-da-cantora-para-cerimonia-do-grammy.jpg?fit=199%2C300&amp;ssl=1\" data-large-file=\"https:\/\/i0.wp.com\/agrund.com\/wp-content\/uploads\/sites\/6\/2014\/01\/grammy-filho-de-madonna-cuida-do-visual-da-cantora-para-cerimonia-do-grammy.jpg?fit=550%2C826&amp;ssl=1\" decoding=\"async\" loading=\"lazy\" class=\"size-large wp-image-94685\" alt=\"Grammy :: Filho de Madonna cuida do visual da cantora para cerim\u00f4nia do Grammy\" src=\"https:\/\/i0.wp.com\/www.agrund.com\/wp-content\/uploads\/sites\/6\/cache\/2014\/01\/grammy-filho-de-madonna-cuida-do-visual-da-cantora-para-cerimonia-do-grammy\/4195628221.jpg?resize=550%2C826\" width=\"550\" height=\"826\" data-recalc-dims=\"1\" \/><\/a><p id=\"caption-attachment-94685\" class=\"wp-caption-text\">Grammy :: Filho de Madonna cuida do visual da cantora para cerim\u00f4nia do Grammy<\/p><\/div>\n<p>Imagens: Reprodu\u00e7\u00e3o.<\/p>\n","protected":false},"excerpt":{"rendered":"<p>David Banda, de 8 anos, filho de Madonna, cuida do visual da cantora para cerim\u00f4nia do Grammy e claro, do seu tamb\u00e9m. A cantora de 55 anos passou pelo tapete vermelho da premia\u00e7\u00e3o e os dois estavam usando ternos Ralph Lauren combinando, assessorados por chap\u00e9us de abas largas e muita atitude. Quando perguntado por Ryan [&hellip;]<\/p>\n","protected":false},"author":1,"featured_media":94686,"comment_status":"open","ping_status":"open","sticky":false,"template":"","format":"standard","meta":{"jetpack_post_was_ever_published":false,"_jetpack_newsletter_access":"","jetpack_publicize_message":"","jetpack_is_tweetstorm":false,"jetpack_publicize_feature_enabled":true,"jetpack_social_post_already_shared":true,"jetpack_social_options":{"image_generator_settings":{"template":"highway","enabled":false}}},"categories":[2],"tags":[],"jetpack_publicize_connections":[],"jetpack_featured_media_url":"https:\/\/i0.wp.com\/agrund.com\/wp-content\/uploads\/sites\/6\/2014\/01\/slide158.jpg?fit=960%2C300&ssl=1","jetpack_sharing_enabled":true,"jetpack_shortlink":"https:\/\/wp.me\/p3Hz0n-oDa","jetpack_likes_enabled":true,"_links":{"self":[{"href":"https:\/\/agrund.com\/index.php\/wp-json\/wp\/v2\/posts\/94684"}],"collection":[{"href":"https:\/\/agrund.com\/index.php\/wp-json\/wp\/v2\/posts"}],"about":[{"href":"https:\/\/agrund.com\/index.php\/wp-json\/wp\/v2\/types\/post"}],"author":[{"embeddable":true,"href":"https:\/\/agrund.com\/index.php\/wp-json\/wp\/v2\/users\/1"}],"replies":[{"embeddable":true,"href":"https:\/\/agrund.com\/index.php\/wp-json\/wp\/v2\/comments?post=94684"}],"version-history":[{"count":0,"href":"https:\/\/agrund.com\/index.php\/wp-json\/wp\/v2\/posts\/94684\/revisions"}],"wp:featuredmedia":[{"embeddable":true,"href":"https:\/\/agrund.com\/index.php\/wp-json\/wp\/v2\/media\/94686"}],"wp:attachment":[{"href":"https:\/\/agrund.com\/index.php\/wp-json\/wp\/v2\/media?parent=94684"}],"wp:term":[{"taxonomy":"category","embeddable":true,"href":"https:\/\/agrund.com\/index.php\/wp-json\/wp\/v2\/categories?post=94684"},{"taxonomy":"post_tag","embeddable":true,"href":"https:\/\/agrund.com\/index.php\/wp-json\/wp\/v2\/tags?post=94684"}],"curies":[{"name":"wp","href":"https:\/\/api.w.org\/{rel}","templated":true}]}}