{"id":94670,"date":"2014-01-27T20:00:48","date_gmt":"2014-01-27T22:00:48","guid":{"rendered":"http:\/\/www.agrund.com\/?p=94670"},"modified":"2014-01-27T15:55:32","modified_gmt":"2014-01-27T17:55:32","slug":"prada-divulga-curtas-para-seu-verao-2014","status":"publish","type":"post","link":"https:\/\/agrund.com\/index.php\/prada-divulga-curtas-para-seu-verao-2014\/","title":{"rendered":"Prada divulga curtas para seu ver\u00e3o 2014"},"content":{"rendered":"<p>Em meio aos lan\u00e7amentos das campanha primavera\/ver\u00e3o 2014, a Prada acaba de divulgar quatro curtas feitos durante os cliques de sua campanha assinada por Steven Meisel.<\/p>\n<p>Em um clima artsy e super divertido, os v\u00eddeos de 15 segundos s\u00e3o estrelados por um grande casting que conta com nomes como Julia Bergshoeff, Dorota Kullova, Ashleigh Good e Gracie Van Gastel, as quais encenam situa\u00e7\u00f5es como assistir um filme e uma partida de t\u00eanis, ou at\u00e9 participando de um festival de m\u00fasica.<\/p>\n<p>Aperte o play:<\/p>\n<p><span class=\"embed-youtube\" style=\"text-align:center; display: block;\"><iframe loading=\"lazy\" class=\"youtube-player\" width=\"640\" height=\"360\" src=\"https:\/\/www.youtube.com\/embed\/Wk-enIBszds?version=3&#038;rel=1&#038;showsearch=0&#038;showinfo=1&#038;iv_load_policy=1&#038;fs=1&#038;hl=pt-BR&#038;autohide=2&#038;wmode=transparent\" allowfullscreen=\"true\" style=\"border:0;\" sandbox=\"allow-scripts allow-same-origin allow-popups allow-presentation\"><\/iframe><\/span><\/p>\n<p><span class=\"embed-youtube\" style=\"text-align:center; display: block;\"><iframe loading=\"lazy\" class=\"youtube-player\" width=\"640\" height=\"360\" src=\"https:\/\/www.youtube.com\/embed\/bfsse880iYE?version=3&#038;rel=1&#038;showsearch=0&#038;showinfo=1&#038;iv_load_policy=1&#038;fs=1&#038;hl=pt-BR&#038;autohide=2&#038;wmode=transparent\" allowfullscreen=\"true\" style=\"border:0;\" sandbox=\"allow-scripts allow-same-origin allow-popups allow-presentation\"><\/iframe><\/span><\/p>\n<p><span class=\"embed-youtube\" style=\"text-align:center; display: block;\"><iframe loading=\"lazy\" class=\"youtube-player\" width=\"640\" height=\"360\" src=\"https:\/\/www.youtube.com\/embed\/NPtgJao9dFg?version=3&#038;rel=1&#038;showsearch=0&#038;showinfo=1&#038;iv_load_policy=1&#038;fs=1&#038;hl=pt-BR&#038;autohide=2&#038;wmode=transparent\" allowfullscreen=\"true\" style=\"border:0;\" sandbox=\"allow-scripts allow-same-origin allow-popups allow-presentation\"><\/iframe><\/span><\/p>\n<p><span class=\"embed-youtube\" style=\"text-align:center; display: block;\"><iframe loading=\"lazy\" class=\"youtube-player\" width=\"640\" height=\"360\" src=\"https:\/\/www.youtube.com\/embed\/YLcmS_zpwKA?version=3&#038;rel=1&#038;showsearch=0&#038;showinfo=1&#038;iv_load_policy=1&#038;fs=1&#038;hl=pt-BR&#038;autohide=2&#038;wmode=transparent\" allowfullscreen=\"true\" style=\"border:0;\" sandbox=\"allow-scripts allow-same-origin allow-popups allow-presentation\"><\/iframe><\/span><\/p>\n<div id=\"attachment_94671\" style=\"width: 523px\" class=\"wp-caption aligncenter\"><a href=\"https:\/\/i0.wp.com\/www.agrund.com\/wp-content\/uploads\/sites\/6\/2014\/01\/prada-divulga-curtas-para-seu-verao-2014.jpg\"><img aria-describedby=\"caption-attachment-94671\" data-attachment-id=\"94671\" data-permalink=\"https:\/\/agrund.com\/index.php\/prada-divulga-curtas-para-seu-verao-2014\/prada-divulga-curtas-para-seu-verao-2014\/\" data-orig-file=\"https:\/\/i0.wp.com\/agrund.com\/wp-content\/uploads\/sites\/6\/2014\/01\/prada-divulga-curtas-para-seu-verao-2014.jpg?fit=641%2C458&amp;ssl=1\" data-orig-size=\"641,458\" data-comments-opened=\"1\" data-image-meta=\"{&quot;aperture&quot;:&quot;0&quot;,&quot;credit&quot;:&quot;&quot;,&quot;camera&quot;:&quot;&quot;,&quot;caption&quot;:&quot;&quot;,&quot;created_timestamp&quot;:&quot;0&quot;,&quot;copyright&quot;:&quot;&quot;,&quot;focal_length&quot;:&quot;0&quot;,&quot;iso&quot;:&quot;0&quot;,&quot;shutter_speed&quot;:&quot;0&quot;,&quot;title&quot;:&quot;&quot;}\" data-image-title=\"prada-divulga-curtas-para-seu-verao-2014\" data-image-description=\"\" data-image-caption=\"&lt;p&gt;Prada divulga curtas para seu ver\u00e3o 2014&lt;\/p&gt;\n\" data-medium-file=\"https:\/\/i0.wp.com\/agrund.com\/wp-content\/uploads\/sites\/6\/2014\/01\/prada-divulga-curtas-para-seu-verao-2014.jpg?fit=300%2C214&amp;ssl=1\" data-large-file=\"https:\/\/i0.wp.com\/agrund.com\/wp-content\/uploads\/sites\/6\/2014\/01\/prada-divulga-curtas-para-seu-verao-2014.jpg?fit=641%2C458&amp;ssl=1\" decoding=\"async\" loading=\"lazy\" class=\" wp-image-94671 \" alt=\"Prada divulga curtas para seu ver\u00e3o 2014\" src=\"https:\/\/i0.wp.com\/www.agrund.com\/wp-content\/uploads\/sites\/6\/cache\/2014\/01\/prada-divulga-curtas-para-seu-verao-2014\/678365021.jpg?resize=513%2C366\" width=\"513\" height=\"366\" data-recalc-dims=\"1\" \/><\/a><p id=\"caption-attachment-94671\" class=\"wp-caption-text\">Prada divulga curtas para seu ver\u00e3o 2014<\/p><\/div>\n<p>Imagem e V\u00eddeos: Reprodu\u00e7\u00e3o.<\/p>\n","protected":false},"excerpt":{"rendered":"<p>Em meio aos lan\u00e7amentos das campanha primavera\/ver\u00e3o 2014, a Prada acaba de divulgar quatro curtas feitos durante os cliques de sua campanha assinada por Steven Meisel. Em um clima artsy e super divertido, os v\u00eddeos de 15 segundos s\u00e3o estrelados por um grande casting que conta com nomes como Julia Bergshoeff, Dorota Kullova, Ashleigh Good [&hellip;]<\/p>\n","protected":false},"author":1,"featured_media":94672,"comment_status":"open","ping_status":"open","sticky":false,"template":"","format":"standard","meta":{"jetpack_post_was_ever_published":false,"_jetpack_newsletter_access":"","jetpack_publicize_message":"","jetpack_is_tweetstorm":false,"jetpack_publicize_feature_enabled":true,"jetpack_social_post_already_shared":true,"jetpack_social_options":{"image_generator_settings":{"template":"highway","enabled":false}}},"categories":[2],"tags":[],"jetpack_publicize_connections":[],"jetpack_featured_media_url":"https:\/\/i0.wp.com\/agrund.com\/wp-content\/uploads\/sites\/6\/2014\/01\/slide155.jpg?fit=960%2C300&ssl=1","jetpack_sharing_enabled":true,"jetpack_shortlink":"https:\/\/wp.me\/p3Hz0n-oCW","jetpack_likes_enabled":true,"_links":{"self":[{"href":"https:\/\/agrund.com\/index.php\/wp-json\/wp\/v2\/posts\/94670"}],"collection":[{"href":"https:\/\/agrund.com\/index.php\/wp-json\/wp\/v2\/posts"}],"about":[{"href":"https:\/\/agrund.com\/index.php\/wp-json\/wp\/v2\/types\/post"}],"author":[{"embeddable":true,"href":"https:\/\/agrund.com\/index.php\/wp-json\/wp\/v2\/users\/1"}],"replies":[{"embeddable":true,"href":"https:\/\/agrund.com\/index.php\/wp-json\/wp\/v2\/comments?post=94670"}],"version-history":[{"count":0,"href":"https:\/\/agrund.com\/index.php\/wp-json\/wp\/v2\/posts\/94670\/revisions"}],"wp:featuredmedia":[{"embeddable":true,"href":"https:\/\/agrund.com\/index.php\/wp-json\/wp\/v2\/media\/94672"}],"wp:attachment":[{"href":"https:\/\/agrund.com\/index.php\/wp-json\/wp\/v2\/media?parent=94670"}],"wp:term":[{"taxonomy":"category","embeddable":true,"href":"https:\/\/agrund.com\/index.php\/wp-json\/wp\/v2\/categories?post=94670"},{"taxonomy":"post_tag","embeddable":true,"href":"https:\/\/agrund.com\/index.php\/wp-json\/wp\/v2\/tags?post=94670"}],"curies":[{"name":"wp","href":"https:\/\/api.w.org\/{rel}","templated":true}]}}