{"id":94645,"date":"2014-01-27T14:00:16","date_gmt":"2014-01-27T16:00:16","guid":{"rendered":"http:\/\/www.agrund.com\/?p=94645"},"modified":"2014-01-27T13:57:54","modified_gmt":"2014-01-27T15:57:54","slug":"os-homens-no-tapete-vermelho-do-grammy-2014","status":"publish","type":"post","link":"https:\/\/agrund.com\/index.php\/os-homens-no-tapete-vermelho-do-grammy-2014\/","title":{"rendered":"Os homens no Tapete Vermelho do Grammy 2014"},"content":{"rendered":"<p>Ontem aconteceu a cerim\u00f4nia anual de entrega do Grammy, maior pr\u00eamio da ind\u00fastria fonogr\u00e1fica mundial. E claro que muitas celebridades aproveitam o momento para expor a figura, no melhor sentido da palavra. Alguns merecem aprova\u00e7\u00e3o com louvor. Em compensa\u00e7\u00e3o, outros nem de casa deveriam ter sa\u00eddo. Mas ok, talentos \u00e0 parte, o que vamos analisar mesmo aqui s\u00e3o os looks.<br \/>\nA dupla vencedora de 4 Grammy(s) Melhor Artista Revela\u00e7\u00e3o, Melhor \u00c1lbum e a m\u00fasica de RAP, e Melhor Atua\u00e7\u00e3o do g\u00eanero, Mcklemore, de verde, e Rayan Lweis, n\u00e3o fizeram feio no tapete vermelho e tamb\u00e9m ganharam no quesito estilo. O melhor de tudo \u00e9 que a sofistica\u00e7\u00e3o aqui n\u00e3o ultrapassou o limite do estilo despojado dos rapazes.<\/p>\n<div id=\"attachment_94647\" style=\"width: 610px\" class=\"wp-caption aligncenter\"><a href=\"https:\/\/i0.wp.com\/www.agrund.com\/wp-content\/uploads\/sites\/6\/2014\/01\/1-Ryan-Lewis-e-Mackelmore.jpg\"><img aria-describedby=\"caption-attachment-94647\" data-attachment-id=\"94647\" data-permalink=\"https:\/\/agrund.com\/index.php\/os-homens-no-tapete-vermelho-do-grammy-2014\/1-ryan-lewis-e-mackelmore\/\" data-orig-file=\"https:\/\/i0.wp.com\/agrund.com\/wp-content\/uploads\/sites\/6\/2014\/01\/1-Ryan-Lewis-e-Mackelmore.jpg?fit=600%2C969&amp;ssl=1\" data-orig-size=\"600,969\" data-comments-opened=\"1\" data-image-meta=\"{&quot;aperture&quot;:&quot;0&quot;,&quot;credit&quot;:&quot;&quot;,&quot;camera&quot;:&quot;&quot;,&quot;caption&quot;:&quot;&quot;,&quot;created_timestamp&quot;:&quot;0&quot;,&quot;copyright&quot;:&quot;&quot;,&quot;focal_length&quot;:&quot;0&quot;,&quot;iso&quot;:&quot;0&quot;,&quot;shutter_speed&quot;:&quot;0&quot;,&quot;title&quot;:&quot;&quot;}\" data-image-title=\"1 Ryan Lewis e Mackelmore\" data-image-description=\"\" data-image-caption=\"&lt;p&gt;Ryan Lewis e Mackelmore&lt;\/p&gt;\n\" data-medium-file=\"https:\/\/i0.wp.com\/agrund.com\/wp-content\/uploads\/sites\/6\/2014\/01\/1-Ryan-Lewis-e-Mackelmore.jpg?fit=185%2C300&amp;ssl=1\" data-large-file=\"https:\/\/i0.wp.com\/agrund.com\/wp-content\/uploads\/sites\/6\/2014\/01\/1-Ryan-Lewis-e-Mackelmore.jpg?fit=600%2C969&amp;ssl=1\" decoding=\"async\" loading=\"lazy\" class=\"size-large wp-image-94647\" alt=\"Ryan Lewis e Mackelmore\" src=\"https:\/\/i0.wp.com\/www.agrund.com\/wp-content\/uploads\/sites\/6\/cache\/2014\/01\/1-Ryan-Lewis-e-Mackelmore\/2778037678.jpg?resize=600%2C969\" width=\"600\" height=\"969\" data-recalc-dims=\"1\" \/><\/a><p id=\"caption-attachment-94647\" class=\"wp-caption-text\">Ryan Lewis e Mackelmore<\/p><\/div>\n<p>Depois, os opostos tamb\u00e9m fizeram sucesso no tapete vermelho. O terno cl\u00e1ssico da Gucci usado foi a op\u00e7\u00e3o do cantor John Legend. Veja como o caimento feito sob medida faz a diferen\u00e7a. Todas as costuras ficam no lugar. J\u00e1 no clima mais rock subversivo, o poderoso Steven Tyler vai de branco, mas n\u00e3o menos estiloso. Como detalhes fazem a diferen\u00e7a, observem os punhos abertos e o sapato bicolor. Sucesso total!<\/p>\n<div id=\"attachment_94653\" style=\"width: 610px\" class=\"wp-caption aligncenter\"><a href=\"https:\/\/i0.wp.com\/www.agrund.com\/wp-content\/uploads\/sites\/6\/2014\/01\/243.jpg\"><img aria-describedby=\"caption-attachment-94653\" data-attachment-id=\"94653\" data-permalink=\"https:\/\/agrund.com\/index.php\/os-homens-no-tapete-vermelho-do-grammy-2014\/2-92\/\" data-orig-file=\"https:\/\/i0.wp.com\/agrund.com\/wp-content\/uploads\/sites\/6\/2014\/01\/243.jpg?fit=600%2C600&amp;ssl=1\" data-orig-size=\"600,600\" data-comments-opened=\"1\" data-image-meta=\"{&quot;aperture&quot;:&quot;0&quot;,&quot;credit&quot;:&quot;&quot;,&quot;camera&quot;:&quot;&quot;,&quot;caption&quot;:&quot;&quot;,&quot;created_timestamp&quot;:&quot;0&quot;,&quot;copyright&quot;:&quot;&quot;,&quot;focal_length&quot;:&quot;0&quot;,&quot;iso&quot;:&quot;0&quot;,&quot;shutter_speed&quot;:&quot;0&quot;,&quot;title&quot;:&quot;&quot;}\" data-image-title=\" John Legend e Steven Tyler\" data-image-description=\"\" data-image-caption=\"&lt;p&gt; John Legend e Steven Tyler&lt;\/p&gt;\n\" data-medium-file=\"https:\/\/i0.wp.com\/agrund.com\/wp-content\/uploads\/sites\/6\/2014\/01\/243.jpg?fit=300%2C300&amp;ssl=1\" data-large-file=\"https:\/\/i0.wp.com\/agrund.com\/wp-content\/uploads\/sites\/6\/2014\/01\/243.jpg?fit=600%2C600&amp;ssl=1\" decoding=\"async\" loading=\"lazy\" class=\"size-large wp-image-94653\" alt=\" John Legend e Steven Tyler\" src=\"https:\/\/i0.wp.com\/www.agrund.com\/wp-content\/uploads\/sites\/6\/cache\/2014\/01\/243\/831310304.jpg?resize=600%2C600\" width=\"600\" height=\"600\" data-recalc-dims=\"1\" \/><\/a><p id=\"caption-attachment-94653\" class=\"wp-caption-text\">John Legend e Steven Tyler<\/p><\/div>\n<p>Quem n\u00e3o v\u00ea cara, aqui v\u00ea cora\u00e7\u00e3o sim. Ganhadores da noite tamb\u00e9m, a dupla rob\u00f3tica Daft Punk n\u00e3o foge do seu estilo e mistura o metal futurista com o cl\u00e1ssico terno. N\u00f3s p\u00e9s, mais brilho para a noite! Roupas com bom caimento e se confrontando com o estilo eletr\u00f4nico dos misteriosos trabalhadores.<\/p>\n<div id=\"attachment_94652\" style=\"width: 610px\" class=\"wp-caption aligncenter\"><a href=\"https:\/\/i0.wp.com\/www.agrund.com\/wp-content\/uploads\/sites\/6\/2014\/01\/3-Daft-Punk.jpg\"><img aria-describedby=\"caption-attachment-94652\" data-attachment-id=\"94652\" data-permalink=\"https:\/\/agrund.com\/index.php\/os-homens-no-tapete-vermelho-do-grammy-2014\/3-daft-punk\/\" data-orig-file=\"https:\/\/i0.wp.com\/agrund.com\/wp-content\/uploads\/sites\/6\/2014\/01\/3-Daft-Punk.jpg?fit=600%2C969&amp;ssl=1\" data-orig-size=\"600,969\" data-comments-opened=\"1\" data-image-meta=\"{&quot;aperture&quot;:&quot;0&quot;,&quot;credit&quot;:&quot;&quot;,&quot;camera&quot;:&quot;&quot;,&quot;caption&quot;:&quot;&quot;,&quot;created_timestamp&quot;:&quot;0&quot;,&quot;copyright&quot;:&quot;&quot;,&quot;focal_length&quot;:&quot;0&quot;,&quot;iso&quot;:&quot;0&quot;,&quot;shutter_speed&quot;:&quot;0&quot;,&quot;title&quot;:&quot;&quot;}\" data-image-title=\"3 Daft Punk\" data-image-description=\"\" data-image-caption=\"&lt;p&gt; Daft Punk&lt;\/p&gt;\n\" data-medium-file=\"https:\/\/i0.wp.com\/agrund.com\/wp-content\/uploads\/sites\/6\/2014\/01\/3-Daft-Punk.jpg?fit=185%2C300&amp;ssl=1\" data-large-file=\"https:\/\/i0.wp.com\/agrund.com\/wp-content\/uploads\/sites\/6\/2014\/01\/3-Daft-Punk.jpg?fit=600%2C969&amp;ssl=1\" decoding=\"async\" loading=\"lazy\" class=\"size-large wp-image-94652\" alt=\" Daft Punk\" src=\"https:\/\/i0.wp.com\/www.agrund.com\/wp-content\/uploads\/sites\/6\/cache\/2014\/01\/3-Daft-Punk\/637707082.jpg?resize=600%2C969\" width=\"600\" height=\"969\" data-recalc-dims=\"1\" \/><\/a><p id=\"caption-attachment-94652\" class=\"wp-caption-text\">Daft Punk<\/p><\/div>\n<p>Aqui mais uma vez o cl\u00e1ssico e o moderno se encontram. Hunter Hayes, de Tom Ford, n\u00e3o perde a linha e tenta ficar com cara de s\u00e9rio. Mas as vezes voc\u00ea deve respeitar as fases da sua vida e n\u00e3o parecer que est\u00e1 fantasiado de noivo depois da cerim\u00f4nia. Cad\u00ea a gravata? Uma produ\u00e7\u00e3o dessa n\u00e3o \u00e9 t\u00e3o despojada. O pr\u00eamio come\u00e7ou \u00e1 tarde e voc\u00ea podia sim ficar mais descontra\u00eddo ou assumir o cl\u00e1ssico total. Mas sem problemas! J\u00e1 o jovem Austin Mahone declarou que mandou fazer sua roupa, que era de Sanctuary78. Confus\u00e3o entre o brilho do tecido e a modelagem que parecia um pouco maior que o tamanho do garoto. Ganhou pela descontra\u00e7\u00e3o do t\u00eanis, mas aqui a parte de cima n\u00e3o \u00e9 da mesma pessoa da parte de baixo. Confere produ\u00e7\u00e3o?<\/p>\n<div id=\"attachment_94654\" style=\"width: 610px\" class=\"wp-caption aligncenter\"><a href=\"https:\/\/i0.wp.com\/www.agrund.com\/wp-content\/uploads\/sites\/6\/2014\/01\/443.jpg\"><img aria-describedby=\"caption-attachment-94654\" data-attachment-id=\"94654\" data-permalink=\"https:\/\/agrund.com\/index.php\/os-homens-no-tapete-vermelho-do-grammy-2014\/4-87\/\" data-orig-file=\"https:\/\/i0.wp.com\/agrund.com\/wp-content\/uploads\/sites\/6\/2014\/01\/443.jpg?fit=600%2C600&amp;ssl=1\" data-orig-size=\"600,600\" data-comments-opened=\"1\" data-image-meta=\"{&quot;aperture&quot;:&quot;0&quot;,&quot;credit&quot;:&quot;&quot;,&quot;camera&quot;:&quot;&quot;,&quot;caption&quot;:&quot;&quot;,&quot;created_timestamp&quot;:&quot;0&quot;,&quot;copyright&quot;:&quot;&quot;,&quot;focal_length&quot;:&quot;0&quot;,&quot;iso&quot;:&quot;0&quot;,&quot;shutter_speed&quot;:&quot;0&quot;,&quot;title&quot;:&quot;&quot;}\" data-image-title=\"Hunter Hayes e Austin Mahone\" data-image-description=\"\" data-image-caption=\"&lt;p&gt;Hunter Hayes e Austin Mahone&lt;\/p&gt;\n\" data-medium-file=\"https:\/\/i0.wp.com\/agrund.com\/wp-content\/uploads\/sites\/6\/2014\/01\/443.jpg?fit=300%2C300&amp;ssl=1\" data-large-file=\"https:\/\/i0.wp.com\/agrund.com\/wp-content\/uploads\/sites\/6\/2014\/01\/443.jpg?fit=600%2C600&amp;ssl=1\" decoding=\"async\" loading=\"lazy\" class=\"size-large wp-image-94654\" alt=\"Hunter Hayes e Austin Mahone\" src=\"https:\/\/i0.wp.com\/www.agrund.com\/wp-content\/uploads\/sites\/6\/cache\/2014\/01\/443\/1016248743.jpg?resize=600%2C600\" width=\"600\" height=\"600\" data-recalc-dims=\"1\" \/><\/a><p id=\"caption-attachment-94654\" class=\"wp-caption-text\">Hunter Hayes e Austin Mahone<\/p><\/div>\n<p>E no quesito para onde eu vou, um errou no tamanho e outro na tentativa de ficar moderno. Ed Sheeran, mesmo de Gucci, n\u00e3o foi feliz na escolha do tamanho. Durante o tapete vermelho ele estava visivelmente desconfort\u00e1vel. J\u00e1 Kaskade passou de baixo de uma cascata de cafonice e depois seguiu direto para a premia\u00e7\u00e3o do Grammy 2014. Medo e falta de no\u00e7\u00e3o.<\/p>\n<div id=\"attachment_94655\" style=\"width: 610px\" class=\"wp-caption aligncenter\"><a href=\"https:\/\/i0.wp.com\/www.agrund.com\/wp-content\/uploads\/sites\/6\/2014\/01\/542.jpg\"><img aria-describedby=\"caption-attachment-94655\" data-attachment-id=\"94655\" data-permalink=\"https:\/\/agrund.com\/index.php\/os-homens-no-tapete-vermelho-do-grammy-2014\/5-86\/\" data-orig-file=\"https:\/\/i0.wp.com\/agrund.com\/wp-content\/uploads\/sites\/6\/2014\/01\/542.jpg?fit=600%2C600&amp;ssl=1\" data-orig-size=\"600,600\" data-comments-opened=\"1\" data-image-meta=\"{&quot;aperture&quot;:&quot;0&quot;,&quot;credit&quot;:&quot;&quot;,&quot;camera&quot;:&quot;&quot;,&quot;caption&quot;:&quot;&quot;,&quot;created_timestamp&quot;:&quot;0&quot;,&quot;copyright&quot;:&quot;&quot;,&quot;focal_length&quot;:&quot;0&quot;,&quot;iso&quot;:&quot;0&quot;,&quot;shutter_speed&quot;:&quot;0&quot;,&quot;title&quot;:&quot;&quot;}\" data-image-title=\"Ed Sheeran e Kaskade\" data-image-description=\"\" data-image-caption=\"&lt;p&gt;Ed Sheeran e Kaskade&lt;\/p&gt;\n\" data-medium-file=\"https:\/\/i0.wp.com\/agrund.com\/wp-content\/uploads\/sites\/6\/2014\/01\/542.jpg?fit=300%2C300&amp;ssl=1\" data-large-file=\"https:\/\/i0.wp.com\/agrund.com\/wp-content\/uploads\/sites\/6\/2014\/01\/542.jpg?fit=600%2C600&amp;ssl=1\" decoding=\"async\" loading=\"lazy\" class=\"size-large wp-image-94655\" alt=\"Ed Sheeran e Kaskade\" src=\"https:\/\/i0.wp.com\/www.agrund.com\/wp-content\/uploads\/sites\/6\/cache\/2014\/01\/542\/536531463.jpg?resize=600%2C600\" width=\"600\" height=\"600\" data-recalc-dims=\"1\" \/><\/a><p id=\"caption-attachment-94655\" class=\"wp-caption-text\">Ed Sheeran e Kaskade<\/p><\/div>\n<p>No final da lista, com um chap\u00e9u estiloso da Vivienne Westwood, Pharrell Williams misturou os estilos esportivo, militar e lenhador e ganhou como roupa mais estranha da noite no tapete vermelho. Tudo bem que a cerim\u00f4nia come\u00e7ou de dia, mas e depois para a festa? Ele foi de guarda florestal? Mas valeu a irrever\u00eancia!<\/p>\n<div id=\"attachment_94657\" style=\"width: 610px\" class=\"wp-caption aligncenter\"><a href=\"https:\/\/i0.wp.com\/www.agrund.com\/wp-content\/uploads\/sites\/6\/2014\/01\/6-Pharrell-Williams-de-Vivienne-Westwood-chapeu.jpg\"><img aria-describedby=\"caption-attachment-94657\" data-attachment-id=\"94657\" data-permalink=\"https:\/\/agrund.com\/index.php\/os-homens-no-tapete-vermelho-do-grammy-2014\/6-pharrell-williams-de-vivienne-westwood-chapeu\/\" data-orig-file=\"https:\/\/i0.wp.com\/agrund.com\/wp-content\/uploads\/sites\/6\/2014\/01\/6-Pharrell-Williams-de-Vivienne-Westwood-chapeu.jpg?fit=600%2C969&amp;ssl=1\" data-orig-size=\"600,969\" data-comments-opened=\"1\" data-image-meta=\"{&quot;aperture&quot;:&quot;0&quot;,&quot;credit&quot;:&quot;&quot;,&quot;camera&quot;:&quot;&quot;,&quot;caption&quot;:&quot;&quot;,&quot;created_timestamp&quot;:&quot;0&quot;,&quot;copyright&quot;:&quot;&quot;,&quot;focal_length&quot;:&quot;0&quot;,&quot;iso&quot;:&quot;0&quot;,&quot;shutter_speed&quot;:&quot;0&quot;,&quot;title&quot;:&quot;&quot;}\" data-image-title=\"6 Pharrell Williams de Vivienne Westwood chapeu\" data-image-description=\"\" data-image-caption=\"&lt;p&gt;Pharrell Williams &lt;\/p&gt;\n\" data-medium-file=\"https:\/\/i0.wp.com\/agrund.com\/wp-content\/uploads\/sites\/6\/2014\/01\/6-Pharrell-Williams-de-Vivienne-Westwood-chapeu.jpg?fit=185%2C300&amp;ssl=1\" data-large-file=\"https:\/\/i0.wp.com\/agrund.com\/wp-content\/uploads\/sites\/6\/2014\/01\/6-Pharrell-Williams-de-Vivienne-Westwood-chapeu.jpg?fit=600%2C969&amp;ssl=1\" decoding=\"async\" loading=\"lazy\" class=\"size-large wp-image-94657\" alt=\"Pharrell Williams \" src=\"https:\/\/i0.wp.com\/www.agrund.com\/wp-content\/uploads\/sites\/6\/cache\/2014\/01\/6-Pharrell-Williams-de-Vivienne-Westwood-chapeu\/2706999810.jpg?resize=600%2C969\" width=\"600\" height=\"969\" data-recalc-dims=\"1\" \/><\/a><p id=\"caption-attachment-94657\" class=\"wp-caption-text\">Pharrell Williams<\/p><\/div>\n<p>Imagens: Reprodu\u00e7\u00e3o.<\/p>\n","protected":false},"excerpt":{"rendered":"<p>Ontem aconteceu a cerim\u00f4nia anual de entrega do Grammy, maior pr\u00eamio da ind\u00fastria fonogr\u00e1fica mundial. E claro que muitas celebridades aproveitam o momento para expor a figura, no melhor sentido da palavra. Alguns merecem aprova\u00e7\u00e3o com louvor. Em compensa\u00e7\u00e3o, outros nem de casa deveriam ter sa\u00eddo. Mas ok, talentos \u00e0 parte, o que vamos analisar [&hellip;]<\/p>\n","protected":false},"author":1,"featured_media":94659,"comment_status":"open","ping_status":"open","sticky":false,"template":"","format":"standard","meta":{"jetpack_post_was_ever_published":false,"_jetpack_newsletter_access":"","jetpack_publicize_message":"","jetpack_is_tweetstorm":false,"jetpack_publicize_feature_enabled":true,"jetpack_social_post_already_shared":true,"jetpack_social_options":{"image_generator_settings":{"template":"highway","enabled":false}}},"categories":[6],"tags":[],"jetpack_publicize_connections":[],"jetpack_featured_media_url":"https:\/\/i0.wp.com\/agrund.com\/wp-content\/uploads\/sites\/6\/2014\/01\/slide153.jpg?fit=960%2C300&ssl=1","jetpack_sharing_enabled":true,"jetpack_shortlink":"https:\/\/wp.me\/p3Hz0n-oCx","jetpack_likes_enabled":true,"_links":{"self":[{"href":"https:\/\/agrund.com\/index.php\/wp-json\/wp\/v2\/posts\/94645"}],"collection":[{"href":"https:\/\/agrund.com\/index.php\/wp-json\/wp\/v2\/posts"}],"about":[{"href":"https:\/\/agrund.com\/index.php\/wp-json\/wp\/v2\/types\/post"}],"author":[{"embeddable":true,"href":"https:\/\/agrund.com\/index.php\/wp-json\/wp\/v2\/users\/1"}],"replies":[{"embeddable":true,"href":"https:\/\/agrund.com\/index.php\/wp-json\/wp\/v2\/comments?post=94645"}],"version-history":[{"count":0,"href":"https:\/\/agrund.com\/index.php\/wp-json\/wp\/v2\/posts\/94645\/revisions"}],"wp:featuredmedia":[{"embeddable":true,"href":"https:\/\/agrund.com\/index.php\/wp-json\/wp\/v2\/media\/94659"}],"wp:attachment":[{"href":"https:\/\/agrund.com\/index.php\/wp-json\/wp\/v2\/media?parent=94645"}],"wp:term":[{"taxonomy":"category","embeddable":true,"href":"https:\/\/agrund.com\/index.php\/wp-json\/wp\/v2\/categories?post=94645"},{"taxonomy":"post_tag","embeddable":true,"href":"https:\/\/agrund.com\/index.php\/wp-json\/wp\/v2\/tags?post=94645"}],"curies":[{"name":"wp","href":"https:\/\/api.w.org\/{rel}","templated":true}]}}