{"id":94609,"date":"2014-01-27T17:00:04","date_gmt":"2014-01-27T19:00:04","guid":{"rendered":"http:\/\/www.agrund.com\/?p=94609"},"modified":"2014-01-27T13:58:18","modified_gmt":"2014-01-27T15:58:18","slug":"a-nova-colecao-de-jeremy-scott-para-a-adidas-originals","status":"publish","type":"post","link":"https:\/\/agrund.com\/index.php\/a-nova-colecao-de-jeremy-scott-para-a-adidas-originals\/","title":{"rendered":"A nova cole\u00e7\u00e3o de Jeremy Scott para a Adidas Originals"},"content":{"rendered":"<p>A parceria de Jeremy Scott com a Adidas Originals continua firme e acaba de ganhar um novo cap\u00edtulo. Nas pr\u00f3ximas semanas chega \u00e0s lojas a cole\u00e7\u00e3o masculina primavera\/ver\u00e3o 2014 onde, como de costume, traz um sportwear super estampado, colorido e ousado.<\/p>\n<p>S\u00e3o shorts, camisetas, regatas, jaquetas, sneakers, como a nova vers\u00e3o do ic\u00f4nico &#8216;Wings&#8217;, e at\u00e9 bolsas. Confira:<\/p>\n<div id=\"attachment_94619\" style=\"width: 490px\" class=\"wp-caption aligncenter\"><a href=\"https:\/\/i0.wp.com\/www.agrund.com\/wp-content\/uploads\/sites\/6\/2014\/01\/adidas-originals-by-jeremy-scott-2014-spring-summer-lookbook-19.jpg\"><img aria-describedby=\"caption-attachment-94619\" data-attachment-id=\"94619\" data-permalink=\"https:\/\/agrund.com\/index.php\/a-nova-colecao-de-jeremy-scott-para-a-adidas-originals\/adidas-originals-by-jeremy-scott-2014-spring-summer-lookbook-19\/\" data-orig-file=\"https:\/\/i0.wp.com\/agrund.com\/wp-content\/uploads\/sites\/6\/2014\/01\/adidas-originals-by-jeremy-scott-2014-spring-summer-lookbook-19.jpg?fit=480%2C720&amp;ssl=1\" data-orig-size=\"480,720\" data-comments-opened=\"1\" data-image-meta=\"{&quot;aperture&quot;:&quot;0&quot;,&quot;credit&quot;:&quot;&quot;,&quot;camera&quot;:&quot;&quot;,&quot;caption&quot;:&quot;&quot;,&quot;created_timestamp&quot;:&quot;0&quot;,&quot;copyright&quot;:&quot;&quot;,&quot;focal_length&quot;:&quot;0&quot;,&quot;iso&quot;:&quot;0&quot;,&quot;shutter_speed&quot;:&quot;0&quot;,&quot;title&quot;:&quot;&quot;}\" data-image-title=\"Moda Masculina :: A nova cole\u00e7\u00e3o de Jeremy Scott para a Adidas Originals \" data-image-description=\"\" data-image-caption=\"&lt;p&gt;Moda Masculina :: A nova cole\u00e7\u00e3o de Jeremy Scott para a Adidas Originals &lt;\/p&gt;\n\" data-medium-file=\"https:\/\/i0.wp.com\/agrund.com\/wp-content\/uploads\/sites\/6\/2014\/01\/adidas-originals-by-jeremy-scott-2014-spring-summer-lookbook-19.jpg?fit=200%2C300&amp;ssl=1\" data-large-file=\"https:\/\/i0.wp.com\/agrund.com\/wp-content\/uploads\/sites\/6\/2014\/01\/adidas-originals-by-jeremy-scott-2014-spring-summer-lookbook-19.jpg?fit=480%2C720&amp;ssl=1\" decoding=\"async\" loading=\"lazy\" class=\"size-full wp-image-94619\" alt=\"Moda Masculina :: A nova cole\u00e7\u00e3o de Jeremy Scott para a Adidas Originals \" src=\"https:\/\/i0.wp.com\/www.agrund.com\/wp-content\/uploads\/sites\/6\/2014\/01\/adidas-originals-by-jeremy-scott-2014-spring-summer-lookbook-19.jpg?resize=480%2C720\" width=\"480\" height=\"720\" srcset=\"https:\/\/i0.wp.com\/agrund.com\/wp-content\/uploads\/sites\/6\/2014\/01\/adidas-originals-by-jeremy-scott-2014-spring-summer-lookbook-19.jpg?w=480&amp;ssl=1 480w, https:\/\/i0.wp.com\/agrund.com\/wp-content\/uploads\/sites\/6\/2014\/01\/adidas-originals-by-jeremy-scott-2014-spring-summer-lookbook-19.jpg?resize=200%2C300&amp;ssl=1 200w\" sizes=\"(max-width: 480px) 100vw, 480px\" data-recalc-dims=\"1\" \/><\/a><p id=\"caption-attachment-94619\" class=\"wp-caption-text\">Moda Masculina :: A nova cole\u00e7\u00e3o de Jeremy Scott para a Adidas Originals<\/p><\/div>\n<div id=\"attachment_94610\" style=\"width: 490px\" class=\"wp-caption aligncenter\"><a href=\"https:\/\/i0.wp.com\/www.agrund.com\/wp-content\/uploads\/sites\/6\/2014\/01\/adidas-originals-by-jeremy-scott-2014-spring-summer-lookbook-1.jpg\"><img aria-describedby=\"caption-attachment-94610\" data-attachment-id=\"94610\" data-permalink=\"https:\/\/agrund.com\/index.php\/a-nova-colecao-de-jeremy-scott-para-a-adidas-originals\/adidas-originals-by-jeremy-scott-2014-spring-summer-lookbook-1\/\" data-orig-file=\"https:\/\/i0.wp.com\/agrund.com\/wp-content\/uploads\/sites\/6\/2014\/01\/adidas-originals-by-jeremy-scott-2014-spring-summer-lookbook-1.jpg?fit=480%2C719&amp;ssl=1\" data-orig-size=\"480,719\" data-comments-opened=\"1\" data-image-meta=\"{&quot;aperture&quot;:&quot;0&quot;,&quot;credit&quot;:&quot;&quot;,&quot;camera&quot;:&quot;&quot;,&quot;caption&quot;:&quot;&quot;,&quot;created_timestamp&quot;:&quot;0&quot;,&quot;copyright&quot;:&quot;&quot;,&quot;focal_length&quot;:&quot;0&quot;,&quot;iso&quot;:&quot;0&quot;,&quot;shutter_speed&quot;:&quot;0&quot;,&quot;title&quot;:&quot;&quot;}\" data-image-title=\"Moda Masculina :: A nova cole\u00e7\u00e3o de Jeremy Scott para a Adidas Originals \" data-image-description=\"\" data-image-caption=\"&lt;p&gt;Moda Masculina :: A nova cole\u00e7\u00e3o de Jeremy Scott para a Adidas Originals &lt;\/p&gt;\n\" data-medium-file=\"https:\/\/i0.wp.com\/agrund.com\/wp-content\/uploads\/sites\/6\/2014\/01\/adidas-originals-by-jeremy-scott-2014-spring-summer-lookbook-1.jpg?fit=200%2C300&amp;ssl=1\" data-large-file=\"https:\/\/i0.wp.com\/agrund.com\/wp-content\/uploads\/sites\/6\/2014\/01\/adidas-originals-by-jeremy-scott-2014-spring-summer-lookbook-1.jpg?fit=480%2C719&amp;ssl=1\" decoding=\"async\" loading=\"lazy\" class=\"size-full wp-image-94610\" alt=\"Moda Masculina :: A nova cole\u00e7\u00e3o de Jeremy Scott para a Adidas Originals \" src=\"https:\/\/i0.wp.com\/www.agrund.com\/wp-content\/uploads\/sites\/6\/2014\/01\/adidas-originals-by-jeremy-scott-2014-spring-summer-lookbook-1.jpg?resize=480%2C719\" width=\"480\" height=\"719\" srcset=\"https:\/\/i0.wp.com\/agrund.com\/wp-content\/uploads\/sites\/6\/2014\/01\/adidas-originals-by-jeremy-scott-2014-spring-summer-lookbook-1.jpg?w=480&amp;ssl=1 480w, https:\/\/i0.wp.com\/agrund.com\/wp-content\/uploads\/sites\/6\/2014\/01\/adidas-originals-by-jeremy-scott-2014-spring-summer-lookbook-1.jpg?resize=200%2C300&amp;ssl=1 200w\" sizes=\"(max-width: 480px) 100vw, 480px\" data-recalc-dims=\"1\" \/><\/a><p id=\"caption-attachment-94610\" class=\"wp-caption-text\">Moda Masculina :: A nova cole\u00e7\u00e3o de Jeremy Scott para a Adidas Originals<\/p><\/div>\n<div id=\"attachment_94617\" style=\"width: 490px\" class=\"wp-caption aligncenter\"><a href=\"https:\/\/i0.wp.com\/www.agrund.com\/wp-content\/uploads\/sites\/6\/2014\/01\/adidas-originals-by-jeremy-scott-2014-spring-summer-lookbook-17.jpg\"><img aria-describedby=\"caption-attachment-94617\" data-attachment-id=\"94617\" data-permalink=\"https:\/\/agrund.com\/index.php\/a-nova-colecao-de-jeremy-scott-para-a-adidas-originals\/adidas-originals-by-jeremy-scott-2014-spring-summer-lookbook-17\/\" data-orig-file=\"https:\/\/i0.wp.com\/agrund.com\/wp-content\/uploads\/sites\/6\/2014\/01\/adidas-originals-by-jeremy-scott-2014-spring-summer-lookbook-17.jpg?fit=480%2C720&amp;ssl=1\" data-orig-size=\"480,720\" data-comments-opened=\"1\" data-image-meta=\"{&quot;aperture&quot;:&quot;0&quot;,&quot;credit&quot;:&quot;&quot;,&quot;camera&quot;:&quot;&quot;,&quot;caption&quot;:&quot;&quot;,&quot;created_timestamp&quot;:&quot;0&quot;,&quot;copyright&quot;:&quot;&quot;,&quot;focal_length&quot;:&quot;0&quot;,&quot;iso&quot;:&quot;0&quot;,&quot;shutter_speed&quot;:&quot;0&quot;,&quot;title&quot;:&quot;&quot;}\" data-image-title=\"Moda Masculina :: A nova cole\u00e7\u00e3o de Jeremy Scott para a Adidas Originals \" data-image-description=\"\" data-image-caption=\"&lt;p&gt;Moda Masculina :: A nova cole\u00e7\u00e3o de Jeremy Scott para a Adidas Originals &lt;\/p&gt;\n\" data-medium-file=\"https:\/\/i0.wp.com\/agrund.com\/wp-content\/uploads\/sites\/6\/2014\/01\/adidas-originals-by-jeremy-scott-2014-spring-summer-lookbook-17.jpg?fit=200%2C300&amp;ssl=1\" data-large-file=\"https:\/\/i0.wp.com\/agrund.com\/wp-content\/uploads\/sites\/6\/2014\/01\/adidas-originals-by-jeremy-scott-2014-spring-summer-lookbook-17.jpg?fit=480%2C720&amp;ssl=1\" decoding=\"async\" loading=\"lazy\" class=\"size-full wp-image-94617\" alt=\"Moda Masculina :: A nova cole\u00e7\u00e3o de Jeremy Scott para a Adidas Originals \" src=\"https:\/\/i0.wp.com\/www.agrund.com\/wp-content\/uploads\/sites\/6\/2014\/01\/adidas-originals-by-jeremy-scott-2014-spring-summer-lookbook-17.jpg?resize=480%2C720\" width=\"480\" height=\"720\" srcset=\"https:\/\/i0.wp.com\/agrund.com\/wp-content\/uploads\/sites\/6\/2014\/01\/adidas-originals-by-jeremy-scott-2014-spring-summer-lookbook-17.jpg?w=480&amp;ssl=1 480w, https:\/\/i0.wp.com\/agrund.com\/wp-content\/uploads\/sites\/6\/2014\/01\/adidas-originals-by-jeremy-scott-2014-spring-summer-lookbook-17.jpg?resize=200%2C300&amp;ssl=1 200w\" sizes=\"(max-width: 480px) 100vw, 480px\" data-recalc-dims=\"1\" \/><\/a><p id=\"caption-attachment-94617\" class=\"wp-caption-text\">Moda Masculina :: A nova cole\u00e7\u00e3o de Jeremy Scott para a Adidas Originals<\/p><\/div>\n<div id=\"attachment_94618\" style=\"width: 490px\" class=\"wp-caption aligncenter\"><a href=\"https:\/\/i0.wp.com\/www.agrund.com\/wp-content\/uploads\/sites\/6\/2014\/01\/adidas-originals-by-jeremy-scott-2014-spring-summer-lookbook-18.jpg\"><img aria-describedby=\"caption-attachment-94618\" data-attachment-id=\"94618\" data-permalink=\"https:\/\/agrund.com\/index.php\/a-nova-colecao-de-jeremy-scott-para-a-adidas-originals\/adidas-originals-by-jeremy-scott-2014-spring-summer-lookbook-18\/\" data-orig-file=\"https:\/\/i0.wp.com\/agrund.com\/wp-content\/uploads\/sites\/6\/2014\/01\/adidas-originals-by-jeremy-scott-2014-spring-summer-lookbook-18.jpg?fit=480%2C720&amp;ssl=1\" data-orig-size=\"480,720\" data-comments-opened=\"1\" data-image-meta=\"{&quot;aperture&quot;:&quot;0&quot;,&quot;credit&quot;:&quot;&quot;,&quot;camera&quot;:&quot;&quot;,&quot;caption&quot;:&quot;&quot;,&quot;created_timestamp&quot;:&quot;0&quot;,&quot;copyright&quot;:&quot;&quot;,&quot;focal_length&quot;:&quot;0&quot;,&quot;iso&quot;:&quot;0&quot;,&quot;shutter_speed&quot;:&quot;0&quot;,&quot;title&quot;:&quot;&quot;}\" data-image-title=\"Moda Masculina :: A nova cole\u00e7\u00e3o de Jeremy Scott para a Adidas Originals \" data-image-description=\"\" data-image-caption=\"&lt;p&gt;Moda Masculina :: A nova cole\u00e7\u00e3o de Jeremy Scott para a Adidas Originals &lt;\/p&gt;\n\" data-medium-file=\"https:\/\/i0.wp.com\/agrund.com\/wp-content\/uploads\/sites\/6\/2014\/01\/adidas-originals-by-jeremy-scott-2014-spring-summer-lookbook-18.jpg?fit=200%2C300&amp;ssl=1\" data-large-file=\"https:\/\/i0.wp.com\/agrund.com\/wp-content\/uploads\/sites\/6\/2014\/01\/adidas-originals-by-jeremy-scott-2014-spring-summer-lookbook-18.jpg?fit=480%2C720&amp;ssl=1\" decoding=\"async\" loading=\"lazy\" class=\"size-full wp-image-94618\" alt=\"Moda Masculina :: A nova cole\u00e7\u00e3o de Jeremy Scott para a Adidas Originals \" src=\"https:\/\/i0.wp.com\/www.agrund.com\/wp-content\/uploads\/sites\/6\/2014\/01\/adidas-originals-by-jeremy-scott-2014-spring-summer-lookbook-18.jpg?resize=480%2C720\" width=\"480\" height=\"720\" srcset=\"https:\/\/i0.wp.com\/agrund.com\/wp-content\/uploads\/sites\/6\/2014\/01\/adidas-originals-by-jeremy-scott-2014-spring-summer-lookbook-18.jpg?w=480&amp;ssl=1 480w, https:\/\/i0.wp.com\/agrund.com\/wp-content\/uploads\/sites\/6\/2014\/01\/adidas-originals-by-jeremy-scott-2014-spring-summer-lookbook-18.jpg?resize=200%2C300&amp;ssl=1 200w\" sizes=\"(max-width: 480px) 100vw, 480px\" data-recalc-dims=\"1\" \/><\/a><p id=\"caption-attachment-94618\" class=\"wp-caption-text\">Moda Masculina :: A nova cole\u00e7\u00e3o de Jeremy Scott para a Adidas Originals<\/p><\/div>\n<div id=\"attachment_94616\" style=\"width: 490px\" class=\"wp-caption aligncenter\"><a href=\"https:\/\/i0.wp.com\/www.agrund.com\/wp-content\/uploads\/sites\/6\/2014\/01\/adidas-originals-by-jeremy-scott-2014-spring-summer-lookbook-13.jpg\"><img aria-describedby=\"caption-attachment-94616\" data-attachment-id=\"94616\" data-permalink=\"https:\/\/agrund.com\/index.php\/a-nova-colecao-de-jeremy-scott-para-a-adidas-originals\/adidas-originals-by-jeremy-scott-2014-spring-summer-lookbook-13\/\" data-orig-file=\"https:\/\/i0.wp.com\/agrund.com\/wp-content\/uploads\/sites\/6\/2014\/01\/adidas-originals-by-jeremy-scott-2014-spring-summer-lookbook-13.jpg?fit=480%2C719&amp;ssl=1\" data-orig-size=\"480,719\" data-comments-opened=\"1\" data-image-meta=\"{&quot;aperture&quot;:&quot;0&quot;,&quot;credit&quot;:&quot;&quot;,&quot;camera&quot;:&quot;&quot;,&quot;caption&quot;:&quot;&quot;,&quot;created_timestamp&quot;:&quot;0&quot;,&quot;copyright&quot;:&quot;&quot;,&quot;focal_length&quot;:&quot;0&quot;,&quot;iso&quot;:&quot;0&quot;,&quot;shutter_speed&quot;:&quot;0&quot;,&quot;title&quot;:&quot;&quot;}\" data-image-title=\"Moda Masculina :: A nova cole\u00e7\u00e3o de Jeremy Scott para a Adidas Originals \" data-image-description=\"\" data-image-caption=\"&lt;p&gt;Moda Masculina :: A nova cole\u00e7\u00e3o de Jeremy Scott para a Adidas Originals &lt;\/p&gt;\n\" data-medium-file=\"https:\/\/i0.wp.com\/agrund.com\/wp-content\/uploads\/sites\/6\/2014\/01\/adidas-originals-by-jeremy-scott-2014-spring-summer-lookbook-13.jpg?fit=200%2C300&amp;ssl=1\" data-large-file=\"https:\/\/i0.wp.com\/agrund.com\/wp-content\/uploads\/sites\/6\/2014\/01\/adidas-originals-by-jeremy-scott-2014-spring-summer-lookbook-13.jpg?fit=480%2C719&amp;ssl=1\" decoding=\"async\" loading=\"lazy\" class=\"size-full wp-image-94616\" alt=\"Moda Masculina :: A nova cole\u00e7\u00e3o de Jeremy Scott para a Adidas Originals \" src=\"https:\/\/i0.wp.com\/www.agrund.com\/wp-content\/uploads\/sites\/6\/2014\/01\/adidas-originals-by-jeremy-scott-2014-spring-summer-lookbook-13.jpg?resize=480%2C719\" width=\"480\" height=\"719\" srcset=\"https:\/\/i0.wp.com\/agrund.com\/wp-content\/uploads\/sites\/6\/2014\/01\/adidas-originals-by-jeremy-scott-2014-spring-summer-lookbook-13.jpg?w=480&amp;ssl=1 480w, https:\/\/i0.wp.com\/agrund.com\/wp-content\/uploads\/sites\/6\/2014\/01\/adidas-originals-by-jeremy-scott-2014-spring-summer-lookbook-13.jpg?resize=200%2C300&amp;ssl=1 200w\" sizes=\"(max-width: 480px) 100vw, 480px\" data-recalc-dims=\"1\" \/><\/a><p id=\"caption-attachment-94616\" class=\"wp-caption-text\">Moda Masculina :: A nova cole\u00e7\u00e3o de Jeremy Scott para a Adidas Originals<\/p><\/div>\n<div id=\"attachment_94614\" style=\"width: 490px\" class=\"wp-caption aligncenter\"><a href=\"https:\/\/i0.wp.com\/www.agrund.com\/wp-content\/uploads\/sites\/6\/2014\/01\/adidas-originals-by-jeremy-scott-2014-spring-summer-lookbook-9.jpg\"><img aria-describedby=\"caption-attachment-94614\" data-attachment-id=\"94614\" data-permalink=\"https:\/\/agrund.com\/index.php\/a-nova-colecao-de-jeremy-scott-para-a-adidas-originals\/adidas-originals-by-jeremy-scott-2014-spring-summer-lookbook-9\/\" data-orig-file=\"https:\/\/i0.wp.com\/agrund.com\/wp-content\/uploads\/sites\/6\/2014\/01\/adidas-originals-by-jeremy-scott-2014-spring-summer-lookbook-9.jpg?fit=480%2C720&amp;ssl=1\" data-orig-size=\"480,720\" data-comments-opened=\"1\" data-image-meta=\"{&quot;aperture&quot;:&quot;0&quot;,&quot;credit&quot;:&quot;&quot;,&quot;camera&quot;:&quot;&quot;,&quot;caption&quot;:&quot;&quot;,&quot;created_timestamp&quot;:&quot;0&quot;,&quot;copyright&quot;:&quot;&quot;,&quot;focal_length&quot;:&quot;0&quot;,&quot;iso&quot;:&quot;0&quot;,&quot;shutter_speed&quot;:&quot;0&quot;,&quot;title&quot;:&quot;&quot;}\" data-image-title=\"Moda Masculina :: A nova cole\u00e7\u00e3o de Jeremy Scott para a Adidas Originals \" data-image-description=\"\" data-image-caption=\"&lt;p&gt;Moda Masculina :: A nova cole\u00e7\u00e3o de Jeremy Scott para a Adidas Originals &lt;\/p&gt;\n\" data-medium-file=\"https:\/\/i0.wp.com\/agrund.com\/wp-content\/uploads\/sites\/6\/2014\/01\/adidas-originals-by-jeremy-scott-2014-spring-summer-lookbook-9.jpg?fit=200%2C300&amp;ssl=1\" data-large-file=\"https:\/\/i0.wp.com\/agrund.com\/wp-content\/uploads\/sites\/6\/2014\/01\/adidas-originals-by-jeremy-scott-2014-spring-summer-lookbook-9.jpg?fit=480%2C720&amp;ssl=1\" decoding=\"async\" loading=\"lazy\" class=\"size-full wp-image-94614\" alt=\"Moda Masculina :: A nova cole\u00e7\u00e3o de Jeremy Scott para a Adidas Originals \" src=\"https:\/\/i0.wp.com\/www.agrund.com\/wp-content\/uploads\/sites\/6\/2014\/01\/adidas-originals-by-jeremy-scott-2014-spring-summer-lookbook-9.jpg?resize=480%2C720\" width=\"480\" height=\"720\" srcset=\"https:\/\/i0.wp.com\/agrund.com\/wp-content\/uploads\/sites\/6\/2014\/01\/adidas-originals-by-jeremy-scott-2014-spring-summer-lookbook-9.jpg?w=480&amp;ssl=1 480w, https:\/\/i0.wp.com\/agrund.com\/wp-content\/uploads\/sites\/6\/2014\/01\/adidas-originals-by-jeremy-scott-2014-spring-summer-lookbook-9.jpg?resize=200%2C300&amp;ssl=1 200w\" sizes=\"(max-width: 480px) 100vw, 480px\" data-recalc-dims=\"1\" \/><\/a><p id=\"caption-attachment-94614\" class=\"wp-caption-text\">Moda Masculina :: A nova cole\u00e7\u00e3o de Jeremy Scott para a Adidas Originals<\/p><\/div>\n<div id=\"attachment_94615\" style=\"width: 490px\" class=\"wp-caption aligncenter\"><a href=\"https:\/\/i0.wp.com\/www.agrund.com\/wp-content\/uploads\/sites\/6\/2014\/01\/adidas-originals-by-jeremy-scott-2014-spring-summer-lookbook-11.jpg\"><img aria-describedby=\"caption-attachment-94615\" data-attachment-id=\"94615\" data-permalink=\"https:\/\/agrund.com\/index.php\/a-nova-colecao-de-jeremy-scott-para-a-adidas-originals\/adidas-originals-by-jeremy-scott-2014-spring-summer-lookbook-11\/\" data-orig-file=\"https:\/\/i0.wp.com\/agrund.com\/wp-content\/uploads\/sites\/6\/2014\/01\/adidas-originals-by-jeremy-scott-2014-spring-summer-lookbook-11.jpg?fit=480%2C719&amp;ssl=1\" data-orig-size=\"480,719\" data-comments-opened=\"1\" data-image-meta=\"{&quot;aperture&quot;:&quot;0&quot;,&quot;credit&quot;:&quot;&quot;,&quot;camera&quot;:&quot;&quot;,&quot;caption&quot;:&quot;&quot;,&quot;created_timestamp&quot;:&quot;0&quot;,&quot;copyright&quot;:&quot;&quot;,&quot;focal_length&quot;:&quot;0&quot;,&quot;iso&quot;:&quot;0&quot;,&quot;shutter_speed&quot;:&quot;0&quot;,&quot;title&quot;:&quot;&quot;}\" data-image-title=\"Moda Masculina :: A nova cole\u00e7\u00e3o de Jeremy Scott para a Adidas Originals \" data-image-description=\"\" data-image-caption=\"&lt;p&gt;Moda Masculina :: A nova cole\u00e7\u00e3o de Jeremy Scott para a Adidas Originals &lt;\/p&gt;\n\" data-medium-file=\"https:\/\/i0.wp.com\/agrund.com\/wp-content\/uploads\/sites\/6\/2014\/01\/adidas-originals-by-jeremy-scott-2014-spring-summer-lookbook-11.jpg?fit=200%2C300&amp;ssl=1\" data-large-file=\"https:\/\/i0.wp.com\/agrund.com\/wp-content\/uploads\/sites\/6\/2014\/01\/adidas-originals-by-jeremy-scott-2014-spring-summer-lookbook-11.jpg?fit=480%2C719&amp;ssl=1\" decoding=\"async\" loading=\"lazy\" class=\"size-full wp-image-94615\" alt=\"Moda Masculina :: A nova cole\u00e7\u00e3o de Jeremy Scott para a Adidas Originals \" src=\"https:\/\/i0.wp.com\/www.agrund.com\/wp-content\/uploads\/sites\/6\/2014\/01\/adidas-originals-by-jeremy-scott-2014-spring-summer-lookbook-11.jpg?resize=480%2C719\" width=\"480\" height=\"719\" srcset=\"https:\/\/i0.wp.com\/agrund.com\/wp-content\/uploads\/sites\/6\/2014\/01\/adidas-originals-by-jeremy-scott-2014-spring-summer-lookbook-11.jpg?w=480&amp;ssl=1 480w, https:\/\/i0.wp.com\/agrund.com\/wp-content\/uploads\/sites\/6\/2014\/01\/adidas-originals-by-jeremy-scott-2014-spring-summer-lookbook-11.jpg?resize=200%2C300&amp;ssl=1 200w\" sizes=\"(max-width: 480px) 100vw, 480px\" data-recalc-dims=\"1\" \/><\/a><p id=\"caption-attachment-94615\" class=\"wp-caption-text\">Moda Masculina :: A nova cole\u00e7\u00e3o de Jeremy Scott para a Adidas Originals<\/p><\/div>\n<div id=\"attachment_94613\" style=\"width: 490px\" class=\"wp-caption aligncenter\"><a href=\"https:\/\/i0.wp.com\/www.agrund.com\/wp-content\/uploads\/sites\/6\/2014\/01\/adidas-originals-by-jeremy-scott-2014-spring-summer-lookbook-7.jpg\"><img aria-describedby=\"caption-attachment-94613\" data-attachment-id=\"94613\" data-permalink=\"https:\/\/agrund.com\/index.php\/a-nova-colecao-de-jeremy-scott-para-a-adidas-originals\/adidas-originals-by-jeremy-scott-2014-spring-summer-lookbook-7\/\" data-orig-file=\"https:\/\/i0.wp.com\/agrund.com\/wp-content\/uploads\/sites\/6\/2014\/01\/adidas-originals-by-jeremy-scott-2014-spring-summer-lookbook-7.jpg?fit=480%2C720&amp;ssl=1\" data-orig-size=\"480,720\" data-comments-opened=\"1\" data-image-meta=\"{&quot;aperture&quot;:&quot;0&quot;,&quot;credit&quot;:&quot;&quot;,&quot;camera&quot;:&quot;&quot;,&quot;caption&quot;:&quot;&quot;,&quot;created_timestamp&quot;:&quot;0&quot;,&quot;copyright&quot;:&quot;&quot;,&quot;focal_length&quot;:&quot;0&quot;,&quot;iso&quot;:&quot;0&quot;,&quot;shutter_speed&quot;:&quot;0&quot;,&quot;title&quot;:&quot;&quot;}\" data-image-title=\"Moda Masculina :: A nova cole\u00e7\u00e3o de Jeremy Scott para a Adidas Originals \" data-image-description=\"\" data-image-caption=\"&lt;p&gt;Moda Masculina :: A nova cole\u00e7\u00e3o de Jeremy Scott para a Adidas Originals &lt;\/p&gt;\n\" data-medium-file=\"https:\/\/i0.wp.com\/agrund.com\/wp-content\/uploads\/sites\/6\/2014\/01\/adidas-originals-by-jeremy-scott-2014-spring-summer-lookbook-7.jpg?fit=200%2C300&amp;ssl=1\" data-large-file=\"https:\/\/i0.wp.com\/agrund.com\/wp-content\/uploads\/sites\/6\/2014\/01\/adidas-originals-by-jeremy-scott-2014-spring-summer-lookbook-7.jpg?fit=480%2C720&amp;ssl=1\" decoding=\"async\" loading=\"lazy\" class=\"size-full wp-image-94613\" alt=\"Moda Masculina :: A nova cole\u00e7\u00e3o de Jeremy Scott para a Adidas Originals \" src=\"https:\/\/i0.wp.com\/www.agrund.com\/wp-content\/uploads\/sites\/6\/2014\/01\/adidas-originals-by-jeremy-scott-2014-spring-summer-lookbook-7.jpg?resize=480%2C720\" width=\"480\" height=\"720\" srcset=\"https:\/\/i0.wp.com\/agrund.com\/wp-content\/uploads\/sites\/6\/2014\/01\/adidas-originals-by-jeremy-scott-2014-spring-summer-lookbook-7.jpg?w=480&amp;ssl=1 480w, https:\/\/i0.wp.com\/agrund.com\/wp-content\/uploads\/sites\/6\/2014\/01\/adidas-originals-by-jeremy-scott-2014-spring-summer-lookbook-7.jpg?resize=200%2C300&amp;ssl=1 200w\" sizes=\"(max-width: 480px) 100vw, 480px\" data-recalc-dims=\"1\" \/><\/a><p id=\"caption-attachment-94613\" class=\"wp-caption-text\">Moda Masculina :: A nova cole\u00e7\u00e3o de Jeremy Scott para a Adidas Originals<\/p><\/div>\n<p>Imagens: Reprodu\u00e7\u00e3o.<\/p>\n<p>&nbsp;<\/p>\n<p>&nbsp;<\/p>\n<p>&nbsp;<\/p>\n<p>&nbsp;<\/p>\n<p>&nbsp;<\/p>\n<p>&nbsp;<\/p>\n<p>&nbsp;<\/p>\n","protected":false},"excerpt":{"rendered":"<p>A parceria de Jeremy Scott com a Adidas Originals continua firme e acaba de ganhar um novo cap\u00edtulo. Nas pr\u00f3ximas semanas chega \u00e0s lojas a cole\u00e7\u00e3o masculina primavera\/ver\u00e3o 2014 onde, como de costume, traz um sportwear super estampado, colorido e ousado. S\u00e3o shorts, camisetas, regatas, jaquetas, sneakers, como a nova vers\u00e3o do ic\u00f4nico &#8216;Wings&#8217;, e [&hellip;]<\/p>\n","protected":false},"author":8,"featured_media":94620,"comment_status":"open","ping_status":"open","sticky":false,"template":"","format":"standard","meta":{"jetpack_post_was_ever_published":false,"_jetpack_newsletter_access":"","jetpack_publicize_message":"","jetpack_is_tweetstorm":false,"jetpack_publicize_feature_enabled":true,"jetpack_social_post_already_shared":true,"jetpack_social_options":{"image_generator_settings":{"template":"highway","enabled":false}}},"categories":[6],"tags":[],"jetpack_publicize_connections":[],"jetpack_featured_media_url":"https:\/\/i0.wp.com\/agrund.com\/wp-content\/uploads\/sites\/6\/2014\/01\/side.jpg?fit=960%2C300&ssl=1","jetpack_sharing_enabled":true,"jetpack_shortlink":"https:\/\/wp.me\/p3Hz0n-oBX","jetpack_likes_enabled":true,"_links":{"self":[{"href":"https:\/\/agrund.com\/index.php\/wp-json\/wp\/v2\/posts\/94609"}],"collection":[{"href":"https:\/\/agrund.com\/index.php\/wp-json\/wp\/v2\/posts"}],"about":[{"href":"https:\/\/agrund.com\/index.php\/wp-json\/wp\/v2\/types\/post"}],"author":[{"embeddable":true,"href":"https:\/\/agrund.com\/index.php\/wp-json\/wp\/v2\/users\/8"}],"replies":[{"embeddable":true,"href":"https:\/\/agrund.com\/index.php\/wp-json\/wp\/v2\/comments?post=94609"}],"version-history":[{"count":0,"href":"https:\/\/agrund.com\/index.php\/wp-json\/wp\/v2\/posts\/94609\/revisions"}],"wp:featuredmedia":[{"embeddable":true,"href":"https:\/\/agrund.com\/index.php\/wp-json\/wp\/v2\/media\/94620"}],"wp:attachment":[{"href":"https:\/\/agrund.com\/index.php\/wp-json\/wp\/v2\/media?parent=94609"}],"wp:term":[{"taxonomy":"category","embeddable":true,"href":"https:\/\/agrund.com\/index.php\/wp-json\/wp\/v2\/categories?post=94609"},{"taxonomy":"post_tag","embeddable":true,"href":"https:\/\/agrund.com\/index.php\/wp-json\/wp\/v2\/tags?post=94609"}],"curies":[{"name":"wp","href":"https:\/\/api.w.org\/{rel}","templated":true}]}}