{"id":94578,"date":"2014-01-27T10:00:01","date_gmt":"2014-01-27T12:00:01","guid":{"rendered":"http:\/\/www.agrund.com\/?p=94578"},"modified":"2014-01-27T06:23:09","modified_gmt":"2014-01-27T08:23:09","slug":"as-tendencias-da-semana-de-moda-de-paris","status":"publish","type":"post","link":"https:\/\/agrund.com\/index.php\/as-tendencias-da-semana-de-moda-de-paris\/","title":{"rendered":"As tend\u00eancias da Semana de Moda de Paris"},"content":{"rendered":"<p>Semana passada falei do que rolou nas passarelas da Semana de Moda de Mil\u00e3o s\u00f3 para Homens. Agora chegou a vez de falar sobre Paris, uma semana de moda que mistura o conceito, o comercial e o inimagin\u00e1vel. Mais uma vez separei aqui alguns looks que podem ir para as ruas e outros que v\u00e3o dar o que falar, dentro e fora do mundo da moda. Ent\u00e3o, sem perder nenhum segundo, vamos l\u00e1!<\/p>\n<p>As listras continuam fortes desde Londres e Mil\u00e3o. J\u00e1 em Paris elas aparecem de v\u00e1rias maneiras. Da mais subversiva e irreverente com mensagem social de Walter Van Beirondonck. J\u00e1 a Louis Vuitton mostrou um belo terno com listras verticais e um casaco sobreposto com listras horizontais. Essa foi a primeira cole\u00e7\u00e3o do estilista Kim Jones sem a coordena\u00e7\u00e3o de Marc Jacobs.<\/p>\n<div id=\"attachment_94579\" style=\"width: 460px\" class=\"wp-caption aligncenter\"><a href=\"https:\/\/i0.wp.com\/www.agrund.com\/wp-content\/uploads\/sites\/6\/2014\/01\/1-Louis-Vuitton.jpg\"><img aria-describedby=\"caption-attachment-94579\" data-attachment-id=\"94579\" data-permalink=\"https:\/\/agrund.com\/index.php\/as-tendencias-da-semana-de-moda-de-paris\/1-louis-vuitton\/\" data-orig-file=\"https:\/\/i0.wp.com\/agrund.com\/wp-content\/uploads\/sites\/6\/2014\/01\/1-Louis-Vuitton.jpg?fit=450%2C675&amp;ssl=1\" data-orig-size=\"450,675\" data-comments-opened=\"1\" data-image-meta=\"{&quot;aperture&quot;:&quot;0&quot;,&quot;credit&quot;:&quot;&quot;,&quot;camera&quot;:&quot;&quot;,&quot;caption&quot;:&quot;&quot;,&quot;created_timestamp&quot;:&quot;0&quot;,&quot;copyright&quot;:&quot;Photo: Marcus Tondo \\\/ Indigitalimages.com&quot;,&quot;focal_length&quot;:&quot;0&quot;,&quot;iso&quot;:&quot;0&quot;,&quot;shutter_speed&quot;:&quot;0&quot;,&quot;title&quot;:&quot;&quot;}\" data-image-title=\"As tend\u00eancias da Semana de Moda de Paris \" data-image-description=\"\" data-image-caption=\"&lt;p&gt;Louis Vuitton&lt;\/p&gt;\n\" data-medium-file=\"https:\/\/i0.wp.com\/agrund.com\/wp-content\/uploads\/sites\/6\/2014\/01\/1-Louis-Vuitton.jpg?fit=200%2C300&amp;ssl=1\" data-large-file=\"https:\/\/i0.wp.com\/agrund.com\/wp-content\/uploads\/sites\/6\/2014\/01\/1-Louis-Vuitton.jpg?fit=450%2C675&amp;ssl=1\" decoding=\"async\" loading=\"lazy\" class=\"size-full wp-image-94579\" alt=\"As tend\u00eancias da Semana de Moda de Paris \" src=\"https:\/\/i0.wp.com\/www.agrund.com\/wp-content\/uploads\/sites\/6\/2014\/01\/1-Louis-Vuitton.jpg?resize=450%2C675\" width=\"450\" height=\"675\" srcset=\"https:\/\/i0.wp.com\/agrund.com\/wp-content\/uploads\/sites\/6\/2014\/01\/1-Louis-Vuitton.jpg?w=450&amp;ssl=1 450w, https:\/\/i0.wp.com\/agrund.com\/wp-content\/uploads\/sites\/6\/2014\/01\/1-Louis-Vuitton.jpg?resize=200%2C300&amp;ssl=1 200w\" sizes=\"(max-width: 450px) 100vw, 450px\" data-recalc-dims=\"1\" \/><\/a><p id=\"caption-attachment-94579\" class=\"wp-caption-text\">Louis Vuitton<\/p><\/div>\n<div id=\"attachment_94580\" style=\"width: 460px\" class=\"wp-caption aligncenter\"><a href=\"https:\/\/i0.wp.com\/www.agrund.com\/wp-content\/uploads\/sites\/6\/2014\/01\/1-Walter-Van-Beirondonck.jpg\"><img aria-describedby=\"caption-attachment-94580\" data-attachment-id=\"94580\" data-permalink=\"https:\/\/agrund.com\/index.php\/as-tendencias-da-semana-de-moda-de-paris\/1-walter-van-beirondonck\/\" data-orig-file=\"https:\/\/i0.wp.com\/agrund.com\/wp-content\/uploads\/sites\/6\/2014\/01\/1-Walter-Van-Beirondonck.jpg?fit=450%2C675&amp;ssl=1\" data-orig-size=\"450,675\" data-comments-opened=\"1\" data-image-meta=\"{&quot;aperture&quot;:&quot;0&quot;,&quot;credit&quot;:&quot;&quot;,&quot;camera&quot;:&quot;&quot;,&quot;caption&quot;:&quot;&quot;,&quot;created_timestamp&quot;:&quot;0&quot;,&quot;copyright&quot;:&quot;Photo: Yannis Vlamos \\\/ Indigitalimages.com&quot;,&quot;focal_length&quot;:&quot;0&quot;,&quot;iso&quot;:&quot;0&quot;,&quot;shutter_speed&quot;:&quot;0&quot;,&quot;title&quot;:&quot;&quot;}\" data-image-title=\"As tend\u00eancias da Semana de Moda de Paris \" data-image-description=\"\" data-image-caption=\"&lt;p&gt;Walter Van Beirondonck&lt;\/p&gt;\n\" data-medium-file=\"https:\/\/i0.wp.com\/agrund.com\/wp-content\/uploads\/sites\/6\/2014\/01\/1-Walter-Van-Beirondonck.jpg?fit=200%2C300&amp;ssl=1\" data-large-file=\"https:\/\/i0.wp.com\/agrund.com\/wp-content\/uploads\/sites\/6\/2014\/01\/1-Walter-Van-Beirondonck.jpg?fit=450%2C675&amp;ssl=1\" decoding=\"async\" loading=\"lazy\" class=\"size-full wp-image-94580\" alt=\"As tend\u00eancias da Semana de Moda de Paris \" src=\"https:\/\/i0.wp.com\/www.agrund.com\/wp-content\/uploads\/sites\/6\/2014\/01\/1-Walter-Van-Beirondonck.jpg?resize=450%2C675\" width=\"450\" height=\"675\" srcset=\"https:\/\/i0.wp.com\/agrund.com\/wp-content\/uploads\/sites\/6\/2014\/01\/1-Walter-Van-Beirondonck.jpg?w=450&amp;ssl=1 450w, https:\/\/i0.wp.com\/agrund.com\/wp-content\/uploads\/sites\/6\/2014\/01\/1-Walter-Van-Beirondonck.jpg?resize=200%2C300&amp;ssl=1 200w\" sizes=\"(max-width: 450px) 100vw, 450px\" data-recalc-dims=\"1\" \/><\/a><p id=\"caption-attachment-94580\" class=\"wp-caption-text\">Walter Van Beirondonck<\/p><\/div>\n<p>&nbsp;<\/p>\n<p>As estampas que remetem ao safari e o camuflado tamb\u00e9m fazem parte do inverno 2014\/2015 para homens. O mais legal \u00e9 que os dois estilos apareceram misturados com um toque mais esportivo. O camuflado de Valentino apareceu num terno bem sequinho e a estampa de bicho apareceu com modelagem colegial no desfile da marca Saint Laurent Paris.<\/p>\n<div id=\"attachment_94581\" style=\"width: 460px\" class=\"wp-caption aligncenter\"><a href=\"https:\/\/i0.wp.com\/www.agrund.com\/wp-content\/uploads\/sites\/6\/2014\/01\/2-Saint-Laurent.jpg\"><img aria-describedby=\"caption-attachment-94581\" data-attachment-id=\"94581\" data-permalink=\"https:\/\/agrund.com\/index.php\/as-tendencias-da-semana-de-moda-de-paris\/2-saint-laurent\/\" data-orig-file=\"https:\/\/i0.wp.com\/agrund.com\/wp-content\/uploads\/sites\/6\/2014\/01\/2-Saint-Laurent.jpg?fit=450%2C675&amp;ssl=1\" data-orig-size=\"450,675\" data-comments-opened=\"1\" data-image-meta=\"{&quot;aperture&quot;:&quot;0&quot;,&quot;credit&quot;:&quot;&quot;,&quot;camera&quot;:&quot;&quot;,&quot;caption&quot;:&quot;&quot;,&quot;created_timestamp&quot;:&quot;0&quot;,&quot;copyright&quot;:&quot;Photo: Gianni Pucci \\\/ Indigitalimages.com&quot;,&quot;focal_length&quot;:&quot;0&quot;,&quot;iso&quot;:&quot;0&quot;,&quot;shutter_speed&quot;:&quot;0&quot;,&quot;title&quot;:&quot;&quot;}\" data-image-title=\"As tend\u00eancias da Semana de Moda de Paris \" data-image-description=\"\" data-image-caption=\"&lt;p&gt;Saint Lauent&lt;\/p&gt;\n\" data-medium-file=\"https:\/\/i0.wp.com\/agrund.com\/wp-content\/uploads\/sites\/6\/2014\/01\/2-Saint-Laurent.jpg?fit=200%2C300&amp;ssl=1\" data-large-file=\"https:\/\/i0.wp.com\/agrund.com\/wp-content\/uploads\/sites\/6\/2014\/01\/2-Saint-Laurent.jpg?fit=450%2C675&amp;ssl=1\" decoding=\"async\" loading=\"lazy\" class=\"size-full wp-image-94581\" alt=\"As tend\u00eancias da Semana de Moda de Paris \" src=\"https:\/\/i0.wp.com\/www.agrund.com\/wp-content\/uploads\/sites\/6\/2014\/01\/2-Saint-Laurent.jpg?resize=450%2C675\" width=\"450\" height=\"675\" srcset=\"https:\/\/i0.wp.com\/agrund.com\/wp-content\/uploads\/sites\/6\/2014\/01\/2-Saint-Laurent.jpg?w=450&amp;ssl=1 450w, https:\/\/i0.wp.com\/agrund.com\/wp-content\/uploads\/sites\/6\/2014\/01\/2-Saint-Laurent.jpg?resize=200%2C300&amp;ssl=1 200w\" sizes=\"(max-width: 450px) 100vw, 450px\" data-recalc-dims=\"1\" \/><\/a><p id=\"caption-attachment-94581\" class=\"wp-caption-text\">Saint Lauent<\/p><\/div>\n<div id=\"attachment_94582\" style=\"width: 460px\" class=\"wp-caption aligncenter\"><a href=\"https:\/\/i0.wp.com\/www.agrund.com\/wp-content\/uploads\/sites\/6\/2014\/01\/2-Valentino.jpg\"><img aria-describedby=\"caption-attachment-94582\" data-attachment-id=\"94582\" data-permalink=\"https:\/\/agrund.com\/index.php\/as-tendencias-da-semana-de-moda-de-paris\/2-valentino\/\" data-orig-file=\"https:\/\/i0.wp.com\/agrund.com\/wp-content\/uploads\/sites\/6\/2014\/01\/2-Valentino.jpg?fit=450%2C675&amp;ssl=1\" data-orig-size=\"450,675\" data-comments-opened=\"1\" data-image-meta=\"{&quot;aperture&quot;:&quot;0&quot;,&quot;credit&quot;:&quot;&quot;,&quot;camera&quot;:&quot;&quot;,&quot;caption&quot;:&quot;&quot;,&quot;created_timestamp&quot;:&quot;0&quot;,&quot;copyright&quot;:&quot;Photo: Marcus Tondo \\\/ Indigitalimages.com&quot;,&quot;focal_length&quot;:&quot;0&quot;,&quot;iso&quot;:&quot;0&quot;,&quot;shutter_speed&quot;:&quot;0&quot;,&quot;title&quot;:&quot;&quot;}\" data-image-title=\"As tend\u00eancias da Semana de Moda de Paris \" data-image-description=\"\" data-image-caption=\"&lt;p&gt;Valentino&lt;\/p&gt;\n\" data-medium-file=\"https:\/\/i0.wp.com\/agrund.com\/wp-content\/uploads\/sites\/6\/2014\/01\/2-Valentino.jpg?fit=200%2C300&amp;ssl=1\" data-large-file=\"https:\/\/i0.wp.com\/agrund.com\/wp-content\/uploads\/sites\/6\/2014\/01\/2-Valentino.jpg?fit=450%2C675&amp;ssl=1\" decoding=\"async\" loading=\"lazy\" class=\"size-full wp-image-94582\" alt=\"As tend\u00eancias da Semana de Moda de Paris \" src=\"https:\/\/i0.wp.com\/www.agrund.com\/wp-content\/uploads\/sites\/6\/2014\/01\/2-Valentino.jpg?resize=450%2C675\" width=\"450\" height=\"675\" srcset=\"https:\/\/i0.wp.com\/agrund.com\/wp-content\/uploads\/sites\/6\/2014\/01\/2-Valentino.jpg?w=450&amp;ssl=1 450w, https:\/\/i0.wp.com\/agrund.com\/wp-content\/uploads\/sites\/6\/2014\/01\/2-Valentino.jpg?resize=200%2C300&amp;ssl=1 200w\" sizes=\"(max-width: 450px) 100vw, 450px\" data-recalc-dims=\"1\" \/><\/a><p id=\"caption-attachment-94582\" class=\"wp-caption-text\">Valentino<\/p><\/div>\n<p>&nbsp;<\/p>\n<p>Os casacos longos e cheios de tecnologia reinar\u00e3o na temporada inverno 2014\/2015. Duas marcas surpreenderam: o belga Dries Van Noten trouxe o casaco quase como um paraquedas. J\u00e1 a esportiva Y-3, parceria entre Adidas e Yohji Yamamoto, mostrou duas cores s\u00f3brias como o azul e o verde militar em perfeita sintonia.<\/p>\n<div id=\"attachment_94583\" style=\"width: 460px\" class=\"wp-caption aligncenter\"><a href=\"https:\/\/i0.wp.com\/www.agrund.com\/wp-content\/uploads\/sites\/6\/2014\/01\/3-Dries-Van-Noten.jpg\"><img aria-describedby=\"caption-attachment-94583\" data-attachment-id=\"94583\" data-permalink=\"https:\/\/agrund.com\/index.php\/as-tendencias-da-semana-de-moda-de-paris\/3-dries-van-noten\/\" data-orig-file=\"https:\/\/i0.wp.com\/agrund.com\/wp-content\/uploads\/sites\/6\/2014\/01\/3-Dries-Van-Noten.jpg?fit=450%2C675&amp;ssl=1\" data-orig-size=\"450,675\" data-comments-opened=\"1\" data-image-meta=\"{&quot;aperture&quot;:&quot;6.3&quot;,&quot;credit&quot;:&quot;&quot;,&quot;camera&quot;:&quot;NIKON D4&quot;,&quot;caption&quot;:&quot;&quot;,&quot;created_timestamp&quot;:&quot;1389904464&quot;,&quot;copyright&quot;:&quot;Photo: Yannis Vlamos \\\/ Indigitalimages.com&quot;,&quot;focal_length&quot;:&quot;290&quot;,&quot;iso&quot;:&quot;1250&quot;,&quot;shutter_speed&quot;:&quot;0.002&quot;,&quot;title&quot;:&quot;&quot;}\" data-image-title=\"As tend\u00eancias da Semana de Moda de Paris \" data-image-description=\"\" data-image-caption=\"&lt;p&gt;Dries Van Noten&lt;\/p&gt;\n\" data-medium-file=\"https:\/\/i0.wp.com\/agrund.com\/wp-content\/uploads\/sites\/6\/2014\/01\/3-Dries-Van-Noten.jpg?fit=200%2C300&amp;ssl=1\" data-large-file=\"https:\/\/i0.wp.com\/agrund.com\/wp-content\/uploads\/sites\/6\/2014\/01\/3-Dries-Van-Noten.jpg?fit=450%2C675&amp;ssl=1\" decoding=\"async\" loading=\"lazy\" class=\"size-full wp-image-94583\" alt=\"As tend\u00eancias da Semana de Moda de Paris \" src=\"https:\/\/i0.wp.com\/www.agrund.com\/wp-content\/uploads\/sites\/6\/2014\/01\/3-Dries-Van-Noten.jpg?resize=450%2C675\" width=\"450\" height=\"675\" srcset=\"https:\/\/i0.wp.com\/agrund.com\/wp-content\/uploads\/sites\/6\/2014\/01\/3-Dries-Van-Noten.jpg?w=450&amp;ssl=1 450w, https:\/\/i0.wp.com\/agrund.com\/wp-content\/uploads\/sites\/6\/2014\/01\/3-Dries-Van-Noten.jpg?resize=200%2C300&amp;ssl=1 200w\" sizes=\"(max-width: 450px) 100vw, 450px\" data-recalc-dims=\"1\" \/><\/a><p id=\"caption-attachment-94583\" class=\"wp-caption-text\">Dries Van Noten<\/p><\/div>\n<div id=\"attachment_94584\" style=\"width: 460px\" class=\"wp-caption aligncenter\"><a href=\"https:\/\/i0.wp.com\/www.agrund.com\/wp-content\/uploads\/sites\/6\/2014\/01\/3-Y3.jpg\"><img aria-describedby=\"caption-attachment-94584\" data-attachment-id=\"94584\" data-permalink=\"https:\/\/agrund.com\/index.php\/as-tendencias-da-semana-de-moda-de-paris\/3-y3\/\" data-orig-file=\"https:\/\/i0.wp.com\/agrund.com\/wp-content\/uploads\/sites\/6\/2014\/01\/3-Y3.jpg?fit=450%2C675&amp;ssl=1\" data-orig-size=\"450,675\" data-comments-opened=\"1\" data-image-meta=\"{&quot;aperture&quot;:&quot;4.5&quot;,&quot;credit&quot;:&quot;piero cristaldi&quot;,&quot;camera&quot;:&quot;Canon EOS-1D X&quot;,&quot;caption&quot;:&quot;&quot;,&quot;created_timestamp&quot;:&quot;1390146775&quot;,&quot;copyright&quot;:&quot;Photo: Monica Feudi \\\/ Feudiguaineri.com&quot;,&quot;focal_length&quot;:&quot;175&quot;,&quot;iso&quot;:&quot;1250&quot;,&quot;shutter_speed&quot;:&quot;0.0025&quot;,&quot;title&quot;:&quot;&quot;}\" data-image-title=\"As tend\u00eancias da Semana de Moda de Paris \" data-image-description=\"\" data-image-caption=\"&lt;p&gt;Y3&lt;\/p&gt;\n\" data-medium-file=\"https:\/\/i0.wp.com\/agrund.com\/wp-content\/uploads\/sites\/6\/2014\/01\/3-Y3.jpg?fit=200%2C300&amp;ssl=1\" data-large-file=\"https:\/\/i0.wp.com\/agrund.com\/wp-content\/uploads\/sites\/6\/2014\/01\/3-Y3.jpg?fit=450%2C675&amp;ssl=1\" decoding=\"async\" loading=\"lazy\" class=\"size-full wp-image-94584\" alt=\"As tend\u00eancias da Semana de Moda de Paris \" src=\"https:\/\/i0.wp.com\/www.agrund.com\/wp-content\/uploads\/sites\/6\/2014\/01\/3-Y3.jpg?resize=450%2C675\" width=\"450\" height=\"675\" srcset=\"https:\/\/i0.wp.com\/agrund.com\/wp-content\/uploads\/sites\/6\/2014\/01\/3-Y3.jpg?w=450&amp;ssl=1 450w, https:\/\/i0.wp.com\/agrund.com\/wp-content\/uploads\/sites\/6\/2014\/01\/3-Y3.jpg?resize=200%2C300&amp;ssl=1 200w\" sizes=\"(max-width: 450px) 100vw, 450px\" data-recalc-dims=\"1\" \/><\/a><p id=\"caption-attachment-94584\" class=\"wp-caption-text\">Y3<\/p><\/div>\n<p>&nbsp;<\/p>\n<p>Imposs\u00edvel n\u00e3o ver um terno bem cortado na Semana Masculina de Moda de Paris. O fato \u00e9 que cada marca imprime o seu DNA nessa proposta cl\u00e1ssica. A Lanvin deu uma cara nais descontra\u00edda e esportiva para a combina\u00e7\u00e3o. O legal \u00e9 que o verde, cor da temporada, aparece em detalhes, iluminando belos looks, e a estampa traz um ar mais de heritage ao visual.(Heritage \u00e9 o sin\u00f4nimo de vintage aplicado para homens, vem de heran\u00e7a). J\u00e1 a ousada marca Comme des Gar\u00e7ons apresentou o terno com cal\u00e7as amplas e o palet\u00f3 com recortes goem\u00e9tricos. Ousado e bem restrito ao p\u00fablico-alvo que consome CdG.<\/p>\n<div id=\"attachment_94585\" style=\"width: 459px\" class=\"wp-caption aligncenter\"><a href=\"https:\/\/i0.wp.com\/www.agrund.com\/wp-content\/uploads\/sites\/6\/2014\/01\/4-Comme-des-Gar\u00e7ons.jpg\"><img aria-describedby=\"caption-attachment-94585\" data-attachment-id=\"94585\" data-permalink=\"https:\/\/agrund.com\/index.php\/as-tendencias-da-semana-de-moda-de-paris\/4-comme-des-garcons\/\" data-orig-file=\"https:\/\/i0.wp.com\/agrund.com\/wp-content\/uploads\/sites\/6\/2014\/01\/4-Comme-des-Gar\u00e7ons.jpg?fit=449%2C675&amp;ssl=1\" data-orig-size=\"449,675\" data-comments-opened=\"1\" data-image-meta=\"{&quot;aperture&quot;:&quot;0&quot;,&quot;credit&quot;:&quot;&quot;,&quot;camera&quot;:&quot;&quot;,&quot;caption&quot;:&quot;&quot;,&quot;created_timestamp&quot;:&quot;0&quot;,&quot;copyright&quot;:&quot;Photo: Yannis Vlamos \\\/ Indigitalimages.com&quot;,&quot;focal_length&quot;:&quot;0&quot;,&quot;iso&quot;:&quot;0&quot;,&quot;shutter_speed&quot;:&quot;0&quot;,&quot;title&quot;:&quot;&quot;}\" data-image-title=\"As tend\u00eancias da Semana de Moda de Paris \" data-image-description=\"\" data-image-caption=\"&lt;p&gt;Comme des Gar\u00e7ons&lt;\/p&gt;\n\" data-medium-file=\"https:\/\/i0.wp.com\/agrund.com\/wp-content\/uploads\/sites\/6\/2014\/01\/4-Comme-des-Gar\u00e7ons.jpg?fit=199%2C300&amp;ssl=1\" data-large-file=\"https:\/\/i0.wp.com\/agrund.com\/wp-content\/uploads\/sites\/6\/2014\/01\/4-Comme-des-Gar\u00e7ons.jpg?fit=449%2C675&amp;ssl=1\" decoding=\"async\" loading=\"lazy\" class=\"size-full wp-image-94585\" alt=\"As tend\u00eancias da Semana de Moda de Paris \" src=\"https:\/\/i0.wp.com\/www.agrund.com\/wp-content\/uploads\/sites\/6\/2014\/01\/4-Comme-des-Gar\u00e7ons.jpg?resize=449%2C675\" width=\"449\" height=\"675\" srcset=\"https:\/\/i0.wp.com\/agrund.com\/wp-content\/uploads\/sites\/6\/2014\/01\/4-Comme-des-Gar\u00e7ons.jpg?w=449&amp;ssl=1 449w, https:\/\/i0.wp.com\/agrund.com\/wp-content\/uploads\/sites\/6\/2014\/01\/4-Comme-des-Gar\u00e7ons.jpg?resize=199%2C300&amp;ssl=1 199w\" sizes=\"(max-width: 449px) 100vw, 449px\" data-recalc-dims=\"1\" \/><\/a><p id=\"caption-attachment-94585\" class=\"wp-caption-text\">Comme des Gar\u00e7ons<\/p><\/div>\n<div id=\"attachment_94586\" style=\"width: 460px\" class=\"wp-caption aligncenter\"><a href=\"https:\/\/i0.wp.com\/www.agrund.com\/wp-content\/uploads\/sites\/6\/2014\/01\/4-Lanvin.jpg\"><img aria-describedby=\"caption-attachment-94586\" data-attachment-id=\"94586\" data-permalink=\"https:\/\/agrund.com\/index.php\/as-tendencias-da-semana-de-moda-de-paris\/4-lanvin\/\" data-orig-file=\"https:\/\/i0.wp.com\/agrund.com\/wp-content\/uploads\/sites\/6\/2014\/01\/4-Lanvin.jpg?fit=450%2C675&amp;ssl=1\" data-orig-size=\"450,675\" data-comments-opened=\"1\" data-image-meta=\"{&quot;aperture&quot;:&quot;0&quot;,&quot;credit&quot;:&quot;&quot;,&quot;camera&quot;:&quot;&quot;,&quot;caption&quot;:&quot;&quot;,&quot;created_timestamp&quot;:&quot;0&quot;,&quot;copyright&quot;:&quot;Photo: Gianni Pucci \\\/ Indigitalimages.com&quot;,&quot;focal_length&quot;:&quot;0&quot;,&quot;iso&quot;:&quot;0&quot;,&quot;shutter_speed&quot;:&quot;0&quot;,&quot;title&quot;:&quot;&quot;}\" data-image-title=\"As tend\u00eancias da Semana de Moda de Paris \" data-image-description=\"\" data-image-caption=\"&lt;p&gt;Lanvin&lt;\/p&gt;\n\" data-medium-file=\"https:\/\/i0.wp.com\/agrund.com\/wp-content\/uploads\/sites\/6\/2014\/01\/4-Lanvin.jpg?fit=200%2C300&amp;ssl=1\" data-large-file=\"https:\/\/i0.wp.com\/agrund.com\/wp-content\/uploads\/sites\/6\/2014\/01\/4-Lanvin.jpg?fit=450%2C675&amp;ssl=1\" decoding=\"async\" loading=\"lazy\" class=\"size-full wp-image-94586\" alt=\"As tend\u00eancias da Semana de Moda de Paris \" src=\"https:\/\/i0.wp.com\/www.agrund.com\/wp-content\/uploads\/sites\/6\/2014\/01\/4-Lanvin.jpg?resize=450%2C675\" width=\"450\" height=\"675\" srcset=\"https:\/\/i0.wp.com\/agrund.com\/wp-content\/uploads\/sites\/6\/2014\/01\/4-Lanvin.jpg?w=450&amp;ssl=1 450w, https:\/\/i0.wp.com\/agrund.com\/wp-content\/uploads\/sites\/6\/2014\/01\/4-Lanvin.jpg?resize=200%2C300&amp;ssl=1 200w\" sizes=\"(max-width: 450px) 100vw, 450px\" data-recalc-dims=\"1\" \/><\/a><p id=\"caption-attachment-94586\" class=\"wp-caption-text\">Lanvin<\/p><\/div>\n<p>&nbsp;<\/p>\n<p>A jaqueta curta, que apareceu em looks esportivos e sobreposta a ternos, apareceu muito nas apresenta\u00e7\u00f5es. O mais legal \u00e9 que elas ganham a cara de jaquetas colegiais. O estilista Raf Simons apostou num toque de arte e del\u00edrio ao criar sua jaqueta curta, bem curta. J\u00e1 a marca Kenzo mostrou uma jaqueta bem colegial com uma paisagem de cores mais s\u00f3brias, criando uma bela imagem. Vai virar hit junto com os moletons da marca.<\/p>\n<div id=\"attachment_94587\" style=\"width: 460px\" class=\"wp-caption aligncenter\"><a href=\"https:\/\/i0.wp.com\/www.agrund.com\/wp-content\/uploads\/sites\/6\/2014\/01\/5-Kenzo.jpg\"><img aria-describedby=\"caption-attachment-94587\" data-attachment-id=\"94587\" data-permalink=\"https:\/\/agrund.com\/index.php\/as-tendencias-da-semana-de-moda-de-paris\/5-kenzo\/\" data-orig-file=\"https:\/\/i0.wp.com\/agrund.com\/wp-content\/uploads\/sites\/6\/2014\/01\/5-Kenzo.jpg?fit=450%2C675&amp;ssl=1\" data-orig-size=\"450,675\" data-comments-opened=\"1\" data-image-meta=\"{&quot;aperture&quot;:&quot;4&quot;,&quot;credit&quot;:&quot;Marcus Tondo&quot;,&quot;camera&quot;:&quot;Canon EOS-1D Mark IV&quot;,&quot;caption&quot;:&quot;&quot;,&quot;created_timestamp&quot;:&quot;1390045089&quot;,&quot;copyright&quot;:&quot;Photo: Marcus Tondo \\\/ Indigitalimages.com&quot;,&quot;focal_length&quot;:&quot;126&quot;,&quot;iso&quot;:&quot;2000&quot;,&quot;shutter_speed&quot;:&quot;0.0025&quot;,&quot;title&quot;:&quot;&quot;}\" data-image-title=\"As tend\u00eancias da Semana de Moda de Paris \" data-image-description=\"\" data-image-caption=\"&lt;p&gt;Kenzo&lt;\/p&gt;\n\" data-medium-file=\"https:\/\/i0.wp.com\/agrund.com\/wp-content\/uploads\/sites\/6\/2014\/01\/5-Kenzo.jpg?fit=200%2C300&amp;ssl=1\" data-large-file=\"https:\/\/i0.wp.com\/agrund.com\/wp-content\/uploads\/sites\/6\/2014\/01\/5-Kenzo.jpg?fit=450%2C675&amp;ssl=1\" decoding=\"async\" loading=\"lazy\" class=\"size-full wp-image-94587\" alt=\"As tend\u00eancias da Semana de Moda de Paris \" src=\"https:\/\/i0.wp.com\/www.agrund.com\/wp-content\/uploads\/sites\/6\/2014\/01\/5-Kenzo.jpg?resize=450%2C675\" width=\"450\" height=\"675\" srcset=\"https:\/\/i0.wp.com\/agrund.com\/wp-content\/uploads\/sites\/6\/2014\/01\/5-Kenzo.jpg?w=450&amp;ssl=1 450w, https:\/\/i0.wp.com\/agrund.com\/wp-content\/uploads\/sites\/6\/2014\/01\/5-Kenzo.jpg?resize=200%2C300&amp;ssl=1 200w\" sizes=\"(max-width: 450px) 100vw, 450px\" data-recalc-dims=\"1\" \/><\/a><p id=\"caption-attachment-94587\" class=\"wp-caption-text\">Kenzo<\/p><\/div>\n<div id=\"attachment_94588\" style=\"width: 459px\" class=\"wp-caption aligncenter\"><a href=\"https:\/\/i0.wp.com\/www.agrund.com\/wp-content\/uploads\/sites\/6\/2014\/01\/5-Raf-Simons.jpg\"><img aria-describedby=\"caption-attachment-94588\" data-attachment-id=\"94588\" data-permalink=\"https:\/\/agrund.com\/index.php\/as-tendencias-da-semana-de-moda-de-paris\/5-raf-simons\/\" data-orig-file=\"https:\/\/i0.wp.com\/agrund.com\/wp-content\/uploads\/sites\/6\/2014\/01\/5-Raf-Simons.jpg?fit=449%2C675&amp;ssl=1\" data-orig-size=\"449,675\" data-comments-opened=\"1\" data-image-meta=\"{&quot;aperture&quot;:&quot;0&quot;,&quot;credit&quot;:&quot;&quot;,&quot;camera&quot;:&quot;&quot;,&quot;caption&quot;:&quot;&quot;,&quot;created_timestamp&quot;:&quot;0&quot;,&quot;copyright&quot;:&quot;Photo: Yannis Vlamos \\\/ Indigitalimages.com&quot;,&quot;focal_length&quot;:&quot;0&quot;,&quot;iso&quot;:&quot;0&quot;,&quot;shutter_speed&quot;:&quot;0&quot;,&quot;title&quot;:&quot;&quot;}\" data-image-title=\"As tend\u00eancias da Semana de Moda de Paris \" data-image-description=\"\" data-image-caption=\"&lt;p&gt;Raf Simons&lt;\/p&gt;\n\" data-medium-file=\"https:\/\/i0.wp.com\/agrund.com\/wp-content\/uploads\/sites\/6\/2014\/01\/5-Raf-Simons.jpg?fit=199%2C300&amp;ssl=1\" data-large-file=\"https:\/\/i0.wp.com\/agrund.com\/wp-content\/uploads\/sites\/6\/2014\/01\/5-Raf-Simons.jpg?fit=449%2C675&amp;ssl=1\" decoding=\"async\" loading=\"lazy\" class=\"size-full wp-image-94588\" alt=\"As tend\u00eancias da Semana de Moda de Paris \" src=\"https:\/\/i0.wp.com\/www.agrund.com\/wp-content\/uploads\/sites\/6\/2014\/01\/5-Raf-Simons.jpg?resize=449%2C675\" width=\"449\" height=\"675\" srcset=\"https:\/\/i0.wp.com\/agrund.com\/wp-content\/uploads\/sites\/6\/2014\/01\/5-Raf-Simons.jpg?w=449&amp;ssl=1 449w, https:\/\/i0.wp.com\/agrund.com\/wp-content\/uploads\/sites\/6\/2014\/01\/5-Raf-Simons.jpg?resize=199%2C300&amp;ssl=1 199w\" sizes=\"(max-width: 449px) 100vw, 449px\" data-recalc-dims=\"1\" \/><\/a><p id=\"caption-attachment-94588\" class=\"wp-caption-text\">Raf Simons<\/p><\/div>\n<p>&nbsp;<br \/>\nO esportivo reinou e ganhou status de luxo nas apresenta\u00e7\u00f5es. O estilista Ricardo Tisci buscou inspira\u00e7\u00e3o no universo do basquete e apresentou uma das melhores cole\u00e7\u00f5es para Givenchy. Da quadra a bola, das marca\u00e7\u00f5es a cesta de basquete, tudo serviu de inspira\u00e7\u00e3o para o estilista. J\u00e1 a marca Issey Miyake trouxe um surfista pra l\u00e1 de ousado. Ele n\u00e3o se preocupa em misturar as estampas sem coordena\u00e7\u00e3o alguma, mas no final a imagem obt\u00e9m um resultado visualmente impactante. Aqui vale tudo!<\/p>\n<div id=\"attachment_94589\" style=\"width: 460px\" class=\"wp-caption aligncenter\"><a href=\"https:\/\/i0.wp.com\/www.agrund.com\/wp-content\/uploads\/sites\/6\/2014\/01\/6-Givenchy.jpg\"><img aria-describedby=\"caption-attachment-94589\" data-attachment-id=\"94589\" data-permalink=\"https:\/\/agrund.com\/index.php\/as-tendencias-da-semana-de-moda-de-paris\/6-givenchy\/\" data-orig-file=\"https:\/\/i0.wp.com\/agrund.com\/wp-content\/uploads\/sites\/6\/2014\/01\/6-Givenchy.jpg?fit=450%2C675&amp;ssl=1\" data-orig-size=\"450,675\" data-comments-opened=\"1\" data-image-meta=\"{&quot;aperture&quot;:&quot;3.5&quot;,&quot;credit&quot;:&quot;piero cristaldi&quot;,&quot;camera&quot;:&quot;Canon EOS-1D X&quot;,&quot;caption&quot;:&quot;&quot;,&quot;created_timestamp&quot;:&quot;1389967636&quot;,&quot;copyright&quot;:&quot;Photo: Monica Feudi \\\/ Feudiguaineri.com&quot;,&quot;focal_length&quot;:&quot;200&quot;,&quot;iso&quot;:&quot;2000&quot;,&quot;shutter_speed&quot;:&quot;0.0025&quot;,&quot;title&quot;:&quot;&quot;}\" data-image-title=\"As tend\u00eancias da Semana de Moda de Paris \" data-image-description=\"\" data-image-caption=\"&lt;p&gt;Givenchy&lt;\/p&gt;\n\" data-medium-file=\"https:\/\/i0.wp.com\/agrund.com\/wp-content\/uploads\/sites\/6\/2014\/01\/6-Givenchy.jpg?fit=200%2C300&amp;ssl=1\" data-large-file=\"https:\/\/i0.wp.com\/agrund.com\/wp-content\/uploads\/sites\/6\/2014\/01\/6-Givenchy.jpg?fit=450%2C675&amp;ssl=1\" decoding=\"async\" loading=\"lazy\" class=\"size-full wp-image-94589\" alt=\"As tend\u00eancias da Semana de Moda de Paris \" src=\"https:\/\/i0.wp.com\/www.agrund.com\/wp-content\/uploads\/sites\/6\/2014\/01\/6-Givenchy.jpg?resize=450%2C675\" width=\"450\" height=\"675\" srcset=\"https:\/\/i0.wp.com\/agrund.com\/wp-content\/uploads\/sites\/6\/2014\/01\/6-Givenchy.jpg?w=450&amp;ssl=1 450w, https:\/\/i0.wp.com\/agrund.com\/wp-content\/uploads\/sites\/6\/2014\/01\/6-Givenchy.jpg?resize=200%2C300&amp;ssl=1 200w\" sizes=\"(max-width: 450px) 100vw, 450px\" data-recalc-dims=\"1\" \/><\/a><p id=\"caption-attachment-94589\" class=\"wp-caption-text\">Givenchy<\/p><\/div>\n<div id=\"attachment_94590\" style=\"width: 460px\" class=\"wp-caption aligncenter\"><a href=\"https:\/\/i0.wp.com\/www.agrund.com\/wp-content\/uploads\/sites\/6\/2014\/01\/6-Issey-Miyake.jpg\"><img aria-describedby=\"caption-attachment-94590\" data-attachment-id=\"94590\" data-permalink=\"https:\/\/agrund.com\/index.php\/as-tendencias-da-semana-de-moda-de-paris\/6-issey-miyake\/\" data-orig-file=\"https:\/\/i0.wp.com\/agrund.com\/wp-content\/uploads\/sites\/6\/2014\/01\/6-Issey-Miyake.jpg?fit=450%2C675&amp;ssl=1\" data-orig-size=\"450,675\" data-comments-opened=\"1\" data-image-meta=\"{&quot;aperture&quot;:&quot;0&quot;,&quot;credit&quot;:&quot;&quot;,&quot;camera&quot;:&quot;&quot;,&quot;caption&quot;:&quot;&quot;,&quot;created_timestamp&quot;:&quot;0&quot;,&quot;copyright&quot;:&quot;Photo: Yannis Vlamos \\\/ Indigitalimages.com&quot;,&quot;focal_length&quot;:&quot;0&quot;,&quot;iso&quot;:&quot;0&quot;,&quot;shutter_speed&quot;:&quot;0&quot;,&quot;title&quot;:&quot;&quot;}\" data-image-title=\"As tend\u00eancias da Semana de Moda de Paris \" data-image-description=\"\" data-image-caption=\"&lt;p&gt;Issey Miyake&lt;\/p&gt;\n\" data-medium-file=\"https:\/\/i0.wp.com\/agrund.com\/wp-content\/uploads\/sites\/6\/2014\/01\/6-Issey-Miyake.jpg?fit=200%2C300&amp;ssl=1\" data-large-file=\"https:\/\/i0.wp.com\/agrund.com\/wp-content\/uploads\/sites\/6\/2014\/01\/6-Issey-Miyake.jpg?fit=450%2C675&amp;ssl=1\" decoding=\"async\" loading=\"lazy\" class=\"size-full wp-image-94590\" alt=\"As tend\u00eancias da Semana de Moda de Paris \" src=\"https:\/\/i0.wp.com\/www.agrund.com\/wp-content\/uploads\/sites\/6\/2014\/01\/6-Issey-Miyake.jpg?resize=450%2C675\" width=\"450\" height=\"675\" srcset=\"https:\/\/i0.wp.com\/agrund.com\/wp-content\/uploads\/sites\/6\/2014\/01\/6-Issey-Miyake.jpg?w=450&amp;ssl=1 450w, https:\/\/i0.wp.com\/agrund.com\/wp-content\/uploads\/sites\/6\/2014\/01\/6-Issey-Miyake.jpg?resize=200%2C300&amp;ssl=1 200w\" sizes=\"(max-width: 450px) 100vw, 450px\" data-recalc-dims=\"1\" \/><\/a><p id=\"caption-attachment-94590\" class=\"wp-caption-text\">Issey Miyake<\/p><\/div>\n<p>Imagens: Reprodu\u00e7\u00e3o.<\/p>\n<p>&nbsp;<\/p>\n","protected":false},"excerpt":{"rendered":"<p>Semana passada falei do que rolou nas passarelas da Semana de Moda de Mil\u00e3o s\u00f3 para Homens. Agora chegou a vez de falar sobre Paris, uma semana de moda que mistura o conceito, o comercial e o inimagin\u00e1vel. Mais uma vez separei aqui alguns looks que podem ir para as ruas e outros que v\u00e3o [&hellip;]<\/p>\n","protected":false},"author":8,"featured_media":94591,"comment_status":"open","ping_status":"open","sticky":false,"template":"","format":"standard","meta":{"jetpack_post_was_ever_published":false,"_jetpack_newsletter_access":"","jetpack_publicize_message":"","jetpack_is_tweetstorm":false,"jetpack_publicize_feature_enabled":true,"jetpack_social_post_already_shared":true,"jetpack_social_options":{"image_generator_settings":{"template":"highway","enabled":false}}},"categories":[6],"tags":[],"jetpack_publicize_connections":[],"jetpack_featured_media_url":"https:\/\/i0.wp.com\/agrund.com\/wp-content\/uploads\/sites\/6\/2014\/01\/slide149.jpg?fit=960%2C300&ssl=1","jetpack_sharing_enabled":true,"jetpack_shortlink":"https:\/\/wp.me\/p3Hz0n-oBs","jetpack_likes_enabled":true,"_links":{"self":[{"href":"https:\/\/agrund.com\/index.php\/wp-json\/wp\/v2\/posts\/94578"}],"collection":[{"href":"https:\/\/agrund.com\/index.php\/wp-json\/wp\/v2\/posts"}],"about":[{"href":"https:\/\/agrund.com\/index.php\/wp-json\/wp\/v2\/types\/post"}],"author":[{"embeddable":true,"href":"https:\/\/agrund.com\/index.php\/wp-json\/wp\/v2\/users\/8"}],"replies":[{"embeddable":true,"href":"https:\/\/agrund.com\/index.php\/wp-json\/wp\/v2\/comments?post=94578"}],"version-history":[{"count":0,"href":"https:\/\/agrund.com\/index.php\/wp-json\/wp\/v2\/posts\/94578\/revisions"}],"wp:featuredmedia":[{"embeddable":true,"href":"https:\/\/agrund.com\/index.php\/wp-json\/wp\/v2\/media\/94591"}],"wp:attachment":[{"href":"https:\/\/agrund.com\/index.php\/wp-json\/wp\/v2\/media?parent=94578"}],"wp:term":[{"taxonomy":"category","embeddable":true,"href":"https:\/\/agrund.com\/index.php\/wp-json\/wp\/v2\/categories?post=94578"},{"taxonomy":"post_tag","embeddable":true,"href":"https:\/\/agrund.com\/index.php\/wp-json\/wp\/v2\/tags?post=94578"}],"curies":[{"name":"wp","href":"https:\/\/api.w.org\/{rel}","templated":true}]}}