{"id":94543,"date":"2014-01-24T16:00:56","date_gmt":"2014-01-24T18:00:56","guid":{"rendered":"http:\/\/www.agrund.com\/?p=94543"},"modified":"2014-01-24T14:33:42","modified_gmt":"2014-01-24T16:33:42","slug":"eminem-esta-trabalhado-em-seu-novo-album-com-a-banda-d12","status":"publish","type":"post","link":"https:\/\/agrund.com\/index.php\/eminem-esta-trabalhado-em-seu-novo-album-com-a-banda-d12\/","title":{"rendered":"Eminem est\u00e1 trabalhado em seu novo \u00e1lbum com a banda D12"},"content":{"rendered":"<p>O cantor de &#8216;Rap God&#8217; Eminem parece j\u00e1 ter gravado tr\u00eas m\u00fasicas com o grupo Dirty Dozen e est\u00e1 trabalhando no primeiro \u00e1lbum da banda depois de uma d\u00e9cada, afirmou o produtor Mark Bass.<br \/>\nDe acordo com o jornal &#8216;The Detroit Free Press&#8217;, Mark listou o novo \u00e1lbum de D12 entre seus pr\u00f3ximos projetos, seguidos de &#8216;2004&#8217; e &#8216;D12 World&#8217;.<br \/>\nO artigo afirma: &#8220;Bass, que lan\u00e7ou uma nova gravadora chamada Motunes Media, diz tamb\u00e9m que est\u00e1 mixando o novo material com os membros originais da banda Family Stone, junto com novas faixas do D12, incluindo tr\u00eas com Eminem.&#8221;<br \/>\nO grupo tamb\u00e9m conta com Kuniva, Swifty McVay e Fuzz Scoota, depois da sa\u00edda de Mr. Porter e Bizarre em 2012, e o falecimento dos rappers Bugz and Proof.<br \/>\nEminem lan\u00e7a seu 13\u00ba \u00e1lbum de est\u00fadio, &#8221;The Marshall Mathers LP 2&#8242; este ano, incluindo os hits &#8216;Monster&#8217;, com a participa\u00e7\u00e3o de Rihanna, e Rap God.<br \/>\nEminem tenta agora retomar sua carreira, que por pouco n\u00e3o chegou ao fim por conta do v\u00edcio em drogas prescritas. H\u00e1 pouco tempo, o cantor assumiu que tomou 60 comprimidos de Valium e 30 comprimidos de Vicodin em um \u00fanico dia e quase morreu de overdose.<\/p>\n<div id=\"attachment_94544\" style=\"width: 660px\" class=\"wp-caption aligncenter\"><a href=\"https:\/\/i0.wp.com\/www.agrund.com\/wp-content\/uploads\/sites\/6\/2014\/01\/eminem-esta-trabalhado-em-seu-novo-album-com-a-banda-d12.jpg\"><img aria-describedby=\"caption-attachment-94544\" data-attachment-id=\"94544\" data-permalink=\"https:\/\/agrund.com\/index.php\/eminem-esta-trabalhado-em-seu-novo-album-com-a-banda-d12\/eminem-esta-trabalhado-em-seu-novo-album-com-a-banda-d12\/\" data-orig-file=\"https:\/\/i0.wp.com\/agrund.com\/wp-content\/uploads\/sites\/6\/2014\/01\/eminem-esta-trabalhado-em-seu-novo-album-com-a-banda-d12.jpg?fit=650%2C430&amp;ssl=1\" data-orig-size=\"650,430\" data-comments-opened=\"1\" data-image-meta=\"{&quot;aperture&quot;:&quot;0&quot;,&quot;credit&quot;:&quot;&quot;,&quot;camera&quot;:&quot;&quot;,&quot;caption&quot;:&quot;&quot;,&quot;created_timestamp&quot;:&quot;0&quot;,&quot;copyright&quot;:&quot;&quot;,&quot;focal_length&quot;:&quot;0&quot;,&quot;iso&quot;:&quot;0&quot;,&quot;shutter_speed&quot;:&quot;0&quot;,&quot;title&quot;:&quot;&quot;}\" data-image-title=\"eminem-esta-trabalhado-em-seu-novo-album-com-a-banda-d12\" data-image-description=\"\" data-image-caption=\"&lt;p&gt;Eminem est\u00e1 trabalhado em seu novo \u00e1lbum com a banda D12&lt;\/p&gt;\n\" data-medium-file=\"https:\/\/i0.wp.com\/agrund.com\/wp-content\/uploads\/sites\/6\/2014\/01\/eminem-esta-trabalhado-em-seu-novo-album-com-a-banda-d12.jpg?fit=300%2C198&amp;ssl=1\" data-large-file=\"https:\/\/i0.wp.com\/agrund.com\/wp-content\/uploads\/sites\/6\/2014\/01\/eminem-esta-trabalhado-em-seu-novo-album-com-a-banda-d12.jpg?fit=650%2C430&amp;ssl=1\" decoding=\"async\" loading=\"lazy\" class=\"size-large wp-image-94544\" alt=\"Eminem est\u00e1 trabalhado em seu novo \u00e1lbum com a banda D12\" src=\"https:\/\/i0.wp.com\/www.agrund.com\/wp-content\/uploads\/sites\/6\/cache\/2014\/01\/eminem-esta-trabalhado-em-seu-novo-album-com-a-banda-d12\/1950186759.jpg?resize=650%2C430\" width=\"650\" height=\"430\" data-recalc-dims=\"1\" \/><\/a><p id=\"caption-attachment-94544\" class=\"wp-caption-text\">Eminem est\u00e1 trabalhado em seu novo \u00e1lbum com a banda D12<\/p><\/div>\n<p>Imagem: Reprodu\u00e7\u00e3o.<\/p>\n","protected":false},"excerpt":{"rendered":"<p>O cantor de &#8216;Rap God&#8217; Eminem parece j\u00e1 ter gravado tr\u00eas m\u00fasicas com o grupo Dirty Dozen e est\u00e1 trabalhando no primeiro \u00e1lbum da banda depois de uma d\u00e9cada, afirmou o produtor Mark Bass. De acordo com o jornal &#8216;The Detroit Free Press&#8217;, Mark listou o novo \u00e1lbum de D12 entre seus pr\u00f3ximos projetos, seguidos [&hellip;]<\/p>\n","protected":false},"author":1,"featured_media":94545,"comment_status":"open","ping_status":"open","sticky":false,"template":"","format":"standard","meta":{"jetpack_post_was_ever_published":false,"_jetpack_newsletter_access":"","jetpack_publicize_message":"","jetpack_is_tweetstorm":false,"jetpack_publicize_feature_enabled":true,"jetpack_social_post_already_shared":true,"jetpack_social_options":{"image_generator_settings":{"template":"highway","enabled":false}}},"categories":[2],"tags":[],"jetpack_publicize_connections":[],"jetpack_featured_media_url":"https:\/\/i0.wp.com\/agrund.com\/wp-content\/uploads\/sites\/6\/2014\/01\/slideeminem.jpg?fit=960%2C300&ssl=1","jetpack_sharing_enabled":true,"jetpack_shortlink":"https:\/\/wp.me\/p3Hz0n-oAT","jetpack_likes_enabled":true,"_links":{"self":[{"href":"https:\/\/agrund.com\/index.php\/wp-json\/wp\/v2\/posts\/94543"}],"collection":[{"href":"https:\/\/agrund.com\/index.php\/wp-json\/wp\/v2\/posts"}],"about":[{"href":"https:\/\/agrund.com\/index.php\/wp-json\/wp\/v2\/types\/post"}],"author":[{"embeddable":true,"href":"https:\/\/agrund.com\/index.php\/wp-json\/wp\/v2\/users\/1"}],"replies":[{"embeddable":true,"href":"https:\/\/agrund.com\/index.php\/wp-json\/wp\/v2\/comments?post=94543"}],"version-history":[{"count":0,"href":"https:\/\/agrund.com\/index.php\/wp-json\/wp\/v2\/posts\/94543\/revisions"}],"wp:featuredmedia":[{"embeddable":true,"href":"https:\/\/agrund.com\/index.php\/wp-json\/wp\/v2\/media\/94545"}],"wp:attachment":[{"href":"https:\/\/agrund.com\/index.php\/wp-json\/wp\/v2\/media?parent=94543"}],"wp:term":[{"taxonomy":"category","embeddable":true,"href":"https:\/\/agrund.com\/index.php\/wp-json\/wp\/v2\/categories?post=94543"},{"taxonomy":"post_tag","embeddable":true,"href":"https:\/\/agrund.com\/index.php\/wp-json\/wp\/v2\/tags?post=94543"}],"curies":[{"name":"wp","href":"https:\/\/api.w.org\/{rel}","templated":true}]}}