{"id":94493,"date":"2014-01-23T22:00:19","date_gmt":"2014-01-24T00:00:19","guid":{"rendered":"http:\/\/www.agrund.com\/?p=94493"},"modified":"2014-01-23T14:59:56","modified_gmt":"2014-01-23T16:59:56","slug":"chris-noth-em-sex-and-the-city-3","status":"publish","type":"post","link":"https:\/\/agrund.com\/index.php\/chris-noth-em-sex-and-the-city-3\/","title":{"rendered":"Chris Noth em &#8216;Sex and the City 3&#8217;"},"content":{"rendered":"<p>O ator de 59 anos Chris Noth, que interpreta o Mr Big nos dois filmes anteriores que s\u00e3o baseados na s\u00e9rie de TV hom\u00f4nima, n\u00e3o acredita que haver\u00e1 uma seq\u00fc\u00eancia para a franquia, embora Sarah Jessica Parker tenha revelado anteriormente que ela adoraria repetir seu papel como a \u00edcone de estilo Carrie Bradshaw.<br \/>\nParker explicou anteriormente: &#8220;Uma parte de mim acredita que existe um \u00faltimo grande cap\u00edtulo para ser contado.&#8221;<\/p>\n<p>Falando no National Television Awards em Londres, na quarta (22), Noth disse \u00e0 BANG Showbiz: &#8220;Eu n\u00e3o sei de nada sobre isso. Eu n\u00e3o ouvi nenhuma coisa sobre isso&#8221;.<br \/>\nO ator acredita que ele iria ser escalado caso houvesse um terceiro filme, mas evita pensar sobre a possibilidade de repetir seu papel.<br \/>\nEle acrescentou: &#8220;Eu imagino. Realmente, \u00e9 duvidoso [que isso aconte\u00e7a]. Por alguma raz\u00e3o este rumor em especial gosta de aparecer bastante. Eles falam isso todo ano ent\u00e3o eu n\u00e3o penso muito a respeito. Talvez aconte\u00e7a.&#8221;<\/p>\n<p>&#8220;Sex and the City 2&#8221; foi lan\u00e7ado em 2010 como uma seq\u00fc\u00eancia para a com\u00e9dia rom\u00e2ntica de 2008 e embora tenha sido um sucesso comercial recebeu cr\u00edticas bastante negativas.<br \/>\nNoth culpa o senso de tempo e acredita que eles atingiram o &#8220;acorde errado&#8221; j\u00e1 que o filme se passou em Abu Dhabi, diferente da s\u00e9rie e do filme anterior, que se passavam em Nova York.<br \/>\nEle explicou: &#8220;Eu acho que foi o senso de tempo. N\u00f3s est\u00e1vamos no come\u00e7o de uma recess\u00e3o terr\u00edvel. Eu acho que eles levaram o show para fora de Nova York, que \u00e9 o cora\u00e7\u00e3o do que o programa realmente \u00e9, junto com as garotas. E eu acho que o romance no Oriente M\u00e9dio, ele atingiu o acorde errado naquele momento. Eu acho que o filme foi difamado injustamente, mas eu penso que foi o senso de tempo, eu acho.&#8221;<\/p>\n<div id=\"attachment_94494\" style=\"width: 560px\" class=\"wp-caption aligncenter\"><a href=\"https:\/\/i0.wp.com\/www.agrund.com\/wp-content\/uploads\/sites\/6\/2014\/01\/chris-noth-em-sex-and-the-city-3.jpg\"><img aria-describedby=\"caption-attachment-94494\" data-attachment-id=\"94494\" data-permalink=\"https:\/\/agrund.com\/index.php\/chris-noth-em-sex-and-the-city-3\/chris-noth-em-sex-and-the-city-3\/\" data-orig-file=\"https:\/\/i0.wp.com\/agrund.com\/wp-content\/uploads\/sites\/6\/2014\/01\/chris-noth-em-sex-and-the-city-3.jpg?fit=550%2C433&amp;ssl=1\" data-orig-size=\"550,433\" data-comments-opened=\"1\" data-image-meta=\"{&quot;aperture&quot;:&quot;0&quot;,&quot;credit&quot;:&quot;&quot;,&quot;camera&quot;:&quot;&quot;,&quot;caption&quot;:&quot;&quot;,&quot;created_timestamp&quot;:&quot;0&quot;,&quot;copyright&quot;:&quot;&quot;,&quot;focal_length&quot;:&quot;0&quot;,&quot;iso&quot;:&quot;0&quot;,&quot;shutter_speed&quot;:&quot;0&quot;,&quot;title&quot;:&quot;&quot;}\" data-image-title=\"chris-noth-em-sex-and-the-city-3\" data-image-description=\"\" data-image-caption=\"&lt;p&gt;Chris Noth em &#8216;Sex and the City 3&#8217;&lt;\/p&gt;\n\" data-medium-file=\"https:\/\/i0.wp.com\/agrund.com\/wp-content\/uploads\/sites\/6\/2014\/01\/chris-noth-em-sex-and-the-city-3.jpg?fit=300%2C236&amp;ssl=1\" data-large-file=\"https:\/\/i0.wp.com\/agrund.com\/wp-content\/uploads\/sites\/6\/2014\/01\/chris-noth-em-sex-and-the-city-3.jpg?fit=550%2C433&amp;ssl=1\" decoding=\"async\" loading=\"lazy\" class=\"size-large wp-image-94494\" alt=\"Chris Noth em 'Sex and the City 3'\" src=\"https:\/\/i0.wp.com\/www.agrund.com\/wp-content\/uploads\/sites\/6\/cache\/2014\/01\/chris-noth-em-sex-and-the-city-3\/2179769285.jpg?resize=550%2C433\" width=\"550\" height=\"433\" data-recalc-dims=\"1\" \/><\/a><p id=\"caption-attachment-94494\" class=\"wp-caption-text\">Chris Noth em &#8216;Sex and the City 3&#8217;<\/p><\/div>\n<p>Imagem: Reprodu\u00e7\u00e3o.<\/p>\n","protected":false},"excerpt":{"rendered":"<p>O ator de 59 anos Chris Noth, que interpreta o Mr Big nos dois filmes anteriores que s\u00e3o baseados na s\u00e9rie de TV hom\u00f4nima, n\u00e3o acredita que haver\u00e1 uma seq\u00fc\u00eancia para a franquia, embora Sarah Jessica Parker tenha revelado anteriormente que ela adoraria repetir seu papel como a \u00edcone de estilo Carrie Bradshaw. Parker explicou [&hellip;]<\/p>\n","protected":false},"author":1,"featured_media":94495,"comment_status":"open","ping_status":"open","sticky":false,"template":"","format":"standard","meta":{"jetpack_post_was_ever_published":false,"_jetpack_newsletter_access":"","jetpack_publicize_message":"","jetpack_is_tweetstorm":false,"jetpack_publicize_feature_enabled":true,"jetpack_social_post_already_shared":true,"jetpack_social_options":{"image_generator_settings":{"template":"highway","enabled":false}}},"categories":[2],"tags":[],"jetpack_publicize_connections":[],"jetpack_featured_media_url":"https:\/\/i0.wp.com\/agrund.com\/wp-content\/uploads\/sites\/6\/2014\/01\/slidecr.jpg?fit=960%2C300&ssl=1","jetpack_sharing_enabled":true,"jetpack_shortlink":"https:\/\/wp.me\/p3Hz0n-oA5","jetpack_likes_enabled":true,"_links":{"self":[{"href":"https:\/\/agrund.com\/index.php\/wp-json\/wp\/v2\/posts\/94493"}],"collection":[{"href":"https:\/\/agrund.com\/index.php\/wp-json\/wp\/v2\/posts"}],"about":[{"href":"https:\/\/agrund.com\/index.php\/wp-json\/wp\/v2\/types\/post"}],"author":[{"embeddable":true,"href":"https:\/\/agrund.com\/index.php\/wp-json\/wp\/v2\/users\/1"}],"replies":[{"embeddable":true,"href":"https:\/\/agrund.com\/index.php\/wp-json\/wp\/v2\/comments?post=94493"}],"version-history":[{"count":0,"href":"https:\/\/agrund.com\/index.php\/wp-json\/wp\/v2\/posts\/94493\/revisions"}],"wp:featuredmedia":[{"embeddable":true,"href":"https:\/\/agrund.com\/index.php\/wp-json\/wp\/v2\/media\/94495"}],"wp:attachment":[{"href":"https:\/\/agrund.com\/index.php\/wp-json\/wp\/v2\/media?parent=94493"}],"wp:term":[{"taxonomy":"category","embeddable":true,"href":"https:\/\/agrund.com\/index.php\/wp-json\/wp\/v2\/categories?post=94493"},{"taxonomy":"post_tag","embeddable":true,"href":"https:\/\/agrund.com\/index.php\/wp-json\/wp\/v2\/tags?post=94493"}],"curies":[{"name":"wp","href":"https:\/\/api.w.org\/{rel}","templated":true}]}}