{"id":94448,"date":"2014-01-23T13:00:43","date_gmt":"2014-01-23T15:00:43","guid":{"rendered":"http:\/\/www.agrund.com\/?p=94448"},"modified":"2014-01-23T13:50:49","modified_gmt":"2014-01-23T15:50:49","slug":"semana-de-alta-costura-viktor-rolf-verao-2014","status":"publish","type":"post","link":"https:\/\/agrund.com\/index.php\/semana-de-alta-costura-viktor-rolf-verao-2014\/","title":{"rendered":"Semana de Alta Costura :: Viktor &amp; Rolf Ver\u00e3o 2014"},"content":{"rendered":"<p>Uma verdadeira apresenta\u00e7\u00e3o na ponta dos p\u00e9s. Os estilistas Viktor Horsting e Rolf Snoeren trouxeram para a passarela o elenco do Ballet Nacional Holand\u00eas. Ent\u00e3o, a alta costura de Viktor &amp; Rolf ver\u00e3o 2014 foi uma das mais suaves de todas. Minimalismo exagerado nas pe\u00e7as inspiradas nas roupas de treino das bailarinas. \u00c0s vezes voc\u00ea acha que a pele est\u00e1 \u00e0 mostra, mas \u00e9 a base para a roupa que tem esse tom de bege. As cortinas foram reproduzidas em algumas estampas, mas de forma delicada, assim como os p\u00e1ssaros que pareciam carregar fitas sobre as modelos. Delicadeza e romantismo numa cole\u00e7\u00e3o surpreendente. O mais legal de tudo \u00e9 ver que a dupla n\u00e3o cansa de criar! Agora \u00e9 esperar o pr\u00f3ximo show de Viktor &amp; Rolf.<\/p>\n<div id=\"attachment_94449\" style=\"width: 460px\" class=\"wp-caption aligncenter\"><a href=\"https:\/\/i0.wp.com\/www.agrund.com\/wp-content\/uploads\/sites\/6\/2014\/01\/semana-de-alta-costura-viktor-rolf-verao-2014-1.jpg\"><img aria-describedby=\"caption-attachment-94449\" data-attachment-id=\"94449\" data-permalink=\"https:\/\/agrund.com\/index.php\/semana-de-alta-costura-viktor-rolf-verao-2014\/semana-de-alta-costura-viktor-rolf-verao-2014-1\/\" data-orig-file=\"https:\/\/i0.wp.com\/agrund.com\/wp-content\/uploads\/sites\/6\/2014\/01\/semana-de-alta-costura-viktor-rolf-verao-2014-1.jpg?fit=450%2C675&amp;ssl=1\" data-orig-size=\"450,675\" data-comments-opened=\"1\" data-image-meta=\"{&quot;aperture&quot;:&quot;0&quot;,&quot;credit&quot;:&quot;&quot;,&quot;camera&quot;:&quot;&quot;,&quot;caption&quot;:&quot;&quot;,&quot;created_timestamp&quot;:&quot;0&quot;,&quot;copyright&quot;:&quot;Photo: Kim WestonArnold \\\/ Indigitalimages.com&quot;,&quot;focal_length&quot;:&quot;0&quot;,&quot;iso&quot;:&quot;0&quot;,&quot;shutter_speed&quot;:&quot;0&quot;,&quot;title&quot;:&quot;&quot;}\" data-image-title=\"semana-de-alta-costura-viktor-rolf-verao-2014 (1)\" data-image-description=\"\" data-image-caption=\"&lt;p&gt;Semana de Alta Costura :: Viktor &#038; Rolf Ver\u00e3o 2014&lt;\/p&gt;\n\" data-medium-file=\"https:\/\/i0.wp.com\/agrund.com\/wp-content\/uploads\/sites\/6\/2014\/01\/semana-de-alta-costura-viktor-rolf-verao-2014-1.jpg?fit=200%2C300&amp;ssl=1\" data-large-file=\"https:\/\/i0.wp.com\/agrund.com\/wp-content\/uploads\/sites\/6\/2014\/01\/semana-de-alta-costura-viktor-rolf-verao-2014-1.jpg?fit=450%2C675&amp;ssl=1\" decoding=\"async\" loading=\"lazy\" class=\"size-large wp-image-94449\" alt=\"Semana de Alta Costura :: Viktor &amp; Rolf Ver\u00e3o 2014\" src=\"https:\/\/i0.wp.com\/www.agrund.com\/wp-content\/uploads\/sites\/6\/cache\/2014\/01\/semana-de-alta-costura-viktor-rolf-verao-2014-1\/2970553965.jpg?resize=450%2C675\" width=\"450\" height=\"675\" data-recalc-dims=\"1\" \/><\/a><p id=\"caption-attachment-94449\" class=\"wp-caption-text\">Semana de Alta Costura :: Viktor &amp; Rolf Ver\u00e3o 2014<\/p><\/div>\n<div id=\"attachment_94450\" style=\"width: 460px\" class=\"wp-caption aligncenter\"><a href=\"https:\/\/i0.wp.com\/www.agrund.com\/wp-content\/uploads\/sites\/6\/2014\/01\/semana-de-alta-costura-viktor-rolf-verao-2014-2.jpg\"><img aria-describedby=\"caption-attachment-94450\" data-attachment-id=\"94450\" data-permalink=\"https:\/\/agrund.com\/index.php\/semana-de-alta-costura-viktor-rolf-verao-2014\/semana-de-alta-costura-viktor-rolf-verao-2014-2\/\" data-orig-file=\"https:\/\/i0.wp.com\/agrund.com\/wp-content\/uploads\/sites\/6\/2014\/01\/semana-de-alta-costura-viktor-rolf-verao-2014-2.jpg?fit=450%2C675&amp;ssl=1\" data-orig-size=\"450,675\" data-comments-opened=\"1\" data-image-meta=\"{&quot;aperture&quot;:&quot;0&quot;,&quot;credit&quot;:&quot;&quot;,&quot;camera&quot;:&quot;&quot;,&quot;caption&quot;:&quot;&quot;,&quot;created_timestamp&quot;:&quot;0&quot;,&quot;copyright&quot;:&quot;Photo: Kim WestonArnold \\\/ Indigitalimages.com&quot;,&quot;focal_length&quot;:&quot;0&quot;,&quot;iso&quot;:&quot;0&quot;,&quot;shutter_speed&quot;:&quot;0&quot;,&quot;title&quot;:&quot;&quot;}\" data-image-title=\"semana-de-alta-costura-viktor-rolf-verao-2014 (2)\" data-image-description=\"\" data-image-caption=\"&lt;p&gt;Semana de Alta Costura :: Viktor &#038; Rolf Ver\u00e3o 2014&lt;\/p&gt;\n\" data-medium-file=\"https:\/\/i0.wp.com\/agrund.com\/wp-content\/uploads\/sites\/6\/2014\/01\/semana-de-alta-costura-viktor-rolf-verao-2014-2.jpg?fit=200%2C300&amp;ssl=1\" data-large-file=\"https:\/\/i0.wp.com\/agrund.com\/wp-content\/uploads\/sites\/6\/2014\/01\/semana-de-alta-costura-viktor-rolf-verao-2014-2.jpg?fit=450%2C675&amp;ssl=1\" decoding=\"async\" loading=\"lazy\" class=\"size-large wp-image-94450\" alt=\"Semana de Alta Costura :: Viktor &amp; Rolf Ver\u00e3o 2014\" src=\"https:\/\/i0.wp.com\/www.agrund.com\/wp-content\/uploads\/sites\/6\/cache\/2014\/01\/semana-de-alta-costura-viktor-rolf-verao-2014-2\/1065355662.jpg?resize=450%2C675\" width=\"450\" height=\"675\" data-recalc-dims=\"1\" \/><\/a><p id=\"caption-attachment-94450\" class=\"wp-caption-text\">Semana de Alta Costura :: Viktor &amp; Rolf Ver\u00e3o 2014<\/p><\/div>\n<div id=\"attachment_94451\" style=\"width: 460px\" class=\"wp-caption aligncenter\"><a href=\"https:\/\/i0.wp.com\/www.agrund.com\/wp-content\/uploads\/sites\/6\/2014\/01\/semana-de-alta-costura-viktor-rolf-verao-2014-3.jpg\"><img aria-describedby=\"caption-attachment-94451\" data-attachment-id=\"94451\" data-permalink=\"https:\/\/agrund.com\/index.php\/semana-de-alta-costura-viktor-rolf-verao-2014\/semana-de-alta-costura-viktor-rolf-verao-2014-3\/\" data-orig-file=\"https:\/\/i0.wp.com\/agrund.com\/wp-content\/uploads\/sites\/6\/2014\/01\/semana-de-alta-costura-viktor-rolf-verao-2014-3.jpg?fit=450%2C675&amp;ssl=1\" data-orig-size=\"450,675\" data-comments-opened=\"1\" data-image-meta=\"{&quot;aperture&quot;:&quot;0&quot;,&quot;credit&quot;:&quot;&quot;,&quot;camera&quot;:&quot;&quot;,&quot;caption&quot;:&quot;&quot;,&quot;created_timestamp&quot;:&quot;0&quot;,&quot;copyright&quot;:&quot;Photo: Kim WestonArnold \\\/ Indigitalimages.com&quot;,&quot;focal_length&quot;:&quot;0&quot;,&quot;iso&quot;:&quot;0&quot;,&quot;shutter_speed&quot;:&quot;0&quot;,&quot;title&quot;:&quot;&quot;}\" data-image-title=\"semana-de-alta-costura-viktor-rolf-verao-2014 (3)\" data-image-description=\"\" data-image-caption=\"&lt;p&gt;Semana de Alta Costura :: Viktor &#038; Rolf Ver\u00e3o 2014&lt;\/p&gt;\n\" data-medium-file=\"https:\/\/i0.wp.com\/agrund.com\/wp-content\/uploads\/sites\/6\/2014\/01\/semana-de-alta-costura-viktor-rolf-verao-2014-3.jpg?fit=200%2C300&amp;ssl=1\" data-large-file=\"https:\/\/i0.wp.com\/agrund.com\/wp-content\/uploads\/sites\/6\/2014\/01\/semana-de-alta-costura-viktor-rolf-verao-2014-3.jpg?fit=450%2C675&amp;ssl=1\" decoding=\"async\" loading=\"lazy\" class=\"size-large wp-image-94451\" alt=\"Semana de Alta Costura :: Viktor &amp; Rolf Ver\u00e3o 2014\" src=\"https:\/\/i0.wp.com\/www.agrund.com\/wp-content\/uploads\/sites\/6\/cache\/2014\/01\/semana-de-alta-costura-viktor-rolf-verao-2014-3\/4079618320.jpg?resize=450%2C675\" width=\"450\" height=\"675\" data-recalc-dims=\"1\" \/><\/a><p id=\"caption-attachment-94451\" class=\"wp-caption-text\">Semana de Alta Costura :: Viktor &amp; Rolf Ver\u00e3o 2014<\/p><\/div>\n<div id=\"attachment_94452\" style=\"width: 460px\" class=\"wp-caption aligncenter\"><a href=\"https:\/\/i0.wp.com\/www.agrund.com\/wp-content\/uploads\/sites\/6\/2014\/01\/semana-de-alta-costura-viktor-rolf-verao-2014-4.jpg\"><img aria-describedby=\"caption-attachment-94452\" data-attachment-id=\"94452\" data-permalink=\"https:\/\/agrund.com\/index.php\/semana-de-alta-costura-viktor-rolf-verao-2014\/semana-de-alta-costura-viktor-rolf-verao-2014-4\/\" data-orig-file=\"https:\/\/i0.wp.com\/agrund.com\/wp-content\/uploads\/sites\/6\/2014\/01\/semana-de-alta-costura-viktor-rolf-verao-2014-4.jpg?fit=450%2C675&amp;ssl=1\" data-orig-size=\"450,675\" data-comments-opened=\"1\" data-image-meta=\"{&quot;aperture&quot;:&quot;0&quot;,&quot;credit&quot;:&quot;&quot;,&quot;camera&quot;:&quot;&quot;,&quot;caption&quot;:&quot;&quot;,&quot;created_timestamp&quot;:&quot;0&quot;,&quot;copyright&quot;:&quot;Photo: Kim WestonArnold \\\/ Indigitalimages.com&quot;,&quot;focal_length&quot;:&quot;0&quot;,&quot;iso&quot;:&quot;0&quot;,&quot;shutter_speed&quot;:&quot;0&quot;,&quot;title&quot;:&quot;&quot;}\" data-image-title=\"semana-de-alta-costura-viktor-rolf-verao-2014 (4)\" data-image-description=\"\" data-image-caption=\"&lt;p&gt;Semana de Alta Costura :: Viktor &#038; Rolf Ver\u00e3o 2014&lt;\/p&gt;\n\" data-medium-file=\"https:\/\/i0.wp.com\/agrund.com\/wp-content\/uploads\/sites\/6\/2014\/01\/semana-de-alta-costura-viktor-rolf-verao-2014-4.jpg?fit=200%2C300&amp;ssl=1\" data-large-file=\"https:\/\/i0.wp.com\/agrund.com\/wp-content\/uploads\/sites\/6\/2014\/01\/semana-de-alta-costura-viktor-rolf-verao-2014-4.jpg?fit=450%2C675&amp;ssl=1\" decoding=\"async\" loading=\"lazy\" class=\"size-large wp-image-94452\" alt=\"Semana de Alta Costura :: Viktor &amp; Rolf Ver\u00e3o 2014\" src=\"https:\/\/i0.wp.com\/www.agrund.com\/wp-content\/uploads\/sites\/6\/cache\/2014\/01\/semana-de-alta-costura-viktor-rolf-verao-2014-4\/4193189897.jpg?resize=450%2C675\" width=\"450\" height=\"675\" data-recalc-dims=\"1\" \/><\/a><p id=\"caption-attachment-94452\" class=\"wp-caption-text\">Semana de Alta Costura :: Viktor &amp; Rolf Ver\u00e3o 2014<\/p><\/div>\n<div id=\"attachment_94453\" style=\"width: 460px\" class=\"wp-caption aligncenter\"><a href=\"https:\/\/i0.wp.com\/www.agrund.com\/wp-content\/uploads\/sites\/6\/2014\/01\/semana-de-alta-costura-viktor-rolf-verao-2014-5.jpg\"><img aria-describedby=\"caption-attachment-94453\" data-attachment-id=\"94453\" data-permalink=\"https:\/\/agrund.com\/index.php\/semana-de-alta-costura-viktor-rolf-verao-2014\/semana-de-alta-costura-viktor-rolf-verao-2014-5\/\" data-orig-file=\"https:\/\/i0.wp.com\/agrund.com\/wp-content\/uploads\/sites\/6\/2014\/01\/semana-de-alta-costura-viktor-rolf-verao-2014-5.jpg?fit=450%2C675&amp;ssl=1\" data-orig-size=\"450,675\" data-comments-opened=\"1\" data-image-meta=\"{&quot;aperture&quot;:&quot;0&quot;,&quot;credit&quot;:&quot;&quot;,&quot;camera&quot;:&quot;&quot;,&quot;caption&quot;:&quot;&quot;,&quot;created_timestamp&quot;:&quot;0&quot;,&quot;copyright&quot;:&quot;Photo: Kim WestonArnold \\\/ Indigitalimages.com&quot;,&quot;focal_length&quot;:&quot;0&quot;,&quot;iso&quot;:&quot;0&quot;,&quot;shutter_speed&quot;:&quot;0&quot;,&quot;title&quot;:&quot;&quot;}\" data-image-title=\"semana-de-alta-costura-viktor-rolf-verao-2014 (5)\" data-image-description=\"\" data-image-caption=\"&lt;p&gt;Semana de Alta Costura :: Viktor &#038; Rolf Ver\u00e3o 2014&lt;\/p&gt;\n\" data-medium-file=\"https:\/\/i0.wp.com\/agrund.com\/wp-content\/uploads\/sites\/6\/2014\/01\/semana-de-alta-costura-viktor-rolf-verao-2014-5.jpg?fit=200%2C300&amp;ssl=1\" data-large-file=\"https:\/\/i0.wp.com\/agrund.com\/wp-content\/uploads\/sites\/6\/2014\/01\/semana-de-alta-costura-viktor-rolf-verao-2014-5.jpg?fit=450%2C675&amp;ssl=1\" decoding=\"async\" loading=\"lazy\" class=\"size-large wp-image-94453\" alt=\"Semana de Alta Costura :: Viktor &amp; Rolf Ver\u00e3o 2014\" src=\"https:\/\/i0.wp.com\/www.agrund.com\/wp-content\/uploads\/sites\/6\/cache\/2014\/01\/semana-de-alta-costura-viktor-rolf-verao-2014-5\/893714583.jpg?resize=450%2C675\" width=\"450\" height=\"675\" data-recalc-dims=\"1\" \/><\/a><p id=\"caption-attachment-94453\" class=\"wp-caption-text\">Semana de Alta Costura :: Viktor &amp; Rolf Ver\u00e3o 2014<\/p><\/div>\n<div id=\"attachment_94454\" style=\"width: 460px\" class=\"wp-caption aligncenter\"><a href=\"https:\/\/i0.wp.com\/www.agrund.com\/wp-content\/uploads\/sites\/6\/2014\/01\/semana-de-alta-costura-viktor-rolf-verao-2014-6.jpg\"><img aria-describedby=\"caption-attachment-94454\" data-attachment-id=\"94454\" data-permalink=\"https:\/\/agrund.com\/index.php\/semana-de-alta-costura-viktor-rolf-verao-2014\/semana-de-alta-costura-viktor-rolf-verao-2014-6\/\" data-orig-file=\"https:\/\/i0.wp.com\/agrund.com\/wp-content\/uploads\/sites\/6\/2014\/01\/semana-de-alta-costura-viktor-rolf-verao-2014-6.jpg?fit=450%2C675&amp;ssl=1\" data-orig-size=\"450,675\" data-comments-opened=\"1\" data-image-meta=\"{&quot;aperture&quot;:&quot;0&quot;,&quot;credit&quot;:&quot;&quot;,&quot;camera&quot;:&quot;&quot;,&quot;caption&quot;:&quot;&quot;,&quot;created_timestamp&quot;:&quot;0&quot;,&quot;copyright&quot;:&quot;Photo: Kim WestonArnold \\\/ Indigitalimages.com&quot;,&quot;focal_length&quot;:&quot;0&quot;,&quot;iso&quot;:&quot;0&quot;,&quot;shutter_speed&quot;:&quot;0&quot;,&quot;title&quot;:&quot;&quot;}\" data-image-title=\"semana-de-alta-costura-viktor-rolf-verao-2014 (6)\" data-image-description=\"\" data-image-caption=\"&lt;p&gt;Semana de Alta Costura :: Viktor &#038; Rolf Ver\u00e3o 2014&lt;\/p&gt;\n\" data-medium-file=\"https:\/\/i0.wp.com\/agrund.com\/wp-content\/uploads\/sites\/6\/2014\/01\/semana-de-alta-costura-viktor-rolf-verao-2014-6.jpg?fit=200%2C300&amp;ssl=1\" data-large-file=\"https:\/\/i0.wp.com\/agrund.com\/wp-content\/uploads\/sites\/6\/2014\/01\/semana-de-alta-costura-viktor-rolf-verao-2014-6.jpg?fit=450%2C675&amp;ssl=1\" decoding=\"async\" loading=\"lazy\" class=\"size-large wp-image-94454\" alt=\"Semana de Alta Costura :: Viktor &amp; Rolf Ver\u00e3o 2014\" src=\"https:\/\/i0.wp.com\/www.agrund.com\/wp-content\/uploads\/sites\/6\/cache\/2014\/01\/semana-de-alta-costura-viktor-rolf-verao-2014-6\/3150579572.jpg?resize=450%2C675\" width=\"450\" height=\"675\" data-recalc-dims=\"1\" \/><\/a><p id=\"caption-attachment-94454\" class=\"wp-caption-text\">Semana de Alta Costura :: Viktor &amp; Rolf Ver\u00e3o 2014<\/p><\/div>\n<div id=\"attachment_94455\" style=\"width: 460px\" class=\"wp-caption aligncenter\"><a href=\"https:\/\/i0.wp.com\/www.agrund.com\/wp-content\/uploads\/sites\/6\/2014\/01\/semana-de-alta-costura-viktor-rolf-verao-2014-7.jpg\"><img aria-describedby=\"caption-attachment-94455\" data-attachment-id=\"94455\" data-permalink=\"https:\/\/agrund.com\/index.php\/semana-de-alta-costura-viktor-rolf-verao-2014\/semana-de-alta-costura-viktor-rolf-verao-2014-7\/\" data-orig-file=\"https:\/\/i0.wp.com\/agrund.com\/wp-content\/uploads\/sites\/6\/2014\/01\/semana-de-alta-costura-viktor-rolf-verao-2014-7.jpg?fit=450%2C675&amp;ssl=1\" data-orig-size=\"450,675\" data-comments-opened=\"1\" data-image-meta=\"{&quot;aperture&quot;:&quot;0&quot;,&quot;credit&quot;:&quot;&quot;,&quot;camera&quot;:&quot;&quot;,&quot;caption&quot;:&quot;&quot;,&quot;created_timestamp&quot;:&quot;0&quot;,&quot;copyright&quot;:&quot;Photo: Kim WestonArnold \\\/ Indigitalimages.com&quot;,&quot;focal_length&quot;:&quot;0&quot;,&quot;iso&quot;:&quot;0&quot;,&quot;shutter_speed&quot;:&quot;0&quot;,&quot;title&quot;:&quot;&quot;}\" data-image-title=\"semana-de-alta-costura-viktor-rolf-verao-2014 (7)\" data-image-description=\"\" data-image-caption=\"&lt;p&gt;Semana de Alta Costura :: Viktor &#038; Rolf Ver\u00e3o 2014&lt;\/p&gt;\n\" data-medium-file=\"https:\/\/i0.wp.com\/agrund.com\/wp-content\/uploads\/sites\/6\/2014\/01\/semana-de-alta-costura-viktor-rolf-verao-2014-7.jpg?fit=200%2C300&amp;ssl=1\" data-large-file=\"https:\/\/i0.wp.com\/agrund.com\/wp-content\/uploads\/sites\/6\/2014\/01\/semana-de-alta-costura-viktor-rolf-verao-2014-7.jpg?fit=450%2C675&amp;ssl=1\" decoding=\"async\" loading=\"lazy\" class=\"size-large wp-image-94455\" alt=\"Semana de Alta Costura :: Viktor &amp; Rolf Ver\u00e3o 2014\" src=\"https:\/\/i0.wp.com\/www.agrund.com\/wp-content\/uploads\/sites\/6\/cache\/2014\/01\/semana-de-alta-costura-viktor-rolf-verao-2014-7\/2002782186.jpg?resize=450%2C675\" width=\"450\" height=\"675\" data-recalc-dims=\"1\" \/><\/a><p id=\"caption-attachment-94455\" class=\"wp-caption-text\">Semana de Alta Costura :: Viktor &amp; Rolf Ver\u00e3o 2014<\/p><\/div>\n<div id=\"attachment_94456\" style=\"width: 460px\" class=\"wp-caption aligncenter\"><a href=\"https:\/\/i0.wp.com\/www.agrund.com\/wp-content\/uploads\/sites\/6\/2014\/01\/semana-de-alta-costura-viktor-rolf-verao-2014-8.jpg\"><img aria-describedby=\"caption-attachment-94456\" data-attachment-id=\"94456\" data-permalink=\"https:\/\/agrund.com\/index.php\/semana-de-alta-costura-viktor-rolf-verao-2014\/semana-de-alta-costura-viktor-rolf-verao-2014-8\/\" data-orig-file=\"https:\/\/i0.wp.com\/agrund.com\/wp-content\/uploads\/sites\/6\/2014\/01\/semana-de-alta-costura-viktor-rolf-verao-2014-8.jpg?fit=450%2C675&amp;ssl=1\" data-orig-size=\"450,675\" data-comments-opened=\"1\" data-image-meta=\"{&quot;aperture&quot;:&quot;0&quot;,&quot;credit&quot;:&quot;&quot;,&quot;camera&quot;:&quot;&quot;,&quot;caption&quot;:&quot;&quot;,&quot;created_timestamp&quot;:&quot;0&quot;,&quot;copyright&quot;:&quot;Photo: Kim WestonArnold \\\/ Indigitalimages.com&quot;,&quot;focal_length&quot;:&quot;0&quot;,&quot;iso&quot;:&quot;0&quot;,&quot;shutter_speed&quot;:&quot;0&quot;,&quot;title&quot;:&quot;&quot;}\" data-image-title=\"semana-de-alta-costura-viktor-rolf-verao-2014 (8)\" data-image-description=\"\" data-image-caption=\"&lt;p&gt;Semana de Alta Costura :: Viktor &#038; Rolf Ver\u00e3o 2014&lt;\/p&gt;\n\" data-medium-file=\"https:\/\/i0.wp.com\/agrund.com\/wp-content\/uploads\/sites\/6\/2014\/01\/semana-de-alta-costura-viktor-rolf-verao-2014-8.jpg?fit=200%2C300&amp;ssl=1\" data-large-file=\"https:\/\/i0.wp.com\/agrund.com\/wp-content\/uploads\/sites\/6\/2014\/01\/semana-de-alta-costura-viktor-rolf-verao-2014-8.jpg?fit=450%2C675&amp;ssl=1\" decoding=\"async\" loading=\"lazy\" class=\"size-large wp-image-94456\" alt=\"Semana de Alta Costura :: Viktor &amp; Rolf Ver\u00e3o 2014\" src=\"https:\/\/i0.wp.com\/www.agrund.com\/wp-content\/uploads\/sites\/6\/cache\/2014\/01\/semana-de-alta-costura-viktor-rolf-verao-2014-8\/2923435334.jpg?resize=450%2C675\" width=\"450\" height=\"675\" data-recalc-dims=\"1\" \/><\/a><p id=\"caption-attachment-94456\" class=\"wp-caption-text\">Semana de Alta Costura :: Viktor &amp; Rolf Ver\u00e3o 2014<\/p><\/div>\n<div id=\"attachment_94457\" style=\"width: 460px\" class=\"wp-caption aligncenter\"><a href=\"https:\/\/i0.wp.com\/www.agrund.com\/wp-content\/uploads\/sites\/6\/2014\/01\/semana-de-alta-costura-viktor-rolf-verao-2014-9.jpg\"><img aria-describedby=\"caption-attachment-94457\" data-attachment-id=\"94457\" data-permalink=\"https:\/\/agrund.com\/index.php\/semana-de-alta-costura-viktor-rolf-verao-2014\/semana-de-alta-costura-viktor-rolf-verao-2014-9\/\" data-orig-file=\"https:\/\/i0.wp.com\/agrund.com\/wp-content\/uploads\/sites\/6\/2014\/01\/semana-de-alta-costura-viktor-rolf-verao-2014-9.jpg?fit=450%2C675&amp;ssl=1\" data-orig-size=\"450,675\" data-comments-opened=\"1\" data-image-meta=\"{&quot;aperture&quot;:&quot;0&quot;,&quot;credit&quot;:&quot;&quot;,&quot;camera&quot;:&quot;&quot;,&quot;caption&quot;:&quot;&quot;,&quot;created_timestamp&quot;:&quot;0&quot;,&quot;copyright&quot;:&quot;Photo: Kim WestonArnold \\\/ Indigitalimages.com&quot;,&quot;focal_length&quot;:&quot;0&quot;,&quot;iso&quot;:&quot;0&quot;,&quot;shutter_speed&quot;:&quot;0&quot;,&quot;title&quot;:&quot;&quot;}\" data-image-title=\"semana-de-alta-costura-viktor-rolf-verao-2014 (9)\" data-image-description=\"\" data-image-caption=\"&lt;p&gt;Semana de Alta Costura :: Viktor &#038; Rolf Ver\u00e3o 2014&lt;\/p&gt;\n\" data-medium-file=\"https:\/\/i0.wp.com\/agrund.com\/wp-content\/uploads\/sites\/6\/2014\/01\/semana-de-alta-costura-viktor-rolf-verao-2014-9.jpg?fit=200%2C300&amp;ssl=1\" data-large-file=\"https:\/\/i0.wp.com\/agrund.com\/wp-content\/uploads\/sites\/6\/2014\/01\/semana-de-alta-costura-viktor-rolf-verao-2014-9.jpg?fit=450%2C675&amp;ssl=1\" decoding=\"async\" loading=\"lazy\" class=\"size-large wp-image-94457\" alt=\"Semana de Alta Costura :: Viktor &amp; Rolf Ver\u00e3o 2014\" src=\"https:\/\/i0.wp.com\/www.agrund.com\/wp-content\/uploads\/sites\/6\/cache\/2014\/01\/semana-de-alta-costura-viktor-rolf-verao-2014-9\/1659508184.jpg?resize=450%2C675\" width=\"450\" height=\"675\" data-recalc-dims=\"1\" \/><\/a><p id=\"caption-attachment-94457\" class=\"wp-caption-text\">Semana de Alta Costura :: Viktor &amp; Rolf Ver\u00e3o 2014<\/p><\/div>\n<div id=\"attachment_94458\" style=\"width: 460px\" class=\"wp-caption aligncenter\"><a href=\"https:\/\/i0.wp.com\/www.agrund.com\/wp-content\/uploads\/sites\/6\/2014\/01\/semana-de-alta-costura-viktor-rolf-verao-2014-10.jpg\"><img aria-describedby=\"caption-attachment-94458\" data-attachment-id=\"94458\" data-permalink=\"https:\/\/agrund.com\/index.php\/semana-de-alta-costura-viktor-rolf-verao-2014\/semana-de-alta-costura-viktor-rolf-verao-2014-10\/\" data-orig-file=\"https:\/\/i0.wp.com\/agrund.com\/wp-content\/uploads\/sites\/6\/2014\/01\/semana-de-alta-costura-viktor-rolf-verao-2014-10.jpg?fit=450%2C675&amp;ssl=1\" data-orig-size=\"450,675\" data-comments-opened=\"1\" data-image-meta=\"{&quot;aperture&quot;:&quot;0&quot;,&quot;credit&quot;:&quot;&quot;,&quot;camera&quot;:&quot;&quot;,&quot;caption&quot;:&quot;&quot;,&quot;created_timestamp&quot;:&quot;0&quot;,&quot;copyright&quot;:&quot;Photo: Kim WestonArnold \\\/ Indigitalimages.com&quot;,&quot;focal_length&quot;:&quot;0&quot;,&quot;iso&quot;:&quot;0&quot;,&quot;shutter_speed&quot;:&quot;0&quot;,&quot;title&quot;:&quot;&quot;}\" data-image-title=\"semana-de-alta-costura-viktor-rolf-verao-2014 (10)\" data-image-description=\"\" data-image-caption=\"&lt;p&gt;Semana de Alta Costura :: Viktor &#038; Rolf Ver\u00e3o 2014&lt;\/p&gt;\n\" data-medium-file=\"https:\/\/i0.wp.com\/agrund.com\/wp-content\/uploads\/sites\/6\/2014\/01\/semana-de-alta-costura-viktor-rolf-verao-2014-10.jpg?fit=200%2C300&amp;ssl=1\" data-large-file=\"https:\/\/i0.wp.com\/agrund.com\/wp-content\/uploads\/sites\/6\/2014\/01\/semana-de-alta-costura-viktor-rolf-verao-2014-10.jpg?fit=450%2C675&amp;ssl=1\" decoding=\"async\" loading=\"lazy\" class=\"size-large wp-image-94458\" alt=\"Semana de Alta Costura :: Viktor &amp; Rolf Ver\u00e3o 2014\" src=\"https:\/\/i0.wp.com\/www.agrund.com\/wp-content\/uploads\/sites\/6\/cache\/2014\/01\/semana-de-alta-costura-viktor-rolf-verao-2014-10\/972765874.jpg?resize=450%2C675\" width=\"450\" height=\"675\" data-recalc-dims=\"1\" \/><\/a><p id=\"caption-attachment-94458\" class=\"wp-caption-text\">Semana de Alta Costura :: Viktor &amp; Rolf Ver\u00e3o 2014<\/p><\/div>\n<div id=\"attachment_94459\" style=\"width: 460px\" class=\"wp-caption aligncenter\"><a href=\"https:\/\/i0.wp.com\/www.agrund.com\/wp-content\/uploads\/sites\/6\/2014\/01\/semana-de-alta-costura-viktor-rolf-verao-2014-11.jpg\"><img aria-describedby=\"caption-attachment-94459\" data-attachment-id=\"94459\" data-permalink=\"https:\/\/agrund.com\/index.php\/semana-de-alta-costura-viktor-rolf-verao-2014\/semana-de-alta-costura-viktor-rolf-verao-2014-11\/\" data-orig-file=\"https:\/\/i0.wp.com\/agrund.com\/wp-content\/uploads\/sites\/6\/2014\/01\/semana-de-alta-costura-viktor-rolf-verao-2014-11.jpg?fit=450%2C675&amp;ssl=1\" data-orig-size=\"450,675\" data-comments-opened=\"1\" data-image-meta=\"{&quot;aperture&quot;:&quot;0&quot;,&quot;credit&quot;:&quot;&quot;,&quot;camera&quot;:&quot;&quot;,&quot;caption&quot;:&quot;&quot;,&quot;created_timestamp&quot;:&quot;0&quot;,&quot;copyright&quot;:&quot;Photo: Kim WestonArnold \\\/ Indigitalimages.com&quot;,&quot;focal_length&quot;:&quot;0&quot;,&quot;iso&quot;:&quot;0&quot;,&quot;shutter_speed&quot;:&quot;0&quot;,&quot;title&quot;:&quot;&quot;}\" data-image-title=\"semana-de-alta-costura-viktor-rolf-verao-2014 (11)\" data-image-description=\"\" data-image-caption=\"&lt;p&gt;Semana de Alta Costura :: Viktor &#038; Rolf Ver\u00e3o 2014&lt;\/p&gt;\n\" data-medium-file=\"https:\/\/i0.wp.com\/agrund.com\/wp-content\/uploads\/sites\/6\/2014\/01\/semana-de-alta-costura-viktor-rolf-verao-2014-11.jpg?fit=200%2C300&amp;ssl=1\" data-large-file=\"https:\/\/i0.wp.com\/agrund.com\/wp-content\/uploads\/sites\/6\/2014\/01\/semana-de-alta-costura-viktor-rolf-verao-2014-11.jpg?fit=450%2C675&amp;ssl=1\" decoding=\"async\" loading=\"lazy\" class=\"size-large wp-image-94459\" alt=\"Semana de Alta Costura :: Viktor &amp; Rolf Ver\u00e3o 2014\" src=\"https:\/\/i0.wp.com\/www.agrund.com\/wp-content\/uploads\/sites\/6\/cache\/2014\/01\/semana-de-alta-costura-viktor-rolf-verao-2014-11\/4115741228.jpg?resize=450%2C675\" width=\"450\" height=\"675\" data-recalc-dims=\"1\" \/><\/a><p id=\"caption-attachment-94459\" class=\"wp-caption-text\">Semana de Alta Costura :: Viktor &amp; Rolf Ver\u00e3o 2014<\/p><\/div>\n<p>Imagens: Reprodu\u00e7\u00e3o.<\/p>\n","protected":false},"excerpt":{"rendered":"<p>Uma verdadeira apresenta\u00e7\u00e3o na ponta dos p\u00e9s. Os estilistas Viktor Horsting e Rolf Snoeren trouxeram para a passarela o elenco do Ballet Nacional Holand\u00eas. Ent\u00e3o, a alta costura de Viktor &amp; Rolf ver\u00e3o 2014 foi uma das mais suaves de todas. Minimalismo exagerado nas pe\u00e7as inspiradas nas roupas de treino das bailarinas. \u00c0s vezes voc\u00ea [&hellip;]<\/p>\n","protected":false},"author":1,"featured_media":94463,"comment_status":"open","ping_status":"open","sticky":false,"template":"","format":"standard","meta":{"jetpack_post_was_ever_published":false,"_jetpack_newsletter_access":"","jetpack_publicize_message":"","jetpack_is_tweetstorm":false,"jetpack_publicize_feature_enabled":true,"jetpack_social_post_already_shared":true,"jetpack_social_options":{"image_generator_settings":{"template":"highway","enabled":false}}},"categories":[9,2],"tags":[],"jetpack_publicize_connections":[],"jetpack_featured_media_url":"https:\/\/i0.wp.com\/agrund.com\/wp-content\/uploads\/sites\/6\/2014\/01\/slide141.jpg?fit=960%2C300&ssl=1","jetpack_sharing_enabled":true,"jetpack_shortlink":"https:\/\/wp.me\/p3Hz0n-ozm","jetpack_likes_enabled":true,"_links":{"self":[{"href":"https:\/\/agrund.com\/index.php\/wp-json\/wp\/v2\/posts\/94448"}],"collection":[{"href":"https:\/\/agrund.com\/index.php\/wp-json\/wp\/v2\/posts"}],"about":[{"href":"https:\/\/agrund.com\/index.php\/wp-json\/wp\/v2\/types\/post"}],"author":[{"embeddable":true,"href":"https:\/\/agrund.com\/index.php\/wp-json\/wp\/v2\/users\/1"}],"replies":[{"embeddable":true,"href":"https:\/\/agrund.com\/index.php\/wp-json\/wp\/v2\/comments?post=94448"}],"version-history":[{"count":0,"href":"https:\/\/agrund.com\/index.php\/wp-json\/wp\/v2\/posts\/94448\/revisions"}],"wp:featuredmedia":[{"embeddable":true,"href":"https:\/\/agrund.com\/index.php\/wp-json\/wp\/v2\/media\/94463"}],"wp:attachment":[{"href":"https:\/\/agrund.com\/index.php\/wp-json\/wp\/v2\/media?parent=94448"}],"wp:term":[{"taxonomy":"category","embeddable":true,"href":"https:\/\/agrund.com\/index.php\/wp-json\/wp\/v2\/categories?post=94448"},{"taxonomy":"post_tag","embeddable":true,"href":"https:\/\/agrund.com\/index.php\/wp-json\/wp\/v2\/tags?post=94448"}],"curies":[{"name":"wp","href":"https:\/\/api.w.org\/{rel}","templated":true}]}}