{"id":94429,"date":"2014-01-23T12:30:45","date_gmt":"2014-01-23T14:30:45","guid":{"rendered":"http:\/\/www.agrund.com\/?p=94429"},"modified":"2014-01-23T12:02:59","modified_gmt":"2014-01-23T14:02:59","slug":"semana-de-alta-costura-valentino-verao-2014","status":"publish","type":"post","link":"https:\/\/agrund.com\/index.php\/semana-de-alta-costura-valentino-verao-2014\/","title":{"rendered":"Semana de Alta Costura :: Valentino Ver\u00e3o 2014"},"content":{"rendered":"<p>Para a cole\u00e7\u00e3o de alta costura da Maison Valentino Ver\u00e3o 2014, a dupla de estilistas Maria Grazia Chiuri Valentino e Pierpaolo Piccioli mergulhou nos arquivos e arm\u00e1rios da \u00d3pera de Roma. O primeiro vestido reproduz uma partitura de m\u00fasica. Alguns artes\u00f5es do teatro italiano foram convidados a trabalhar nessa cole\u00e7\u00e3o para executar aplica\u00e7\u00f5es. E o trabalho deles pode ser visto nos bordados e nas penas que \u00e0s vezes envolviam a cintura da modelo com um vestido que lembra os tutus de bailarinas. Depois animais como le\u00f5es, gorilas e elefantes, no sentido figurativo, apareceram aplicados em casacos. O mais legal \u00e9 que aqui voc\u00ea consegue, mesmo sem entender de moda, visualizar v\u00e1rios vestidos que estar\u00e3o nos tapetes vermelhos e nas principais festas ao redor do mundo. Confira mais uma bela cole\u00e7\u00e3o da dupla para Valentino.<\/p>\n<div id=\"attachment_94430\" style=\"width: 459px\" class=\"wp-caption aligncenter\"><a href=\"https:\/\/i0.wp.com\/www.agrund.com\/wp-content\/uploads\/sites\/6\/2014\/01\/semana-de-alta-costura-valentino-verao-2014-1.jpg\"><img aria-describedby=\"caption-attachment-94430\" data-attachment-id=\"94430\" data-permalink=\"https:\/\/agrund.com\/index.php\/semana-de-alta-costura-valentino-verao-2014\/semana-de-alta-costura-valentino-verao-2014-1\/\" data-orig-file=\"https:\/\/i0.wp.com\/agrund.com\/wp-content\/uploads\/sites\/6\/2014\/01\/semana-de-alta-costura-valentino-verao-2014-1.jpg?fit=449%2C675&amp;ssl=1\" data-orig-size=\"449,675\" data-comments-opened=\"1\" data-image-meta=\"{&quot;aperture&quot;:&quot;6.3&quot;,&quot;credit&quot;:&quot;&quot;,&quot;camera&quot;:&quot;NIKON D4&quot;,&quot;caption&quot;:&quot;&quot;,&quot;created_timestamp&quot;:&quot;1390419380&quot;,&quot;copyright&quot;:&quot;Photo: Yannis Vlamos \\\/ Indigitalimages.com&quot;,&quot;focal_length&quot;:&quot;200&quot;,&quot;iso&quot;:&quot;1000&quot;,&quot;shutter_speed&quot;:&quot;0.002&quot;,&quot;title&quot;:&quot;&quot;}\" data-image-title=\"semana-de-alta-costura-valentino-verao-2014 (1)\" data-image-description=\"\" data-image-caption=\"&lt;p&gt;Semana de Alta Costura :: Valentino Ver\u00e3o 2014&lt;\/p&gt;\n\" data-medium-file=\"https:\/\/i0.wp.com\/agrund.com\/wp-content\/uploads\/sites\/6\/2014\/01\/semana-de-alta-costura-valentino-verao-2014-1.jpg?fit=199%2C300&amp;ssl=1\" data-large-file=\"https:\/\/i0.wp.com\/agrund.com\/wp-content\/uploads\/sites\/6\/2014\/01\/semana-de-alta-costura-valentino-verao-2014-1.jpg?fit=449%2C675&amp;ssl=1\" decoding=\"async\" loading=\"lazy\" class=\"size-large wp-image-94430\" alt=\"Semana de Alta Costura :: Valentino Ver\u00e3o 2014\" src=\"https:\/\/i0.wp.com\/www.agrund.com\/wp-content\/uploads\/sites\/6\/cache\/2014\/01\/semana-de-alta-costura-valentino-verao-2014-1\/225654623.jpg?resize=449%2C675\" width=\"449\" height=\"675\" data-recalc-dims=\"1\" \/><\/a><p id=\"caption-attachment-94430\" class=\"wp-caption-text\">Semana de Alta Costura :: Valentino Ver\u00e3o 2014<\/p><\/div>\n<div id=\"attachment_94431\" style=\"width: 459px\" class=\"wp-caption aligncenter\"><a href=\"https:\/\/i0.wp.com\/www.agrund.com\/wp-content\/uploads\/sites\/6\/2014\/01\/semana-de-alta-costura-valentino-verao-2014-2.jpg\"><img aria-describedby=\"caption-attachment-94431\" data-attachment-id=\"94431\" data-permalink=\"https:\/\/agrund.com\/index.php\/semana-de-alta-costura-valentino-verao-2014\/semana-de-alta-costura-valentino-verao-2014-2\/\" data-orig-file=\"https:\/\/i0.wp.com\/agrund.com\/wp-content\/uploads\/sites\/6\/2014\/01\/semana-de-alta-costura-valentino-verao-2014-2.jpg?fit=449%2C675&amp;ssl=1\" data-orig-size=\"449,675\" data-comments-opened=\"1\" data-image-meta=\"{&quot;aperture&quot;:&quot;6.3&quot;,&quot;credit&quot;:&quot;&quot;,&quot;camera&quot;:&quot;NIKON D4&quot;,&quot;caption&quot;:&quot;&quot;,&quot;created_timestamp&quot;:&quot;1390418856&quot;,&quot;copyright&quot;:&quot;Photo: Yannis Vlamos \\\/ Indigitalimages.com&quot;,&quot;focal_length&quot;:&quot;200&quot;,&quot;iso&quot;:&quot;1000&quot;,&quot;shutter_speed&quot;:&quot;0.0025&quot;,&quot;title&quot;:&quot;&quot;}\" data-image-title=\"semana-de-alta-costura-valentino-verao-2014 (2)\" data-image-description=\"\" data-image-caption=\"&lt;p&gt;Semana de Alta Costura :: Valentino Ver\u00e3o 2014&lt;\/p&gt;\n\" data-medium-file=\"https:\/\/i0.wp.com\/agrund.com\/wp-content\/uploads\/sites\/6\/2014\/01\/semana-de-alta-costura-valentino-verao-2014-2.jpg?fit=199%2C300&amp;ssl=1\" data-large-file=\"https:\/\/i0.wp.com\/agrund.com\/wp-content\/uploads\/sites\/6\/2014\/01\/semana-de-alta-costura-valentino-verao-2014-2.jpg?fit=449%2C675&amp;ssl=1\" decoding=\"async\" loading=\"lazy\" class=\"size-large wp-image-94431\" alt=\"Semana de Alta Costura :: Valentino Ver\u00e3o 2014\" src=\"https:\/\/i0.wp.com\/www.agrund.com\/wp-content\/uploads\/sites\/6\/cache\/2014\/01\/semana-de-alta-costura-valentino-verao-2014-2\/2214342844.jpg?resize=449%2C675\" width=\"449\" height=\"675\" data-recalc-dims=\"1\" \/><\/a><p id=\"caption-attachment-94431\" class=\"wp-caption-text\">Semana de Alta Costura :: Valentino Ver\u00e3o 2014<\/p><\/div>\n<div id=\"attachment_94432\" style=\"width: 459px\" class=\"wp-caption aligncenter\"><a href=\"https:\/\/i0.wp.com\/www.agrund.com\/wp-content\/uploads\/sites\/6\/2014\/01\/semana-de-alta-costura-valentino-verao-2014-3.jpg\"><img aria-describedby=\"caption-attachment-94432\" data-attachment-id=\"94432\" data-permalink=\"https:\/\/agrund.com\/index.php\/semana-de-alta-costura-valentino-verao-2014\/semana-de-alta-costura-valentino-verao-2014-3\/\" data-orig-file=\"https:\/\/i0.wp.com\/agrund.com\/wp-content\/uploads\/sites\/6\/2014\/01\/semana-de-alta-costura-valentino-verao-2014-3.jpg?fit=449%2C675&amp;ssl=1\" data-orig-size=\"449,675\" data-comments-opened=\"1\" data-image-meta=\"{&quot;aperture&quot;:&quot;6.3&quot;,&quot;credit&quot;:&quot;&quot;,&quot;camera&quot;:&quot;NIKON D4&quot;,&quot;caption&quot;:&quot;&quot;,&quot;created_timestamp&quot;:&quot;1390418878&quot;,&quot;copyright&quot;:&quot;Photo: Yannis Vlamos \\\/ Indigitalimages.com&quot;,&quot;focal_length&quot;:&quot;200&quot;,&quot;iso&quot;:&quot;1000&quot;,&quot;shutter_speed&quot;:&quot;0.002&quot;,&quot;title&quot;:&quot;&quot;}\" data-image-title=\"semana-de-alta-costura-valentino-verao-2014 (3)\" data-image-description=\"\" data-image-caption=\"&lt;p&gt;Semana de Alta Costura :: Valentino Ver\u00e3o 2014&lt;\/p&gt;\n\" data-medium-file=\"https:\/\/i0.wp.com\/agrund.com\/wp-content\/uploads\/sites\/6\/2014\/01\/semana-de-alta-costura-valentino-verao-2014-3.jpg?fit=199%2C300&amp;ssl=1\" data-large-file=\"https:\/\/i0.wp.com\/agrund.com\/wp-content\/uploads\/sites\/6\/2014\/01\/semana-de-alta-costura-valentino-verao-2014-3.jpg?fit=449%2C675&amp;ssl=1\" decoding=\"async\" loading=\"lazy\" class=\"size-large wp-image-94432\" alt=\"Semana de Alta Costura :: Valentino Ver\u00e3o 2014\" src=\"https:\/\/i0.wp.com\/www.agrund.com\/wp-content\/uploads\/sites\/6\/cache\/2014\/01\/semana-de-alta-costura-valentino-verao-2014-3\/1331048482.jpg?resize=449%2C675\" width=\"449\" height=\"675\" data-recalc-dims=\"1\" \/><\/a><p id=\"caption-attachment-94432\" class=\"wp-caption-text\">Semana de Alta Costura :: Valentino Ver\u00e3o 2014<\/p><\/div>\n<div id=\"attachment_94433\" style=\"width: 459px\" class=\"wp-caption aligncenter\"><a href=\"https:\/\/i0.wp.com\/www.agrund.com\/wp-content\/uploads\/sites\/6\/2014\/01\/semana-de-alta-costura-valentino-verao-2014-4.jpg\"><img aria-describedby=\"caption-attachment-94433\" data-attachment-id=\"94433\" data-permalink=\"https:\/\/agrund.com\/index.php\/semana-de-alta-costura-valentino-verao-2014\/semana-de-alta-costura-valentino-verao-2014-4\/\" data-orig-file=\"https:\/\/i0.wp.com\/agrund.com\/wp-content\/uploads\/sites\/6\/2014\/01\/semana-de-alta-costura-valentino-verao-2014-4.jpg?fit=449%2C675&amp;ssl=1\" data-orig-size=\"449,675\" data-comments-opened=\"1\" data-image-meta=\"{&quot;aperture&quot;:&quot;6.3&quot;,&quot;credit&quot;:&quot;&quot;,&quot;camera&quot;:&quot;NIKON D4&quot;,&quot;caption&quot;:&quot;&quot;,&quot;created_timestamp&quot;:&quot;1390418924&quot;,&quot;copyright&quot;:&quot;Photo: Yannis Vlamos \\\/ Indigitalimages.com&quot;,&quot;focal_length&quot;:&quot;200&quot;,&quot;iso&quot;:&quot;1000&quot;,&quot;shutter_speed&quot;:&quot;0.002&quot;,&quot;title&quot;:&quot;&quot;}\" data-image-title=\"semana-de-alta-costura-valentino-verao-2014 (4)\" data-image-description=\"\" data-image-caption=\"&lt;p&gt;Semana de Alta Costura :: Valentino Ver\u00e3o 2014&lt;\/p&gt;\n\" data-medium-file=\"https:\/\/i0.wp.com\/agrund.com\/wp-content\/uploads\/sites\/6\/2014\/01\/semana-de-alta-costura-valentino-verao-2014-4.jpg?fit=199%2C300&amp;ssl=1\" data-large-file=\"https:\/\/i0.wp.com\/agrund.com\/wp-content\/uploads\/sites\/6\/2014\/01\/semana-de-alta-costura-valentino-verao-2014-4.jpg?fit=449%2C675&amp;ssl=1\" decoding=\"async\" loading=\"lazy\" class=\"size-large wp-image-94433\" alt=\"Semana de Alta Costura :: Valentino Ver\u00e3o 2014\" src=\"https:\/\/i0.wp.com\/www.agrund.com\/wp-content\/uploads\/sites\/6\/cache\/2014\/01\/semana-de-alta-costura-valentino-verao-2014-4\/1167276347.jpg?resize=449%2C675\" width=\"449\" height=\"675\" data-recalc-dims=\"1\" \/><\/a><p id=\"caption-attachment-94433\" class=\"wp-caption-text\">Semana de Alta Costura :: Valentino Ver\u00e3o 2014<\/p><\/div>\n<div id=\"attachment_94434\" style=\"width: 459px\" class=\"wp-caption aligncenter\"><a href=\"https:\/\/i0.wp.com\/www.agrund.com\/wp-content\/uploads\/sites\/6\/2014\/01\/semana-de-alta-costura-valentino-verao-2014-5.jpg\"><img aria-describedby=\"caption-attachment-94434\" data-attachment-id=\"94434\" data-permalink=\"https:\/\/agrund.com\/index.php\/semana-de-alta-costura-valentino-verao-2014\/semana-de-alta-costura-valentino-verao-2014-5\/\" data-orig-file=\"https:\/\/i0.wp.com\/agrund.com\/wp-content\/uploads\/sites\/6\/2014\/01\/semana-de-alta-costura-valentino-verao-2014-5.jpg?fit=449%2C675&amp;ssl=1\" data-orig-size=\"449,675\" data-comments-opened=\"1\" data-image-meta=\"{&quot;aperture&quot;:&quot;6.3&quot;,&quot;credit&quot;:&quot;&quot;,&quot;camera&quot;:&quot;NIKON D4&quot;,&quot;caption&quot;:&quot;&quot;,&quot;created_timestamp&quot;:&quot;1390418970&quot;,&quot;copyright&quot;:&quot;Photo: Yannis Vlamos \\\/ Indigitalimages.com&quot;,&quot;focal_length&quot;:&quot;200&quot;,&quot;iso&quot;:&quot;1000&quot;,&quot;shutter_speed&quot;:&quot;0.002&quot;,&quot;title&quot;:&quot;&quot;}\" data-image-title=\"semana-de-alta-costura-valentino-verao-2014 (5)\" data-image-description=\"\" data-image-caption=\"&lt;p&gt;Semana de Alta Costura :: Valentino Ver\u00e3o 2014&lt;\/p&gt;\n\" data-medium-file=\"https:\/\/i0.wp.com\/agrund.com\/wp-content\/uploads\/sites\/6\/2014\/01\/semana-de-alta-costura-valentino-verao-2014-5.jpg?fit=199%2C300&amp;ssl=1\" data-large-file=\"https:\/\/i0.wp.com\/agrund.com\/wp-content\/uploads\/sites\/6\/2014\/01\/semana-de-alta-costura-valentino-verao-2014-5.jpg?fit=449%2C675&amp;ssl=1\" decoding=\"async\" loading=\"lazy\" class=\"size-large wp-image-94434\" alt=\"Semana de Alta Costura :: Valentino Ver\u00e3o 2014\" src=\"https:\/\/i0.wp.com\/www.agrund.com\/wp-content\/uploads\/sites\/6\/cache\/2014\/01\/semana-de-alta-costura-valentino-verao-2014-5\/2302228901.jpg?resize=449%2C675\" width=\"449\" height=\"675\" data-recalc-dims=\"1\" \/><\/a><p id=\"caption-attachment-94434\" class=\"wp-caption-text\">Semana de Alta Costura :: Valentino Ver\u00e3o 2014<\/p><\/div>\n<div id=\"attachment_94435\" style=\"width: 459px\" class=\"wp-caption aligncenter\"><a href=\"https:\/\/i0.wp.com\/www.agrund.com\/wp-content\/uploads\/sites\/6\/2014\/01\/semana-de-alta-costura-valentino-verao-2014-6.jpg\"><img aria-describedby=\"caption-attachment-94435\" data-attachment-id=\"94435\" data-permalink=\"https:\/\/agrund.com\/index.php\/semana-de-alta-costura-valentino-verao-2014\/semana-de-alta-costura-valentino-verao-2014-6\/\" data-orig-file=\"https:\/\/i0.wp.com\/agrund.com\/wp-content\/uploads\/sites\/6\/2014\/01\/semana-de-alta-costura-valentino-verao-2014-6.jpg?fit=449%2C675&amp;ssl=1\" data-orig-size=\"449,675\" data-comments-opened=\"1\" data-image-meta=\"{&quot;aperture&quot;:&quot;6.3&quot;,&quot;credit&quot;:&quot;&quot;,&quot;camera&quot;:&quot;NIKON D4&quot;,&quot;caption&quot;:&quot;&quot;,&quot;created_timestamp&quot;:&quot;1390419010&quot;,&quot;copyright&quot;:&quot;Photo: Yannis Vlamos \\\/ Indigitalimages.com&quot;,&quot;focal_length&quot;:&quot;145&quot;,&quot;iso&quot;:&quot;1000&quot;,&quot;shutter_speed&quot;:&quot;0.002&quot;,&quot;title&quot;:&quot;&quot;}\" data-image-title=\"semana-de-alta-costura-valentino-verao-2014 (6)\" data-image-description=\"\" data-image-caption=\"&lt;p&gt;Semana de Alta Costura :: Valentino Ver\u00e3o 2014&lt;\/p&gt;\n\" data-medium-file=\"https:\/\/i0.wp.com\/agrund.com\/wp-content\/uploads\/sites\/6\/2014\/01\/semana-de-alta-costura-valentino-verao-2014-6.jpg?fit=199%2C300&amp;ssl=1\" data-large-file=\"https:\/\/i0.wp.com\/agrund.com\/wp-content\/uploads\/sites\/6\/2014\/01\/semana-de-alta-costura-valentino-verao-2014-6.jpg?fit=449%2C675&amp;ssl=1\" decoding=\"async\" loading=\"lazy\" class=\"size-large wp-image-94435\" alt=\"Semana de Alta Costura :: Valentino Ver\u00e3o 2014\" src=\"https:\/\/i0.wp.com\/www.agrund.com\/wp-content\/uploads\/sites\/6\/cache\/2014\/01\/semana-de-alta-costura-valentino-verao-2014-6\/129384006.jpg?resize=449%2C675\" width=\"449\" height=\"675\" data-recalc-dims=\"1\" \/><\/a><p id=\"caption-attachment-94435\" class=\"wp-caption-text\">Semana de Alta Costura :: Valentino Ver\u00e3o 2014<\/p><\/div>\n<div id=\"attachment_94436\" style=\"width: 459px\" class=\"wp-caption aligncenter\"><a href=\"https:\/\/i0.wp.com\/www.agrund.com\/wp-content\/uploads\/sites\/6\/2014\/01\/semana-de-alta-costura-valentino-verao-2014-7.jpg\"><img aria-describedby=\"caption-attachment-94436\" data-attachment-id=\"94436\" data-permalink=\"https:\/\/agrund.com\/index.php\/semana-de-alta-costura-valentino-verao-2014\/semana-de-alta-costura-valentino-verao-2014-7\/\" data-orig-file=\"https:\/\/i0.wp.com\/agrund.com\/wp-content\/uploads\/sites\/6\/2014\/01\/semana-de-alta-costura-valentino-verao-2014-7.jpg?fit=449%2C675&amp;ssl=1\" data-orig-size=\"449,675\" data-comments-opened=\"1\" data-image-meta=\"{&quot;aperture&quot;:&quot;6.3&quot;,&quot;credit&quot;:&quot;&quot;,&quot;camera&quot;:&quot;NIKON D4&quot;,&quot;caption&quot;:&quot;&quot;,&quot;created_timestamp&quot;:&quot;1390419051&quot;,&quot;copyright&quot;:&quot;Photo: Yannis Vlamos \\\/ Indigitalimages.com&quot;,&quot;focal_length&quot;:&quot;145&quot;,&quot;iso&quot;:&quot;1000&quot;,&quot;shutter_speed&quot;:&quot;0.002&quot;,&quot;title&quot;:&quot;&quot;}\" data-image-title=\"semana-de-alta-costura-valentino-verao-2014 (7)\" data-image-description=\"\" data-image-caption=\"&lt;p&gt;Semana de Alta Costura :: Valentino Ver\u00e3o 2014&lt;\/p&gt;\n\" data-medium-file=\"https:\/\/i0.wp.com\/agrund.com\/wp-content\/uploads\/sites\/6\/2014\/01\/semana-de-alta-costura-valentino-verao-2014-7.jpg?fit=199%2C300&amp;ssl=1\" data-large-file=\"https:\/\/i0.wp.com\/agrund.com\/wp-content\/uploads\/sites\/6\/2014\/01\/semana-de-alta-costura-valentino-verao-2014-7.jpg?fit=449%2C675&amp;ssl=1\" decoding=\"async\" loading=\"lazy\" class=\"size-large wp-image-94436\" alt=\"Semana de Alta Costura :: Valentino Ver\u00e3o 2014\" src=\"https:\/\/i0.wp.com\/www.agrund.com\/wp-content\/uploads\/sites\/6\/cache\/2014\/01\/semana-de-alta-costura-valentino-verao-2014-7\/3407625944.jpg?resize=449%2C675\" width=\"449\" height=\"675\" data-recalc-dims=\"1\" \/><\/a><p id=\"caption-attachment-94436\" class=\"wp-caption-text\">Semana de Alta Costura :: Valentino Ver\u00e3o 2014<\/p><\/div>\n<div id=\"attachment_94437\" style=\"width: 459px\" class=\"wp-caption aligncenter\"><a href=\"https:\/\/i0.wp.com\/www.agrund.com\/wp-content\/uploads\/sites\/6\/2014\/01\/semana-de-alta-costura-valentino-verao-2014-8.jpg\"><img aria-describedby=\"caption-attachment-94437\" data-attachment-id=\"94437\" data-permalink=\"https:\/\/agrund.com\/index.php\/semana-de-alta-costura-valentino-verao-2014\/semana-de-alta-costura-valentino-verao-2014-8\/\" data-orig-file=\"https:\/\/i0.wp.com\/agrund.com\/wp-content\/uploads\/sites\/6\/2014\/01\/semana-de-alta-costura-valentino-verao-2014-8.jpg?fit=449%2C675&amp;ssl=1\" data-orig-size=\"449,675\" data-comments-opened=\"1\" data-image-meta=\"{&quot;aperture&quot;:&quot;6.3&quot;,&quot;credit&quot;:&quot;&quot;,&quot;camera&quot;:&quot;NIKON D4&quot;,&quot;caption&quot;:&quot;&quot;,&quot;created_timestamp&quot;:&quot;1390419176&quot;,&quot;copyright&quot;:&quot;Photo: Yannis Vlamos \\\/ Indigitalimages.com&quot;,&quot;focal_length&quot;:&quot;200&quot;,&quot;iso&quot;:&quot;1000&quot;,&quot;shutter_speed&quot;:&quot;0.002&quot;,&quot;title&quot;:&quot;&quot;}\" data-image-title=\"semana-de-alta-costura-valentino-verao-2014 (8)\" data-image-description=\"\" data-image-caption=\"&lt;p&gt;Semana de Alta Costura :: Valentino Ver\u00e3o 2014&lt;\/p&gt;\n\" data-medium-file=\"https:\/\/i0.wp.com\/agrund.com\/wp-content\/uploads\/sites\/6\/2014\/01\/semana-de-alta-costura-valentino-verao-2014-8.jpg?fit=199%2C300&amp;ssl=1\" data-large-file=\"https:\/\/i0.wp.com\/agrund.com\/wp-content\/uploads\/sites\/6\/2014\/01\/semana-de-alta-costura-valentino-verao-2014-8.jpg?fit=449%2C675&amp;ssl=1\" decoding=\"async\" loading=\"lazy\" class=\"size-large wp-image-94437\" alt=\"Semana de Alta Costura :: Valentino Ver\u00e3o 2014\" src=\"https:\/\/i0.wp.com\/www.agrund.com\/wp-content\/uploads\/sites\/6\/cache\/2014\/01\/semana-de-alta-costura-valentino-verao-2014-8\/305933428.jpg?resize=449%2C675\" width=\"449\" height=\"675\" data-recalc-dims=\"1\" \/><\/a><p id=\"caption-attachment-94437\" class=\"wp-caption-text\">Semana de Alta Costura :: Valentino Ver\u00e3o 2014<\/p><\/div>\n<div id=\"attachment_94438\" style=\"width: 459px\" class=\"wp-caption aligncenter\"><a href=\"https:\/\/i0.wp.com\/www.agrund.com\/wp-content\/uploads\/sites\/6\/2014\/01\/semana-de-alta-costura-valentino-verao-2014-9.jpg\"><img aria-describedby=\"caption-attachment-94438\" data-attachment-id=\"94438\" data-permalink=\"https:\/\/agrund.com\/index.php\/semana-de-alta-costura-valentino-verao-2014\/semana-de-alta-costura-valentino-verao-2014-9\/\" data-orig-file=\"https:\/\/i0.wp.com\/agrund.com\/wp-content\/uploads\/sites\/6\/2014\/01\/semana-de-alta-costura-valentino-verao-2014-9.jpg?fit=449%2C675&amp;ssl=1\" data-orig-size=\"449,675\" data-comments-opened=\"1\" data-image-meta=\"{&quot;aperture&quot;:&quot;6.3&quot;,&quot;credit&quot;:&quot;&quot;,&quot;camera&quot;:&quot;NIKON D4&quot;,&quot;caption&quot;:&quot;&quot;,&quot;created_timestamp&quot;:&quot;1390419225&quot;,&quot;copyright&quot;:&quot;Photo: Yannis Vlamos \\\/ Indigitalimages.com&quot;,&quot;focal_length&quot;:&quot;200&quot;,&quot;iso&quot;:&quot;1000&quot;,&quot;shutter_speed&quot;:&quot;0.002&quot;,&quot;title&quot;:&quot;&quot;}\" data-image-title=\"semana-de-alta-costura-valentino-verao-2014 (9)\" data-image-description=\"\" data-image-caption=\"&lt;p&gt;Semana de Alta Costura :: Valentino Ver\u00e3o 2014&lt;\/p&gt;\n\" data-medium-file=\"https:\/\/i0.wp.com\/agrund.com\/wp-content\/uploads\/sites\/6\/2014\/01\/semana-de-alta-costura-valentino-verao-2014-9.jpg?fit=199%2C300&amp;ssl=1\" data-large-file=\"https:\/\/i0.wp.com\/agrund.com\/wp-content\/uploads\/sites\/6\/2014\/01\/semana-de-alta-costura-valentino-verao-2014-9.jpg?fit=449%2C675&amp;ssl=1\" decoding=\"async\" loading=\"lazy\" class=\"size-large wp-image-94438\" alt=\"Semana de Alta Costura :: Valentino Ver\u00e3o 2014\" src=\"https:\/\/i0.wp.com\/www.agrund.com\/wp-content\/uploads\/sites\/6\/cache\/2014\/01\/semana-de-alta-costura-valentino-verao-2014-9\/3734383850.jpg?resize=449%2C675\" width=\"449\" height=\"675\" data-recalc-dims=\"1\" \/><\/a><p id=\"caption-attachment-94438\" class=\"wp-caption-text\">Semana de Alta Costura :: Valentino Ver\u00e3o 2014<\/p><\/div>\n<div id=\"attachment_94439\" style=\"width: 459px\" class=\"wp-caption aligncenter\"><a href=\"https:\/\/i0.wp.com\/www.agrund.com\/wp-content\/uploads\/sites\/6\/2014\/01\/semana-de-alta-costura-valentino-verao-2014-10.jpg\"><img aria-describedby=\"caption-attachment-94439\" data-attachment-id=\"94439\" data-permalink=\"https:\/\/agrund.com\/index.php\/semana-de-alta-costura-valentino-verao-2014\/semana-de-alta-costura-valentino-verao-2014-10\/\" data-orig-file=\"https:\/\/i0.wp.com\/agrund.com\/wp-content\/uploads\/sites\/6\/2014\/01\/semana-de-alta-costura-valentino-verao-2014-10.jpg?fit=449%2C675&amp;ssl=1\" data-orig-size=\"449,675\" data-comments-opened=\"1\" data-image-meta=\"{&quot;aperture&quot;:&quot;6.3&quot;,&quot;credit&quot;:&quot;&quot;,&quot;camera&quot;:&quot;NIKON D4&quot;,&quot;caption&quot;:&quot;&quot;,&quot;created_timestamp&quot;:&quot;1390419287&quot;,&quot;copyright&quot;:&quot;Photo: Yannis Vlamos \\\/ Indigitalimages.com&quot;,&quot;focal_length&quot;:&quot;200&quot;,&quot;iso&quot;:&quot;1000&quot;,&quot;shutter_speed&quot;:&quot;0.002&quot;,&quot;title&quot;:&quot;&quot;}\" data-image-title=\"semana-de-alta-costura-valentino-verao-2014 (10)\" data-image-description=\"\" data-image-caption=\"&lt;p&gt;Semana de Alta Costura :: Valentino Ver\u00e3o 2014&lt;\/p&gt;\n\" data-medium-file=\"https:\/\/i0.wp.com\/agrund.com\/wp-content\/uploads\/sites\/6\/2014\/01\/semana-de-alta-costura-valentino-verao-2014-10.jpg?fit=199%2C300&amp;ssl=1\" data-large-file=\"https:\/\/i0.wp.com\/agrund.com\/wp-content\/uploads\/sites\/6\/2014\/01\/semana-de-alta-costura-valentino-verao-2014-10.jpg?fit=449%2C675&amp;ssl=1\" decoding=\"async\" loading=\"lazy\" class=\"size-large wp-image-94439\" alt=\"Semana de Alta Costura :: Valentino Ver\u00e3o 2014\" src=\"https:\/\/i0.wp.com\/www.agrund.com\/wp-content\/uploads\/sites\/6\/cache\/2014\/01\/semana-de-alta-costura-valentino-verao-2014-10\/1765686580.jpg?resize=449%2C675\" width=\"449\" height=\"675\" data-recalc-dims=\"1\" \/><\/a><p id=\"caption-attachment-94439\" class=\"wp-caption-text\">Semana de Alta Costura :: Valentino Ver\u00e3o 2014<\/p><\/div>\n<div id=\"attachment_94440\" style=\"width: 459px\" class=\"wp-caption aligncenter\"><a href=\"https:\/\/i0.wp.com\/www.agrund.com\/wp-content\/uploads\/sites\/6\/2014\/01\/semana-de-alta-costura-valentino-verao-2014-11.jpg\"><img aria-describedby=\"caption-attachment-94440\" data-attachment-id=\"94440\" data-permalink=\"https:\/\/agrund.com\/index.php\/semana-de-alta-costura-valentino-verao-2014\/semana-de-alta-costura-valentino-verao-2014-11\/\" data-orig-file=\"https:\/\/i0.wp.com\/agrund.com\/wp-content\/uploads\/sites\/6\/2014\/01\/semana-de-alta-costura-valentino-verao-2014-11.jpg?fit=449%2C675&amp;ssl=1\" data-orig-size=\"449,675\" data-comments-opened=\"1\" data-image-meta=\"{&quot;aperture&quot;:&quot;6.3&quot;,&quot;credit&quot;:&quot;&quot;,&quot;camera&quot;:&quot;NIKON D4&quot;,&quot;caption&quot;:&quot;&quot;,&quot;created_timestamp&quot;:&quot;1390419337&quot;,&quot;copyright&quot;:&quot;Photo: Yannis Vlamos \\\/ Indigitalimages.com&quot;,&quot;focal_length&quot;:&quot;200&quot;,&quot;iso&quot;:&quot;1000&quot;,&quot;shutter_speed&quot;:&quot;0.002&quot;,&quot;title&quot;:&quot;&quot;}\" data-image-title=\"semana-de-alta-costura-valentino-verao-2014 (11)\" data-image-description=\"\" data-image-caption=\"&lt;p&gt;Semana de Alta Costura :: Valentino Ver\u00e3o 2014&lt;\/p&gt;\n\" data-medium-file=\"https:\/\/i0.wp.com\/agrund.com\/wp-content\/uploads\/sites\/6\/2014\/01\/semana-de-alta-costura-valentino-verao-2014-11.jpg?fit=199%2C300&amp;ssl=1\" data-large-file=\"https:\/\/i0.wp.com\/agrund.com\/wp-content\/uploads\/sites\/6\/2014\/01\/semana-de-alta-costura-valentino-verao-2014-11.jpg?fit=449%2C675&amp;ssl=1\" decoding=\"async\" loading=\"lazy\" class=\"size-large wp-image-94440\" alt=\"Semana de Alta Costura :: Valentino Ver\u00e3o 2014\" src=\"https:\/\/i0.wp.com\/www.agrund.com\/wp-content\/uploads\/sites\/6\/cache\/2014\/01\/semana-de-alta-costura-valentino-verao-2014-11\/2777955754.jpg?resize=449%2C675\" width=\"449\" height=\"675\" data-recalc-dims=\"1\" \/><\/a><p id=\"caption-attachment-94440\" class=\"wp-caption-text\">Semana de Alta Costura :: Valentino Ver\u00e3o 2014<\/p><\/div>\n<div id=\"attachment_94441\" style=\"width: 459px\" class=\"wp-caption aligncenter\"><a href=\"https:\/\/i0.wp.com\/www.agrund.com\/wp-content\/uploads\/sites\/6\/2014\/01\/semana-de-alta-costura-valentino-verao-2014-12.jpg\"><img aria-describedby=\"caption-attachment-94441\" data-attachment-id=\"94441\" data-permalink=\"https:\/\/agrund.com\/index.php\/semana-de-alta-costura-valentino-verao-2014\/semana-de-alta-costura-valentino-verao-2014-12\/\" data-orig-file=\"https:\/\/i0.wp.com\/agrund.com\/wp-content\/uploads\/sites\/6\/2014\/01\/semana-de-alta-costura-valentino-verao-2014-12.jpg?fit=449%2C675&amp;ssl=1\" data-orig-size=\"449,675\" data-comments-opened=\"1\" data-image-meta=\"{&quot;aperture&quot;:&quot;6.3&quot;,&quot;credit&quot;:&quot;&quot;,&quot;camera&quot;:&quot;NIKON D4&quot;,&quot;caption&quot;:&quot;&quot;,&quot;created_timestamp&quot;:&quot;1390419375&quot;,&quot;copyright&quot;:&quot;Photo: Yannis Vlamos \\\/ Indigitalimages.com&quot;,&quot;focal_length&quot;:&quot;135&quot;,&quot;iso&quot;:&quot;1000&quot;,&quot;shutter_speed&quot;:&quot;0.002&quot;,&quot;title&quot;:&quot;&quot;}\" data-image-title=\"semana-de-alta-costura-valentino-verao-2014 (12)\" data-image-description=\"\" data-image-caption=\"&lt;p&gt;Semana de Alta Costura :: Valentino Ver\u00e3o 2014&lt;\/p&gt;\n\" data-medium-file=\"https:\/\/i0.wp.com\/agrund.com\/wp-content\/uploads\/sites\/6\/2014\/01\/semana-de-alta-costura-valentino-verao-2014-12.jpg?fit=199%2C300&amp;ssl=1\" data-large-file=\"https:\/\/i0.wp.com\/agrund.com\/wp-content\/uploads\/sites\/6\/2014\/01\/semana-de-alta-costura-valentino-verao-2014-12.jpg?fit=449%2C675&amp;ssl=1\" decoding=\"async\" loading=\"lazy\" class=\"size-large wp-image-94441\" alt=\"Semana de Alta Costura :: Valentino Ver\u00e3o 2014\" src=\"https:\/\/i0.wp.com\/www.agrund.com\/wp-content\/uploads\/sites\/6\/cache\/2014\/01\/semana-de-alta-costura-valentino-verao-2014-12\/723204681.jpg?resize=449%2C675\" width=\"449\" height=\"675\" data-recalc-dims=\"1\" \/><\/a><p id=\"caption-attachment-94441\" class=\"wp-caption-text\">Semana de Alta Costura :: Valentino Ver\u00e3o 2014<\/p><\/div>\n<div id=\"attachment_94442\" style=\"width: 459px\" class=\"wp-caption aligncenter\"><a href=\"https:\/\/i0.wp.com\/www.agrund.com\/wp-content\/uploads\/sites\/6\/2014\/01\/semana-de-alta-costura-valentino-verao-2014-13.jpg\"><img aria-describedby=\"caption-attachment-94442\" data-attachment-id=\"94442\" data-permalink=\"https:\/\/agrund.com\/index.php\/semana-de-alta-costura-valentino-verao-2014\/semana-de-alta-costura-valentino-verao-2014-13\/\" data-orig-file=\"https:\/\/i0.wp.com\/agrund.com\/wp-content\/uploads\/sites\/6\/2014\/01\/semana-de-alta-costura-valentino-verao-2014-13.jpg?fit=449%2C675&amp;ssl=1\" data-orig-size=\"449,675\" data-comments-opened=\"1\" data-image-meta=\"{&quot;aperture&quot;:&quot;6.3&quot;,&quot;credit&quot;:&quot;&quot;,&quot;camera&quot;:&quot;NIKON D4&quot;,&quot;caption&quot;:&quot;&quot;,&quot;created_timestamp&quot;:&quot;1390419400&quot;,&quot;copyright&quot;:&quot;Photo: Yannis Vlamos \\\/ Indigitalimages.com&quot;,&quot;focal_length&quot;:&quot;200&quot;,&quot;iso&quot;:&quot;1000&quot;,&quot;shutter_speed&quot;:&quot;0.002&quot;,&quot;title&quot;:&quot;&quot;}\" data-image-title=\"semana-de-alta-costura-valentino-verao-2014 (13)\" data-image-description=\"\" data-image-caption=\"&lt;p&gt;Semana de Alta Costura :: Valentino Ver\u00e3o 2014&lt;\/p&gt;\n\" data-medium-file=\"https:\/\/i0.wp.com\/agrund.com\/wp-content\/uploads\/sites\/6\/2014\/01\/semana-de-alta-costura-valentino-verao-2014-13.jpg?fit=199%2C300&amp;ssl=1\" data-large-file=\"https:\/\/i0.wp.com\/agrund.com\/wp-content\/uploads\/sites\/6\/2014\/01\/semana-de-alta-costura-valentino-verao-2014-13.jpg?fit=449%2C675&amp;ssl=1\" decoding=\"async\" loading=\"lazy\" class=\"size-large wp-image-94442\" alt=\"Semana de Alta Costura :: Valentino Ver\u00e3o 2014\" src=\"https:\/\/i0.wp.com\/www.agrund.com\/wp-content\/uploads\/sites\/6\/cache\/2014\/01\/semana-de-alta-costura-valentino-verao-2014-13\/3887151831.jpg?resize=449%2C675\" width=\"449\" height=\"675\" data-recalc-dims=\"1\" \/><\/a><p id=\"caption-attachment-94442\" class=\"wp-caption-text\">Semana de Alta Costura :: Valentino Ver\u00e3o 2014<\/p><\/div>\n<div id=\"attachment_94443\" style=\"width: 459px\" class=\"wp-caption aligncenter\"><a href=\"https:\/\/i0.wp.com\/www.agrund.com\/wp-content\/uploads\/sites\/6\/2014\/01\/semana-de-alta-costura-valentino-verao-2014-14.jpg\"><img aria-describedby=\"caption-attachment-94443\" data-attachment-id=\"94443\" data-permalink=\"https:\/\/agrund.com\/index.php\/semana-de-alta-costura-valentino-verao-2014\/semana-de-alta-costura-valentino-verao-2014-14\/\" data-orig-file=\"https:\/\/i0.wp.com\/agrund.com\/wp-content\/uploads\/sites\/6\/2014\/01\/semana-de-alta-costura-valentino-verao-2014-14.jpg?fit=449%2C675&amp;ssl=1\" data-orig-size=\"449,675\" data-comments-opened=\"1\" data-image-meta=\"{&quot;aperture&quot;:&quot;6.3&quot;,&quot;credit&quot;:&quot;&quot;,&quot;camera&quot;:&quot;NIKON D4&quot;,&quot;caption&quot;:&quot;&quot;,&quot;created_timestamp&quot;:&quot;1390418952&quot;,&quot;copyright&quot;:&quot;Photo: Yannis Vlamos \\\/ Indigitalimages.com&quot;,&quot;focal_length&quot;:&quot;200&quot;,&quot;iso&quot;:&quot;1000&quot;,&quot;shutter_speed&quot;:&quot;0.002&quot;,&quot;title&quot;:&quot;&quot;}\" data-image-title=\"semana-de-alta-costura-valentino-verao-2014 (14)\" data-image-description=\"\" data-image-caption=\"&lt;p&gt;Semana de Alta Costura :: Valentino Ver\u00e3o 2014&lt;\/p&gt;\n\" data-medium-file=\"https:\/\/i0.wp.com\/agrund.com\/wp-content\/uploads\/sites\/6\/2014\/01\/semana-de-alta-costura-valentino-verao-2014-14.jpg?fit=199%2C300&amp;ssl=1\" data-large-file=\"https:\/\/i0.wp.com\/agrund.com\/wp-content\/uploads\/sites\/6\/2014\/01\/semana-de-alta-costura-valentino-verao-2014-14.jpg?fit=449%2C675&amp;ssl=1\" decoding=\"async\" loading=\"lazy\" class=\"size-large wp-image-94443\" alt=\"Semana de Alta Costura :: Valentino Ver\u00e3o 2014\" src=\"https:\/\/i0.wp.com\/www.agrund.com\/wp-content\/uploads\/sites\/6\/cache\/2014\/01\/semana-de-alta-costura-valentino-verao-2014-14\/3983815630.jpg?resize=449%2C675\" width=\"449\" height=\"675\" data-recalc-dims=\"1\" \/><\/a><p id=\"caption-attachment-94443\" class=\"wp-caption-text\">Semana de Alta Costura :: Valentino Ver\u00e3o 2014<\/p><\/div>\n<div id=\"attachment_94444\" style=\"width: 459px\" class=\"wp-caption aligncenter\"><a href=\"https:\/\/i0.wp.com\/www.agrund.com\/wp-content\/uploads\/sites\/6\/2014\/01\/semana-de-alta-costura-valentino-verao-2014-15.jpg\"><img aria-describedby=\"caption-attachment-94444\" data-attachment-id=\"94444\" data-permalink=\"https:\/\/agrund.com\/index.php\/semana-de-alta-costura-valentino-verao-2014\/semana-de-alta-costura-valentino-verao-2014-15\/\" data-orig-file=\"https:\/\/i0.wp.com\/agrund.com\/wp-content\/uploads\/sites\/6\/2014\/01\/semana-de-alta-costura-valentino-verao-2014-15.jpg?fit=449%2C675&amp;ssl=1\" data-orig-size=\"449,675\" data-comments-opened=\"1\" data-image-meta=\"{&quot;aperture&quot;:&quot;5.6&quot;,&quot;credit&quot;:&quot;&quot;,&quot;camera&quot;:&quot;NIKON D4&quot;,&quot;caption&quot;:&quot;&quot;,&quot;created_timestamp&quot;:&quot;1390419584&quot;,&quot;copyright&quot;:&quot;Photo: Yannis Vlamos \\\/ Indigitalimages.com&quot;,&quot;focal_length&quot;:&quot;140&quot;,&quot;iso&quot;:&quot;1000&quot;,&quot;shutter_speed&quot;:&quot;0.002&quot;,&quot;title&quot;:&quot;&quot;}\" data-image-title=\"semana-de-alta-costura-valentino-verao-2014 (15)\" data-image-description=\"\" data-image-caption=\"&lt;p&gt;Semana de Alta Costura :: Valentino Ver\u00e3o 2014&lt;\/p&gt;\n\" data-medium-file=\"https:\/\/i0.wp.com\/agrund.com\/wp-content\/uploads\/sites\/6\/2014\/01\/semana-de-alta-costura-valentino-verao-2014-15.jpg?fit=199%2C300&amp;ssl=1\" data-large-file=\"https:\/\/i0.wp.com\/agrund.com\/wp-content\/uploads\/sites\/6\/2014\/01\/semana-de-alta-costura-valentino-verao-2014-15.jpg?fit=449%2C675&amp;ssl=1\" decoding=\"async\" loading=\"lazy\" class=\"size-large wp-image-94444\" alt=\"Semana de Alta Costura :: Valentino Ver\u00e3o 2014\" src=\"https:\/\/i0.wp.com\/www.agrund.com\/wp-content\/uploads\/sites\/6\/cache\/2014\/01\/semana-de-alta-costura-valentino-verao-2014-15\/568210256.jpg?resize=449%2C675\" width=\"449\" height=\"675\" data-recalc-dims=\"1\" \/><\/a><p id=\"caption-attachment-94444\" class=\"wp-caption-text\">Semana de Alta Costura :: Valentino Ver\u00e3o 2014<\/p><\/div>\n<p>Imagens: Reprodu\u00e7\u00e3o.<\/p>\n","protected":false},"excerpt":{"rendered":"<p>Para a cole\u00e7\u00e3o de alta costura da Maison Valentino Ver\u00e3o 2014, a dupla de estilistas Maria Grazia Chiuri Valentino e Pierpaolo Piccioli mergulhou nos arquivos e arm\u00e1rios da \u00d3pera de Roma. O primeiro vestido reproduz uma partitura de m\u00fasica. Alguns artes\u00f5es do teatro italiano foram convidados a trabalhar nessa cole\u00e7\u00e3o para executar aplica\u00e7\u00f5es. E o [&hellip;]<\/p>\n","protected":false},"author":1,"featured_media":94445,"comment_status":"open","ping_status":"open","sticky":false,"template":"","format":"standard","meta":{"jetpack_post_was_ever_published":false,"_jetpack_newsletter_access":"","jetpack_publicize_message":"","jetpack_is_tweetstorm":false,"jetpack_publicize_feature_enabled":true,"jetpack_social_post_already_shared":true,"jetpack_social_options":{"image_generator_settings":{"template":"highway","enabled":false}}},"categories":[9,2],"tags":[],"jetpack_publicize_connections":[],"jetpack_featured_media_url":"https:\/\/i0.wp.com\/agrund.com\/wp-content\/uploads\/sites\/6\/2014\/01\/slide139.jpg?fit=960%2C300&ssl=1","jetpack_sharing_enabled":true,"jetpack_shortlink":"https:\/\/wp.me\/p3Hz0n-oz3","jetpack_likes_enabled":true,"_links":{"self":[{"href":"https:\/\/agrund.com\/index.php\/wp-json\/wp\/v2\/posts\/94429"}],"collection":[{"href":"https:\/\/agrund.com\/index.php\/wp-json\/wp\/v2\/posts"}],"about":[{"href":"https:\/\/agrund.com\/index.php\/wp-json\/wp\/v2\/types\/post"}],"author":[{"embeddable":true,"href":"https:\/\/agrund.com\/index.php\/wp-json\/wp\/v2\/users\/1"}],"replies":[{"embeddable":true,"href":"https:\/\/agrund.com\/index.php\/wp-json\/wp\/v2\/comments?post=94429"}],"version-history":[{"count":0,"href":"https:\/\/agrund.com\/index.php\/wp-json\/wp\/v2\/posts\/94429\/revisions"}],"wp:featuredmedia":[{"embeddable":true,"href":"https:\/\/agrund.com\/index.php\/wp-json\/wp\/v2\/media\/94445"}],"wp:attachment":[{"href":"https:\/\/agrund.com\/index.php\/wp-json\/wp\/v2\/media?parent=94429"}],"wp:term":[{"taxonomy":"category","embeddable":true,"href":"https:\/\/agrund.com\/index.php\/wp-json\/wp\/v2\/categories?post=94429"},{"taxonomy":"post_tag","embeddable":true,"href":"https:\/\/agrund.com\/index.php\/wp-json\/wp\/v2\/tags?post=94429"}],"curies":[{"name":"wp","href":"https:\/\/api.w.org\/{rel}","templated":true}]}}